{"id":10075,"date":"2022-10-20T13:18:58","date_gmt":"2022-10-20T11:18:58","guid":{"rendered":"https:\/\/www.willi-graf-schulen.de\/gymnasium\/?p=10075"},"modified":"2022-12-27T09:21:56","modified_gmt":"2022-12-27T08:21:56","slug":"politik","status":"publish","type":"post","link":"https:\/\/www.willi-graf-schulen.de\/gymnasium\/politik\/","title":{"rendered":"Politik"},"content":{"rendered":"\t\t<div data-elementor-type=\"wp-post\" data-elementor-id=\"10075\" class=\"elementor elementor-10075\" data-elementor-post-type=\"post\">\n\t\t\t\t\t\t<section class=\"elementor-section elementor-top-section elementor-element elementor-element-544ef03 elementor-section-boxed elementor-section-height-default elementor-section-height-default\" data-id=\"544ef03\" data-element_type=\"section\" data-e-type=\"section\" data-settings=\"{&quot;jet_parallax_layout_list&quot;:[]}\">\n\t\t\t\t\t\t<div class=\"elementor-container elementor-column-gap-default\">\n\t\t\t\t\t<div class=\"elementor-column elementor-col-100 elementor-top-column elementor-element elementor-element-87556ab\" data-id=\"87556ab\" data-element_type=\"column\" data-e-type=\"column\">\n\t\t\t<div class=\"elementor-widget-wrap elementor-element-populated\">\n\t\t\t\t\t\t<div class=\"elementor-element elementor-element-b0cb33b elementor-widget elementor-widget-text-editor\" data-id=\"b0cb33b\" data-element_type=\"widget\" data-e-type=\"widget\" data-widget_type=\"text-editor.default\">\n\t\t\t\t<div class=\"elementor-widget-container\">\n\t\t\t\t\t\t\t\t\t<h3>Ziele des Faches:<\/h3><p>Das Fach Sozialkunde\/Politik befasst sich mit den Grundlagen, Erscheinungsformen und<br \/>Entwicklungen des menschlichen Zusammenlebens innerhalb der staatlichen und der internationalen<br \/>Gemeinschaft. Unser Unterricht versucht unter besonderer Ber\u00fccksichtigung des Grundsatzstatuts<br \/>des Willi-Graf-Gymnasiums die Entwicklung von Selbst- und Mitbestimmung des Einzelnen im Sinne<br \/>staatsb\u00fcrgerlicher M\u00fcndigkeit und sozialer Verantwortung zu f\u00f6rdern.<\/p><p>\u00a0<\/p><h3>Motivation:<\/h3><p>Durch verschiedene didaktische Formen soll die Bereitschaft<br \/>der Sch\u00fcler*innen gef\u00f6rdert werden, sich f\u00fcr grundlegende und tagesaktuelle politische und<br \/>gesellschaftliche Themen zu interessieren und sich im Rahmen eines Meinungsbildungsprozesses<br \/>damit auseinanderzusetzen.<br \/>Die Sch\u00fcler*innen reflektieren und verstehen, dass auch Schule demokratischen Prozessen unterliegt<br \/>und dass es auch im Umfeld von Schule darum geht, das gemeinsame Miteinander demokratisch und<br \/>pluralistisch zu gestalten. Die Sch\u00fcler*innen verstehen und reflektieren demokratische Prozesse<br \/>daher nicht nur anhand des Unterrichtsgeschehens, sondern leben Demokratie im schulischen<br \/>Umfeld (z.B. Wahl des Klassensprechers, SV-Arbeit).<\/p><p>\u00a0<\/p><h3>Unterrichtsthemen:<\/h3><p>Neben grundlegenden Kenntnissen \u00fcber politische Strukturen auf den verschiedenen politischen<br \/>Ebenen sollen Einblicke in die Bedeutung von Grundlagen unseres sozialen Zusammenlebens<br \/>gegeben werden. Ebenso soll die Bedeutung der europ\u00e4ischen Integration und internationaler<br \/>Organisationen verdeutlicht werden.<\/p><p>\u00a0<\/p><h3>Kritischer Umgang mit (sozialen) Medien<\/h3><p>In Zeiten von nahezu unbegrenztem Informationszugang ist es wichtig, den Sch\u00fcler*innen einen<br \/>kritischen und reflektierten Umgang mit digitalen Medien zu erm\u00f6glichen. Im Rahmen des<br \/>Politikunterrichts wird hierzu in Klassenstufe 9 intensiv \u00fcber die Preisgabe von pers\u00f6nlichen Daten<br \/>und \u00fcber Internetsicherheit im Allgemeinen (z.B. Umgang mit Passw\u00f6rtern) diskutiert. Dar\u00fcber<br \/>hinaus lernen die Sch\u00fcler*innen aber auch, die Qualit\u00e4t bestimmter Medien zu beurteilen und damit<br \/>zu reflektieren, wie vertrauensw\u00fcrdig Informationen aus unterschiedlichen Medien sind. Au\u00dferdem<br \/>wird auch die Rolle der Massenmedien im politischen Kommunikationsgeschehen kritisch<br \/>beleuchtet.<\/p><p>\u00a0<\/p><h3>Ausstattung:<\/h3><p>Im Unterricht werden sowohl Lehrwerke als auch digitale Medien eingesetzt, um die<br \/>Bandbreite des didaktischen Anspruchs erf\u00fcllen zu k\u00f6nnen.<\/p><p>\u00a0<\/p><h3>Unterrichtsverteilung:<\/h3><p>zweist\u00fcndig in Klasse 9 und 10 (Einf\u00fchrungsphase\u00a0GOS)<\/p><p>f\u00fcnfst\u00fcndiger L-Kurs und dreist\u00fcndiger G-Kurs in der\u00a0GOS<\/p>\t\t\t\t\t\t\t\t<\/div>\n\t\t\t\t<\/div>\n\t\t\t\t\t<\/div>\n\t\t<\/div>\n\t\t\t\t\t<\/div>\n\t\t<\/section>\n\t\t\t\t<section class=\"elementor-section elementor-top-section elementor-element elementor-element-c60d61b elementor-section-boxed elementor-section-height-default elementor-section-height-default\" data-id=\"c60d61b\" data-element_type=\"section\" data-e-type=\"section\" data-settings=\"{&quot;jet_parallax_layout_list&quot;:[]}\">\n\t\t\t\t\t\t<div class=\"elementor-container elementor-column-gap-default\">\n\t\t\t\t\t<div class=\"elementor-column elementor-col-100 elementor-top-column elementor-element elementor-element-723de86\" data-id=\"723de86\" data-element_type=\"column\" data-e-type=\"column\">\n\t\t\t<div class=\"elementor-widget-wrap elementor-element-populated\">\n\t\t\t\t\t\t<section class=\"elementor-section elementor-inner-section elementor-element elementor-element-32fea77 elementor-section-boxed elementor-section-height-default elementor-section-height-default\" data-id=\"32fea77\" data-element_type=\"section\" data-e-type=\"section\" data-settings=\"{&quot;jet_parallax_layout_list&quot;:[]}\">\n\t\t\t\t\t\t<div class=\"elementor-container elementor-column-gap-default\">\n\t\t\t\t\t<div class=\"elementor-column elementor-col-50 elementor-inner-column elementor-element elementor-element-86994a3\" data-id=\"86994a3\" data-element_type=\"column\" data-e-type=\"column\">\n\t\t\t<div class=\"elementor-widget-wrap elementor-element-populated\">\n\t\t\t\t\t\t<div class=\"elementor-element elementor-element-57cf2fd elementor-widget elementor-widget-text-editor\" data-id=\"57cf2fd\" data-element_type=\"widget\" data-e-type=\"widget\" data-widget_type=\"text-editor.default\">\n\t\t\t\t<div class=\"elementor-widget-container\">\n\t\t\t\t\t\t\t\t\t<h4>Fachlehrer:innen:<\/h4><p>Dr. Tim Kallenborn<\/p><p>Stefan Kilz<\/p><p>Christina Radermacher<\/p><p>Sabine Schlegel<\/p>\t\t\t\t\t\t\t\t<\/div>\n\t\t\t\t<\/div>\n\t\t\t\t\t<\/div>\n\t\t<\/div>\n\t\t\t\t<div class=\"elementor-column elementor-col-50 elementor-inner-column elementor-element elementor-element-d7d0b28\" data-id=\"d7d0b28\" data-element_type=\"column\" data-e-type=\"column\">\n\t\t\t<div class=\"elementor-widget-wrap elementor-element-populated\">\n\t\t\t\t\t\t<div class=\"elementor-element elementor-element-b3ae4ed elementor-widget elementor-widget-text-editor\" data-id=\"b3ae4ed\" data-element_type=\"widget\" data-e-type=\"widget\" data-widget_type=\"text-editor.default\">\n\t\t\t\t<div class=\"elementor-widget-container\">\n\t\t\t\t\t\t\t\t\t<h4>Projekte:<\/h4><ul><li>Teilnahme an Juniorwahlen (Bundestags- und Landtagswahl)<\/li><li>Durchf\u00fchrung von Unterrichtsg\u00e4ngen (Gerichtsbesuch, Besuch der Universit\u00e4t im Rahmen von\u00a0Europaprojekten)<\/li><li>Durchf\u00fchrung des mehrt\u00e4gigen Planspiels POL&amp;IS(Politik und internationale Sicherheit) am\u00a0WGG:\u00a02017,\u00a02016,\u00a02015,\u00a02014,\u00a02013,\u00a02012<\/li><li>Politik Stufe 11 &#8211; Planspiel zum Syrien-Konflikt (2019)<\/li><li>Europ\u00e4isches Jugendforum<\/li><\/ul>\t\t\t\t\t\t\t\t<\/div>\n\t\t\t\t<\/div>\n\t\t\t\t\t<\/div>\n\t\t<\/div>\n\t\t\t\t\t<\/div>\n\t\t<\/section>\n\t\t\t\t\t<\/div>\n\t\t<\/div>\n\t\t\t\t\t<\/div>\n\t\t<\/section>\n\t\t\t\t<\/div>\n\t\t","protected":false},"excerpt":{"rendered":"<p>Ziele des Faches: Das Fach Sozialkunde\/Politik befasst sich mit den Grundlagen, Erscheinungsformen undEntwicklungen des menschlichen Zusammenlebens innerhalb der staatlichen und der internationalenGemeinschaft. Unser Unterricht versucht unter besonderer Ber\u00fccksichtigung des Grundsatzstatutsdes Willi-Graf-Gymnasiums die Entwicklung von Selbst- und Mitbestimmung des Einzelnen im Sinnestaatsb\u00fcrgerlicher M\u00fcndigkeit und sozialer Verantwortung zu f\u00f6rdern. \u00a0 Motivation: Durch verschiedene didaktische Formen soll die [&hellip;]<\/p>\n","protected":false},"author":4,"featured_media":0,"comment_status":"open","ping_status":"open","sticky":false,"template":"","format":"standard","meta":{"footnotes":""},"categories":[1],"tags":[],"class_list":["post-10075","post","type-post","status-publish","format-standard","hentry","category-dein-weg-am-wgg"],"_links":{"self":[{"href":"https:\/\/www.willi-graf-schulen.de\/gymnasium\/wp-json\/wp\/v2\/posts\/10075","targetHints":{"allow":["GET"]}}],"collection":[{"href":"https:\/\/www.willi-graf-schulen.de\/gymnasium\/wp-json\/wp\/v2\/posts"}],"about":[{"href":"https:\/\/www.willi-graf-schulen.de\/gymnasium\/wp-json\/wp\/v2\/types\/post"}],"author":[{"embeddable":true,"href":"https:\/\/www.willi-graf-schulen.de\/gymnasium\/wp-json\/wp\/v2\/users\/4"}],"replies":[{"embeddable":true,"href":"https:\/\/www.willi-graf-schulen.de\/gymnasium\/wp-json\/wp\/v2\/comments?post=10075"}],"version-history":[{"count":10,"href":"https:\/\/www.willi-graf-schulen.de\/gymnasium\/wp-json\/wp\/v2\/posts\/10075\/revisions"}],"predecessor-version":[{"id":11486,"href":"https:\/\/www.willi-graf-schulen.de\/gymnasium\/wp-json\/wp\/v2\/posts\/10075\/revisions\/11486"}],"wp:attachment":[{"href":"https:\/\/www.willi-graf-schulen.de\/gymnasium\/wp-json\/wp\/v2\/media?parent=10075"}],"wp:term":[{"taxonomy":"category","embeddable":true,"href":"https:\/\/www.willi-graf-schulen.de\/gymnasium\/wp-json\/wp\/v2\/categories?post=10075"},{"taxonomy":"post_tag","embeddable":true,"href":"https:\/\/www.willi-graf-schulen.de\/gymnasium\/wp-json\/wp\/v2\/tags?post=10075"}],"curies":[{"name":"wp","href":"https:\/\/api.w.org\/{rel}","templated":true}]}}