{"id":10740,"date":"2022-12-18T16:21:13","date_gmt":"2022-12-18T15:21:13","guid":{"rendered":"https:\/\/www.willi-graf-schulen.de\/gymnasium\/?p=10740"},"modified":"2024-09-11T19:43:38","modified_gmt":"2024-09-11T17:43:38","slug":"foerderunterricht","status":"publish","type":"post","link":"https:\/\/www.willi-graf-schulen.de\/gymnasium\/foerderunterricht\/","title":{"rendered":"F\u00f6rderunterricht"},"content":{"rendered":"\t\t<div data-elementor-type=\"wp-post\" data-elementor-id=\"10740\" class=\"elementor elementor-10740\" data-elementor-post-type=\"post\">\n\t\t\t\t\t\t<section class=\"elementor-section elementor-top-section elementor-element elementor-element-b79712c elementor-section-boxed elementor-section-height-default elementor-section-height-default\" data-id=\"b79712c\" data-element_type=\"section\" data-e-type=\"section\" data-settings=\"{&quot;jet_parallax_layout_list&quot;:[]}\">\n\t\t\t\t\t\t<div class=\"elementor-container elementor-column-gap-default\">\n\t\t\t\t\t<div class=\"elementor-column elementor-col-100 elementor-top-column elementor-element elementor-element-a250e1d\" data-id=\"a250e1d\" data-element_type=\"column\" data-e-type=\"column\">\n\t\t\t<div class=\"elementor-widget-wrap elementor-element-populated\">\n\t\t\t\t\t\t<div class=\"elementor-element elementor-element-703510e elementor-widget elementor-widget-text-editor\" data-id=\"703510e\" data-element_type=\"widget\" data-e-type=\"widget\" data-widget_type=\"text-editor.default\">\n\t\t\t\t<div class=\"elementor-widget-container\">\n\t\t\t\t\t\t\t\t\t<h3><span style=\"font-weight: 400\">F\u00f6rderunterricht Stufe 5<\/span><\/h3><p><span style=\"font-weight: 400\">Gerade am Beginn der Gymnasialzeit ist individuelle F\u00f6rderung besonders wichtig. Dies gilt umso\u00a0<\/span><span style=\"font-weight: 400\">mehr, weil die Kinder in der Regel mit unterschiedlichem Lernstand von verschiedenen Grundschulen\u00a0<\/span><span style=\"font-weight: 400\">zu uns kommen und in einem neuen Klassenverband zusammengefasst werden.<\/span><span style=\"font-weight: 400\"><br \/><\/span><span style=\"font-weight: 400\">Aus diesem Grund m\u00f6chten wir unseren Sch\u00fclerinnen und Sch\u00fclern Unterst\u00fctzung anbieten, wenn\u00a0<\/span><span style=\"font-weight: 400\">Lernschwierigkeiten auftreten und gleichzeitig ihre Kompetenzen in den Kernf\u00e4chern st\u00e4rken.<\/span><span style=\"font-weight: 400\"><br \/><\/span><span style=\"font-weight: 400\">Im Anschluss an den Fachunterricht finden in den Kernf\u00e4chern sog. Intensivierungsstunden statt. Hier\u00a0<\/span><span style=\"font-weight: 400\">bieten wir unseren Sch\u00fclerinnen und Sch\u00fclern Hilfe an, um aktuelle Fragen zum Unterricht\u00a0<\/span><span style=\"font-weight: 400\">aufzugreifen, sie bei der Anfertigung von Hausaufgaben zu unterst\u00fctzen, Klassenarbeiten\u00a0<\/span><span style=\"font-weight: 400\">vorzubereiten und Lerndefizite aufzuarbeiten.<\/span><\/p><p>Hier finden Sie je eine \u00dcbersicht des Schuljahres 2024\/25 <span style=\"letter-spacing: 0px\">zum <\/span><a href=\"https:\/\/www.willi-graf-schulen.de\/gymnasium\/wp-content\/uploads\/sites\/5\/2024\/09\/Foerderkonzept-5er_neu.pdf\">F\u00f6rderunterricht der Stufe 5.<\/a><\/p><h3><span style=\"font-weight: 400\">F\u00f6rderunterricht Stufe 6 \u2013 12<\/span><\/h3><p><span style=\"font-weight: 400\">In den Klassenstufen 6 \u2013 10 bieten wir Intensivierungsstunden in allen Kernf\u00e4chern an, um wichtige\u00a0<\/span><span style=\"font-weight: 400\">Stoffgebiete zu sichern und Grundkenntnisse zu wiederholen.<\/span><\/p><p><span style=\"font-weight: 400\">In diesen Intensivierungsstunden k\u00f6nnen L\u00fccken aufgearbeitet, Fragen zum aktuellen Lernstoff\u00a0<\/span><span style=\"font-weight: 400\">gestellt sowie Klassenarbeiten und \u00dcberpr\u00fcfungen vorbereitet werden. Die Teilnahme an den\u00a0<\/span><span style=\"font-weight: 400\">Intensivierungsstunden ist freiwillig. Sollte jedoch bei den Sch\u00fclerinnen und Sch\u00fclern der\u00a0<\/span><span style=\"font-weight: 400\">Jahrgangsstufen 6 &#8211; 10 F\u00f6rderbedarf festgestellt werden, empfehlen die Fachlehrer die Teilnahme an\u00a0<\/span><span style=\"font-weight: 400\">der F\u00f6rderstunde. Die Sch\u00fclerinnen und Sch\u00fcler bzw. die Eltern werden in diesem Fall schriftlich \u00fcber<\/span><span style=\"font-weight: 400\"><br \/><\/span><span style=\"font-weight: 400\">die Notwendigkeit zur Teilnahme am F\u00f6rderunterricht informiert.<\/span><\/p><p><span style=\"letter-spacing: 0px\">Hier finden Sie je eine \u00dcbersicht des Schuljahres 2024\/25 <\/span>zum <a href=\"https:\/\/www.willi-graf-schulen.de\/gymnasium\/wp-content\/uploads\/sites\/5\/2024\/09\/Foerderkonzept-6er_neu.pdf\">F\u00f6rderunterricht der\u00a0Stufen 6-12.<\/a><\/p>\t\t\t\t\t\t\t\t<\/div>\n\t\t\t\t<\/div>\n\t\t\t\t\t<\/div>\n\t\t<\/div>\n\t\t\t\t\t<\/div>\n\t\t<\/section>\n\t\t\t\t<\/div>\n\t\t","protected":false},"excerpt":{"rendered":"<p>F\u00f6rderunterricht Stufe 5 Gerade am Beginn der Gymnasialzeit ist individuelle F\u00f6rderung besonders wichtig. Dies gilt umso\u00a0mehr, weil die Kinder in der Regel mit unterschiedlichem Lernstand von verschiedenen Grundschulen\u00a0zu uns kommen und in einem neuen Klassenverband zusammengefasst werden.Aus diesem Grund m\u00f6chten wir unseren Sch\u00fclerinnen und Sch\u00fclern Unterst\u00fctzung anbieten, wenn\u00a0Lernschwierigkeiten auftreten und gleichzeitig ihre Kompetenzen in den [&hellip;]<\/p>\n","protected":false},"author":4,"featured_media":0,"comment_status":"open","ping_status":"open","sticky":false,"template":"","format":"standard","meta":{"footnotes":""},"categories":[1],"tags":[],"class_list":["post-10740","post","type-post","status-publish","format-standard","hentry","category-dein-weg-am-wgg"],"_links":{"self":[{"href":"https:\/\/www.willi-graf-schulen.de\/gymnasium\/wp-json\/wp\/v2\/posts\/10740","targetHints":{"allow":["GET"]}}],"collection":[{"href":"https:\/\/www.willi-graf-schulen.de\/gymnasium\/wp-json\/wp\/v2\/posts"}],"about":[{"href":"https:\/\/www.willi-graf-schulen.de\/gymnasium\/wp-json\/wp\/v2\/types\/post"}],"author":[{"embeddable":true,"href":"https:\/\/www.willi-graf-schulen.de\/gymnasium\/wp-json\/wp\/v2\/users\/4"}],"replies":[{"embeddable":true,"href":"https:\/\/www.willi-graf-schulen.de\/gymnasium\/wp-json\/wp\/v2\/comments?post=10740"}],"version-history":[{"count":37,"href":"https:\/\/www.willi-graf-schulen.de\/gymnasium\/wp-json\/wp\/v2\/posts\/10740\/revisions"}],"predecessor-version":[{"id":17423,"href":"https:\/\/www.willi-graf-schulen.de\/gymnasium\/wp-json\/wp\/v2\/posts\/10740\/revisions\/17423"}],"wp:attachment":[{"href":"https:\/\/www.willi-graf-schulen.de\/gymnasium\/wp-json\/wp\/v2\/media?parent=10740"}],"wp:term":[{"taxonomy":"category","embeddable":true,"href":"https:\/\/www.willi-graf-schulen.de\/gymnasium\/wp-json\/wp\/v2\/categories?post=10740"},{"taxonomy":"post_tag","embeddable":true,"href":"https:\/\/www.willi-graf-schulen.de\/gymnasium\/wp-json\/wp\/v2\/tags?post=10740"}],"curies":[{"name":"wp","href":"https:\/\/api.w.org\/{rel}","templated":true}]}}