{"id":10800,"date":"2022-12-18T20:44:35","date_gmt":"2022-12-18T19:44:35","guid":{"rendered":"https:\/\/www.willi-graf-schulen.de\/gymnasium\/?p=10800"},"modified":"2024-09-11T19:49:17","modified_gmt":"2024-09-11T17:49:17","slug":"ag-angebote","status":"publish","type":"post","link":"https:\/\/www.willi-graf-schulen.de\/gymnasium\/ag-angebote\/","title":{"rendered":"AG-Angebote"},"content":{"rendered":"\t\t<div data-elementor-type=\"wp-post\" data-elementor-id=\"10800\" class=\"elementor elementor-10800\" data-elementor-post-type=\"post\">\n\t\t\t\t\t\t<section class=\"elementor-section elementor-top-section elementor-element elementor-element-cac8c9b elementor-section-boxed elementor-section-height-default elementor-section-height-default\" data-id=\"cac8c9b\" data-element_type=\"section\" data-e-type=\"section\" data-settings=\"{&quot;jet_parallax_layout_list&quot;:[]}\">\n\t\t\t\t\t\t<div class=\"elementor-container elementor-column-gap-default\">\n\t\t\t\t\t<div class=\"elementor-column elementor-col-100 elementor-top-column elementor-element elementor-element-93e06da\" data-id=\"93e06da\" data-element_type=\"column\" data-e-type=\"column\">\n\t\t\t<div class=\"elementor-widget-wrap elementor-element-populated\">\n\t\t\t\t\t\t<div class=\"elementor-element elementor-element-b0411e5 elementor-flip-box--effect-flip elementor-flip-box--direction-up elementor-widget elementor-widget-flip-box\" data-id=\"b0411e5\" data-element_type=\"widget\" data-e-type=\"widget\" data-widget_type=\"flip-box.default\">\n\t\t\t\t<div class=\"elementor-widget-container\">\n\t\t\t\t\t\t\t<div class=\"elementor-flip-box\" tabindex=\"0\">\n\t\t\t<div class=\"elementor-flip-box__layer elementor-flip-box__front\">\n\t\t\t\t<div class=\"elementor-flip-box__layer__overlay\">\n\t\t\t\t\t<div class=\"elementor-flip-box__layer__inner\">\n\t\t\t\t\t\t\n\t\t\t\t\t\t\t\t\t\t\t\t\t<h3 class=\"elementor-flip-box__layer__title\">\n\t\t\t\t\t\t\t\tHier finden Sie die AG-Angebote des aktuellen Schuljahres.\t\t\t\t\t\t\t<\/h3>\n\t\t\t\t\t\t\n\t\t\t\t\t\t\t\t\t\t\t<\/div>\n\t\t\t\t<\/div>\n\t\t\t<\/div>\n\t\t\t<div class=\"elementor-flip-box__layer elementor-flip-box__back\">\n\t\t\t<div class=\"elementor-flip-box__layer__overlay\">\n\t\t\t\t<div class=\"elementor-flip-box__layer__inner\">\n\t\t\t\t\t\t\t\t\t\t\t<h3 class=\"elementor-flip-box__layer__title\">\n\t\t\t\t\t\t\t AG-Angebote \t\t\t\t\t\t<\/h3>\n\t\t\t\t\t\n\t\t\t\t\t\n\t\t\t\t\t\t\t\t\t\t\t<a class=\"elementor-flip-box__button elementor-button elementor-size-sm\" href=\"https:\/\/www.willi-graf-schulen.de\/gymnasium\/wp-content\/uploads\/sites\/5\/2024\/09\/AG-Angebot-24-25.pdf\" target=\"_blank\">\n\t\t\t\t\t\t\tmehr erfahren\t\t\t\t\t\t<\/a>\n\t\t\t\t\t\t\t\t<\/div>\n\t\t<\/div>\n\t\t<\/div>\n\t\t<\/div>\n\t\t\t\t\t\t<\/div>\n\t\t\t\t<\/div>\n\t\t\t\t<div class=\"elementor-element elementor-element-ba401c5 elementor-widget elementor-widget-text-editor\" data-id=\"ba401c5\" data-element_type=\"widget\" data-e-type=\"widget\" data-widget_type=\"text-editor.default\">\n\t\t\t\t<div class=\"elementor-widget-container\">\n\t\t\t\t\t\t\t\t\t<h4><b style=\"letter-spacing: 0px\">Fremdsprachen\u00a0<\/b><\/h4><p><span style=\"font-weight: 400\">Die DELF-AG trainiert bei der Vorbereitung auf das international anerkannte Sprachendiplom Spracherwerb, H\u00f6rverstehen und Leseverstehen und f\u00f6rdert kontinuierlich das Ausdrucksverm\u00f6gen in dieser Fremdsprache. Die Sch\u00fclerinnen und Sch\u00fcler werden ihrem Lernstand entsprechend auf die Niveaus A1, A2, B1 oder B2 vorbereitet.<\/span><\/p><p><b>ITG \u2013 Informationstechnische Grundausbildung<\/b><span style=\"font-weight: 400\">\u00a0<\/span><\/p><p><span style=\"font-weight: 400\">In der AG Informationstechnische Grundbildung (kurz ITG) k\u00f6nnen die Sch\u00fclerinnen und Sch\u00fcler in Klassenstufe 5 den grundlegenden Umgang mit dem PC und die Nutzung wichtiger Programme lernen und \u00fcben. Dazu geh\u00f6ren Textverarbeitung, Pr\u00e4sentationserstellung und Tabellenkalkulation, aber auch Umgang mit Suchmaschinen und Schutz pers\u00f6nlicher Daten im Internet. Die AG der Klassenstufe 6 baut darauf auf und vertieft die in Stufe 5 erworbenen F\u00e4higkeiten und Kenntnisse.<\/span><\/p><h4><b>Naturwissenschaften\u00a0<\/b><\/h4><p><span style=\"font-weight: 400\">Im Konzept der Bildung f\u00fcr nachhaltige Entwicklung (BNE) stellen sowohl der Schulgarten als auch die Bienenhaltung hilfreiche Instrumente dar, um \u00f6kologische, \u00f6konomische und soziale Aspekte zu verkn\u00fcpfen und eigenes Handeln erfahrbar zu machen. Hierbei lernen die Sch\u00fcler auch, was es bedeutet, langfristig Verantwortung zu tragen.\u00a0<\/span><\/p><p><b>Chemie-Olympiade<\/b><\/p><h4><span style=\"font-weight: 400\">&#8222;Chemie &#8211; die stimmt!&#8220; ist ein Wettbewerb im Rahmen der Chemieolympiade. Sch\u00fclerinnen und Sch\u00fcler der 8. bis 10. Klassen setzen sich in mehreren Runden mit Fragestellungen aus dem Bereich der Chemie auseinander und stellen in landesweiten Klausuren an der Universit\u00e4t des Saarlandes ihr Wissen unter Beweis.\u00a0\u00a0<\/span><\/h4>\t\t\t\t\t\t\t\t<\/div>\n\t\t\t\t<\/div>\n\t\t\t\t\t<\/div>\n\t\t<\/div>\n\t\t\t\t\t<\/div>\n\t\t<\/section>\n\t\t\t\t<\/div>\n\t\t","protected":false},"excerpt":{"rendered":"<p>Hier finden Sie die AG-Angebote des aktuellen Schuljahres. AG-Angebote mehr erfahren Fremdsprachen\u00a0 Die DELF-AG trainiert bei der Vorbereitung auf das international anerkannte Sprachendiplom Spracherwerb, H\u00f6rverstehen und Leseverstehen und f\u00f6rdert kontinuierlich das Ausdrucksverm\u00f6gen in dieser Fremdsprache. Die Sch\u00fclerinnen und Sch\u00fcler werden ihrem Lernstand entsprechend auf die Niveaus A1, A2, B1 oder B2 vorbereitet. ITG \u2013 Informationstechnische [&hellip;]<\/p>\n","protected":false},"author":4,"featured_media":0,"comment_status":"open","ping_status":"open","sticky":false,"template":"","format":"standard","meta":{"footnotes":""},"categories":[1],"tags":[],"class_list":["post-10800","post","type-post","status-publish","format-standard","hentry","category-dein-weg-am-wgg"],"_links":{"self":[{"href":"https:\/\/www.willi-graf-schulen.de\/gymnasium\/wp-json\/wp\/v2\/posts\/10800","targetHints":{"allow":["GET"]}}],"collection":[{"href":"https:\/\/www.willi-graf-schulen.de\/gymnasium\/wp-json\/wp\/v2\/posts"}],"about":[{"href":"https:\/\/www.willi-graf-schulen.de\/gymnasium\/wp-json\/wp\/v2\/types\/post"}],"author":[{"embeddable":true,"href":"https:\/\/www.willi-graf-schulen.de\/gymnasium\/wp-json\/wp\/v2\/users\/4"}],"replies":[{"embeddable":true,"href":"https:\/\/www.willi-graf-schulen.de\/gymnasium\/wp-json\/wp\/v2\/comments?post=10800"}],"version-history":[{"count":34,"href":"https:\/\/www.willi-graf-schulen.de\/gymnasium\/wp-json\/wp\/v2\/posts\/10800\/revisions"}],"predecessor-version":[{"id":17426,"href":"https:\/\/www.willi-graf-schulen.de\/gymnasium\/wp-json\/wp\/v2\/posts\/10800\/revisions\/17426"}],"wp:attachment":[{"href":"https:\/\/www.willi-graf-schulen.de\/gymnasium\/wp-json\/wp\/v2\/media?parent=10800"}],"wp:term":[{"taxonomy":"category","embeddable":true,"href":"https:\/\/www.willi-graf-schulen.de\/gymnasium\/wp-json\/wp\/v2\/categories?post=10800"},{"taxonomy":"post_tag","embeddable":true,"href":"https:\/\/www.willi-graf-schulen.de\/gymnasium\/wp-json\/wp\/v2\/tags?post=10800"}],"curies":[{"name":"wp","href":"https:\/\/api.w.org\/{rel}","templated":true}]}}