{"id":11147,"date":"2022-11-21T12:41:02","date_gmt":"2022-11-21T11:41:02","guid":{"rendered":"https:\/\/www.willi-graf-schulen.de\/gymnasium\/?p=11147"},"modified":"2023-01-04T10:29:39","modified_gmt":"2023-01-04T09:29:39","slug":"svendborg-austausch-endlich-wieder","status":"publish","type":"post","link":"https:\/\/www.willi-graf-schulen.de\/gymnasium\/svendborg-austausch-endlich-wieder\/","title":{"rendered":"Svendborg Austausch &#8211; endlich wieder"},"content":{"rendered":"\t\t<div data-elementor-type=\"wp-post\" data-elementor-id=\"11147\" class=\"elementor elementor-11147\" data-elementor-post-type=\"post\">\n\t\t\t\t\t\t<section class=\"elementor-section elementor-top-section elementor-element elementor-element-9c86bab elementor-section-boxed elementor-section-height-default elementor-section-height-default\" data-id=\"9c86bab\" data-element_type=\"section\" data-e-type=\"section\" data-settings=\"{&quot;jet_parallax_layout_list&quot;:[]}\">\n\t\t\t\t\t\t<div class=\"elementor-container elementor-column-gap-default\">\n\t\t\t\t\t<div class=\"elementor-column elementor-col-100 elementor-top-column elementor-element elementor-element-cf83888\" data-id=\"cf83888\" data-element_type=\"column\" data-e-type=\"column\">\n\t\t\t<div class=\"elementor-widget-wrap elementor-element-populated\">\n\t\t\t\t\t\t<div class=\"elementor-element elementor-element-b46dfab elementor-widget elementor-widget-text-editor\" data-id=\"b46dfab\" data-element_type=\"widget\" data-e-type=\"widget\" data-widget_type=\"text-editor.default\">\n\t\t\t\t<div class=\"elementor-widget-container\">\n\t\t\t\t\t\t\t\t\t<p>Nach drei langen Jahren konnte dieses Jahr wieder der beliebte Austausch mit unserer Partnerschule, dem Svendborg Gymnasium in D\u00e4nemark stattfinden.<\/p><p>Im September begr\u00fc\u00dften wir 6 Sch\u00fcler*innen aus Svendborg mit ihrer Lehrerin Maria Lund Johansen in Saarbr\u00fccken. Mit einem umfangreichen Programm gelang es uns auch die d\u00e4nischen G\u00e4ste f\u00fcr das Saarland und die Umgebung zu begeistern. Bei einem Besuch in Trier, dem Weltkulturerbe in V\u00f6lklingen und der Staatskanzlei in Saarbr\u00fccken (an dieser Stelle noch einmal herzlichen Dank an Herrn Anton, der dies erneut m\u00f6glich machte) lernten (nicht nur) die d\u00e4nischen Sch\u00fcler*innen einiges \u00fcber die Region. Nach zwei Tagen in der Schule verlie\u00dfen uns die G\u00e4ste am Samstagmorgen wieder Richtung Heimat.<\/p>\t\t\t\t\t\t\t\t<\/div>\n\t\t\t\t<\/div>\n\t\t\t\t<div class=\"elementor-element elementor-element-674f464 elementor-widget elementor-widget-image\" data-id=\"674f464\" data-element_type=\"widget\" data-e-type=\"widget\" data-widget_type=\"image.default\">\n\t\t\t\t<div class=\"elementor-widget-container\">\n\t\t\t\t\t\t\t\t\t\t\t\t\t\t\t<img fetchpriority=\"high\" decoding=\"async\" width=\"1200\" height=\"675\" src=\"https:\/\/www.willi-graf-schulen.de\/gymnasium\/wp-content\/uploads\/sites\/5\/2022\/11\/Svendborg_2022_Titel.jpg\" class=\"attachment-full size-full wp-image-11149\" alt=\"\" srcset=\"https:\/\/www.willi-graf-schulen.de\/gymnasium\/wp-content\/uploads\/sites\/5\/2022\/11\/Svendborg_2022_Titel.jpg 1200w, https:\/\/www.willi-graf-schulen.de\/gymnasium\/wp-content\/uploads\/sites\/5\/2022\/11\/Svendborg_2022_Titel-300x169.jpg 300w, https:\/\/www.willi-graf-schulen.de\/gymnasium\/wp-content\/uploads\/sites\/5\/2022\/11\/Svendborg_2022_Titel-1024x576.jpg 1024w, https:\/\/www.willi-graf-schulen.de\/gymnasium\/wp-content\/uploads\/sites\/5\/2022\/11\/Svendborg_2022_Titel-768x432.jpg 768w, https:\/\/www.willi-graf-schulen.de\/gymnasium\/wp-content\/uploads\/sites\/5\/2022\/11\/Svendborg_2022_Titel-150x85.jpg 150w, https:\/\/www.willi-graf-schulen.de\/gymnasium\/wp-content\/uploads\/sites\/5\/2022\/11\/Svendborg_2022_Titel-600x338.jpg 600w\" sizes=\"(max-width: 1200px) 100vw, 1200px\" \/>\t\t\t\t\t\t\t\t\t\t\t\t\t\t\t<\/div>\n\t\t\t\t<\/div>\n\t\t\t\t\t<\/div>\n\t\t<\/div>\n\t\t\t\t\t<\/div>\n\t\t<\/section>\n\t\t\t\t<section class=\"elementor-section elementor-top-section elementor-element elementor-element-1a86ca8 elementor-section-boxed elementor-section-height-default elementor-section-height-default\" data-id=\"1a86ca8\" data-element_type=\"section\" data-e-type=\"section\" data-settings=\"{&quot;jet_parallax_layout_list&quot;:[]}\">\n\t\t\t\t\t\t<div class=\"elementor-container elementor-column-gap-default\">\n\t\t\t\t\t<div class=\"elementor-column elementor-col-100 elementor-top-column elementor-element elementor-element-d81a75c\" data-id=\"d81a75c\" data-element_type=\"column\" data-e-type=\"column\">\n\t\t\t<div class=\"elementor-widget-wrap elementor-element-populated\">\n\t\t\t\t\t\t<div class=\"elementor-element elementor-element-7f39df6 elementor-widget elementor-widget-text-editor\" data-id=\"7f39df6\" data-element_type=\"widget\" data-e-type=\"widget\" data-widget_type=\"text-editor.default\">\n\t\t\t\t<div class=\"elementor-widget-container\">\n\t\t\t\t\t\t\t\t\t<p>Im November durften sich dann 6 Sch\u00fcler*innen des Willi-Graf-Gymnasiums mit Carolin Rauber auf den Weg nach Svendborg in S\u00fcd F\u00fcnen machen. Hier wurden wir sehr herzlich aufgenommen und es erwartete uns ein abwechslungsreiches Programm. Neben dem Schulbesuch des beeindruckenden Oberstufengymnasiums in Svendborg konnten die Sch\u00fcler*innen die Stadt Odense und das Hans-Christian-Andersen-Haus erkunden, nach einer Fahrt mit der F\u00e4hre\u00a0begeisterte sie das Schifffahrtsmuseum auf der Insel\u00a0<em>\u00c6r\u00f8<\/em>\u00a0und nat\u00fcrlich lernten sie in der Woche mit den Gastfamilien viel \u00fcber die d\u00e4nischen Besonderheiten (z.B. \u201eMortens aften\u201c- Martinstag). Wie immer fiel der Abschied am Ende des Aufenthaltes sehr schwer.<\/p><p>Wir sind sehr froh, dass dieser Austausch endlich wieder stattfinden konnte. Die Sch\u00fcler*innen verbessern nicht nur ihre Sprachkenntnisse in Englisch, sondern nehmen aus diesen Wochen mit den d\u00e4nischen Austauschpartner*innen auch wertvolle Erfahrungen mit, die niemand missen m\u00f6chte.<\/p><p>Carolin Rauber<\/p>\t\t\t\t\t\t\t\t<\/div>\n\t\t\t\t<\/div>\n\t\t\t\t\t<\/div>\n\t\t<\/div>\n\t\t\t\t\t<\/div>\n\t\t<\/section>\n\t\t\t\t<section class=\"elementor-section elementor-top-section elementor-element elementor-element-24ae706 elementor-section-boxed elementor-section-height-default elementor-section-height-default\" data-id=\"24ae706\" data-element_type=\"section\" data-e-type=\"section\" data-settings=\"{&quot;jet_parallax_layout_list&quot;:[]}\">\n\t\t\t\t\t\t<div class=\"elementor-container elementor-column-gap-default\">\n\t\t\t\t\t<div class=\"elementor-column elementor-col-100 elementor-top-column elementor-element elementor-element-0d3f5a6\" data-id=\"0d3f5a6\" data-element_type=\"column\" data-e-type=\"column\">\n\t\t\t<div class=\"elementor-widget-wrap elementor-element-populated\">\n\t\t\t\t\t\t<div class=\"elementor-element elementor-element-9c4342d elementor-widget elementor-widget-gallery\" data-id=\"9c4342d\" data-element_type=\"widget\" data-e-type=\"widget\" data-settings=\"{&quot;gap&quot;:{&quot;unit&quot;:&quot;px&quot;,&quot;size&quot;:&quot;1&quot;,&quot;sizes&quot;:[]},&quot;lazyload&quot;:&quot;yes&quot;,&quot;gallery_layout&quot;:&quot;grid&quot;,&quot;columns&quot;:4,&quot;columns_tablet&quot;:2,&quot;columns_mobile&quot;:1,&quot;gap_tablet&quot;:{&quot;unit&quot;:&quot;px&quot;,&quot;size&quot;:10,&quot;sizes&quot;:[]},&quot;gap_mobile&quot;:{&quot;unit&quot;:&quot;px&quot;,&quot;size&quot;:10,&quot;sizes&quot;:[]},&quot;link_to&quot;:&quot;file&quot;,&quot;aspect_ratio&quot;:&quot;3:2&quot;,&quot;overlay_background&quot;:&quot;yes&quot;,&quot;content_hover_animation&quot;:&quot;fade-in&quot;}\" data-widget_type=\"gallery.default\">\n\t\t\t\t<div class=\"elementor-widget-container\">\n\t\t\t\t\t\t\t<div class=\"elementor-gallery__container\">\n\t\t\t\t\t\t\t<a class=\"e-gallery-item elementor-gallery-item elementor-animated-content\" href=\"https:\/\/www.willi-graf-schulen.de\/gymnasium\/wp-content\/uploads\/sites\/5\/2022\/11\/Svendborg_2022_Titel-1-e1671795432755.jpg\" data-elementor-open-lightbox=\"yes\" data-elementor-lightbox-slideshow=\"9c4342d\" data-elementor-lightbox-title=\"Svendborg_2022_Titel\" data-e-action-hash=\"#elementor-action%3Aaction%3Dlightbox%26settings%3DeyJpZCI6MTExNTYsInVybCI6Imh0dHBzOlwvXC93d3cud2lsbGktZ3JhZi1zY2h1bGVuLmRlXC9neW1uYXNpdW1cL3dwLWNvbnRlbnRcL3VwbG9hZHNcL3NpdGVzXC81XC8yMDIyXC8xMVwvU3ZlbmRib3JnXzIwMjJfVGl0ZWwtMS1lMTY3MTc5NTQzMjc1NS5qcGciLCJzbGlkZXNob3ciOiI5YzQzNDJkIn0%3D\">\n\t\t\t\t\t<div class=\"e-gallery-image elementor-gallery-item__image\" data-thumbnail=\"https:\/\/www.willi-graf-schulen.de\/gymnasium\/wp-content\/uploads\/sites\/5\/2022\/11\/Svendborg_2022_Titel-1-e1671795432755-300x200.jpg\" data-width=\"300\" data-height=\"200\" aria-label=\"\" role=\"img\" ><\/div>\n\t\t\t\t\t\t\t\t\t\t\t<div class=\"elementor-gallery-item__overlay\"><\/div>\n\t\t\t\t\t\t\t\t\t\t\t\t\t\t<\/a>\n\t\t\t\t\t\t\t<a class=\"e-gallery-item elementor-gallery-item elementor-animated-content\" href=\"https:\/\/www.willi-graf-schulen.de\/gymnasium\/wp-content\/uploads\/sites\/5\/2022\/11\/Svendborg_2022_01.jpg\" data-elementor-open-lightbox=\"yes\" data-elementor-lightbox-slideshow=\"9c4342d\" data-elementor-lightbox-title=\"Svendborg_2022_01\" data-e-action-hash=\"#elementor-action%3Aaction%3Dlightbox%26settings%3DeyJpZCI6MTExNTcsInVybCI6Imh0dHBzOlwvXC93d3cud2lsbGktZ3JhZi1zY2h1bGVuLmRlXC9neW1uYXNpdW1cL3dwLWNvbnRlbnRcL3VwbG9hZHNcL3NpdGVzXC81XC8yMDIyXC8xMVwvU3ZlbmRib3JnXzIwMjJfMDEuanBnIiwic2xpZGVzaG93IjoiOWM0MzQyZCJ9\">\n\t\t\t\t\t<div class=\"e-gallery-image elementor-gallery-item__image\" data-thumbnail=\"https:\/\/www.willi-graf-schulen.de\/gymnasium\/wp-content\/uploads\/sites\/5\/2022\/11\/Svendborg_2022_01-300x169.jpg\" data-width=\"300\" data-height=\"169\" aria-label=\"\" role=\"img\" ><\/div>\n\t\t\t\t\t\t\t\t\t\t\t<div class=\"elementor-gallery-item__overlay\"><\/div>\n\t\t\t\t\t\t\t\t\t\t\t\t\t\t<\/a>\n\t\t\t\t\t\t\t<a class=\"e-gallery-item elementor-gallery-item elementor-animated-content\" href=\"https:\/\/www.willi-graf-schulen.de\/gymnasium\/wp-content\/uploads\/sites\/5\/2022\/11\/Svendborg_2022_02.jpg\" data-elementor-open-lightbox=\"yes\" data-elementor-lightbox-slideshow=\"9c4342d\" data-elementor-lightbox-title=\"Svendborg_2022_02\" data-e-action-hash=\"#elementor-action%3Aaction%3Dlightbox%26settings%3DeyJpZCI6MTExNTgsInVybCI6Imh0dHBzOlwvXC93d3cud2lsbGktZ3JhZi1zY2h1bGVuLmRlXC9neW1uYXNpdW1cL3dwLWNvbnRlbnRcL3VwbG9hZHNcL3NpdGVzXC81XC8yMDIyXC8xMVwvU3ZlbmRib3JnXzIwMjJfMDIuanBnIiwic2xpZGVzaG93IjoiOWM0MzQyZCJ9\">\n\t\t\t\t\t<div class=\"e-gallery-image elementor-gallery-item__image\" data-thumbnail=\"https:\/\/www.willi-graf-schulen.de\/gymnasium\/wp-content\/uploads\/sites\/5\/2022\/11\/Svendborg_2022_02-300x169.jpg\" data-width=\"300\" data-height=\"169\" aria-label=\"\" role=\"img\" ><\/div>\n\t\t\t\t\t\t\t\t\t\t\t<div class=\"elementor-gallery-item__overlay\"><\/div>\n\t\t\t\t\t\t\t\t\t\t\t\t\t\t<\/a>\n\t\t\t\t\t\t\t<a class=\"e-gallery-item elementor-gallery-item elementor-animated-content\" href=\"https:\/\/www.willi-graf-schulen.de\/gymnasium\/wp-content\/uploads\/sites\/5\/2022\/11\/Svendborg_2022_03.jpg\" data-elementor-open-lightbox=\"yes\" data-elementor-lightbox-slideshow=\"9c4342d\" data-elementor-lightbox-title=\"Svendborg_2022_03\" data-e-action-hash=\"#elementor-action%3Aaction%3Dlightbox%26settings%3DeyJpZCI6MTExNTksInVybCI6Imh0dHBzOlwvXC93d3cud2lsbGktZ3JhZi1zY2h1bGVuLmRlXC9neW1uYXNpdW1cL3dwLWNvbnRlbnRcL3VwbG9hZHNcL3NpdGVzXC81XC8yMDIyXC8xMVwvU3ZlbmRib3JnXzIwMjJfMDMuanBnIiwic2xpZGVzaG93IjoiOWM0MzQyZCJ9\">\n\t\t\t\t\t<div class=\"e-gallery-image elementor-gallery-item__image\" data-thumbnail=\"https:\/\/www.willi-graf-schulen.de\/gymnasium\/wp-content\/uploads\/sites\/5\/2022\/11\/Svendborg_2022_03-300x169.jpg\" data-width=\"300\" data-height=\"169\" aria-label=\"\" role=\"img\" ><\/div>\n\t\t\t\t\t\t\t\t\t\t\t<div class=\"elementor-gallery-item__overlay\"><\/div>\n\t\t\t\t\t\t\t\t\t\t\t\t\t\t<\/a>\n\t\t\t\t\t<\/div>\n\t\t\t\t\t<\/div>\n\t\t\t\t<\/div>\n\t\t\t\t\t<\/div>\n\t\t<\/div>\n\t\t\t\t\t<\/div>\n\t\t<\/section>\n\t\t\t\t<\/div>\n\t\t","protected":false},"excerpt":{"rendered":"<p>Nach drei langen Jahren konnte dieses Jahr wieder der beliebte Austausch mit unserer Partnerschule, dem Svendborg Gymnasium in D\u00e4nemark stattfinden. Im September begr\u00fc\u00dften wir 6 Sch\u00fcler*innen aus Svendborg mit ihrer Lehrerin Maria Lund Johansen in Saarbr\u00fccken. Mit einem umfangreichen Programm gelang es uns auch die d\u00e4nischen G\u00e4ste f\u00fcr das Saarland und die Umgebung zu begeistern. [&hellip;]<\/p>\n","protected":false},"author":8,"featured_media":11156,"comment_status":"open","ping_status":"open","sticky":false,"template":"","format":"standard","meta":{"footnotes":""},"categories":[94],"tags":[],"class_list":["post-11147","post","type-post","status-publish","format-standard","has-post-thumbnail","hentry","category-aktuelles"],"_links":{"self":[{"href":"https:\/\/www.willi-graf-schulen.de\/gymnasium\/wp-json\/wp\/v2\/posts\/11147","targetHints":{"allow":["GET"]}}],"collection":[{"href":"https:\/\/www.willi-graf-schulen.de\/gymnasium\/wp-json\/wp\/v2\/posts"}],"about":[{"href":"https:\/\/www.willi-graf-schulen.de\/gymnasium\/wp-json\/wp\/v2\/types\/post"}],"author":[{"embeddable":true,"href":"https:\/\/www.willi-graf-schulen.de\/gymnasium\/wp-json\/wp\/v2\/users\/8"}],"replies":[{"embeddable":true,"href":"https:\/\/www.willi-graf-schulen.de\/gymnasium\/wp-json\/wp\/v2\/comments?post=11147"}],"version-history":[{"count":21,"href":"https:\/\/www.willi-graf-schulen.de\/gymnasium\/wp-json\/wp\/v2\/posts\/11147\/revisions"}],"predecessor-version":[{"id":12431,"href":"https:\/\/www.willi-graf-schulen.de\/gymnasium\/wp-json\/wp\/v2\/posts\/11147\/revisions\/12431"}],"wp:featuredmedia":[{"embeddable":true,"href":"https:\/\/www.willi-graf-schulen.de\/gymnasium\/wp-json\/wp\/v2\/media\/11156"}],"wp:attachment":[{"href":"https:\/\/www.willi-graf-schulen.de\/gymnasium\/wp-json\/wp\/v2\/media?parent=11147"}],"wp:term":[{"taxonomy":"category","embeddable":true,"href":"https:\/\/www.willi-graf-schulen.de\/gymnasium\/wp-json\/wp\/v2\/categories?post=11147"},{"taxonomy":"post_tag","embeddable":true,"href":"https:\/\/www.willi-graf-schulen.de\/gymnasium\/wp-json\/wp\/v2\/tags?post=11147"}],"curies":[{"name":"wp","href":"https:\/\/api.w.org\/{rel}","templated":true}]}}