{"id":11164,"date":"2022-11-25T12:52:00","date_gmt":"2022-11-25T11:52:00","guid":{"rendered":"https:\/\/www.willi-graf-schulen.de\/gymnasium\/?p=11164"},"modified":"2023-01-06T16:42:55","modified_gmt":"2023-01-06T15:42:55","slug":"ankommen-im-advent","status":"publish","type":"post","link":"https:\/\/www.willi-graf-schulen.de\/gymnasium\/ankommen-im-advent\/","title":{"rendered":"Ankommen im Advent"},"content":{"rendered":"\t\t<div data-elementor-type=\"wp-post\" data-elementor-id=\"11164\" class=\"elementor elementor-11164\" data-elementor-post-type=\"post\">\n\t\t\t\t\t\t<section class=\"elementor-section elementor-top-section elementor-element elementor-element-94f0bb3 elementor-section-boxed elementor-section-height-default elementor-section-height-default\" data-id=\"94f0bb3\" data-element_type=\"section\" data-e-type=\"section\" data-settings=\"{&quot;jet_parallax_layout_list&quot;:[]}\">\n\t\t\t\t\t\t<div class=\"elementor-container elementor-column-gap-default\">\n\t\t\t\t\t<div class=\"elementor-column elementor-col-100 elementor-top-column elementor-element elementor-element-20ca0a5\" data-id=\"20ca0a5\" data-element_type=\"column\" data-e-type=\"column\">\n\t\t\t<div class=\"elementor-widget-wrap elementor-element-populated\">\n\t\t\t\t\t\t<div class=\"elementor-element elementor-element-0a502c6 elementor-widget elementor-widget-text-editor\" data-id=\"0a502c6\" data-element_type=\"widget\" data-e-type=\"widget\" data-widget_type=\"text-editor.default\">\n\t\t\t\t<div class=\"elementor-widget-container\">\n\t\t\t\t\t\t\t\t\t<p>Das Team der Schulpastorale bietet auch in diesem Jahr ein umfangreiches Angebot zur Einstimmung auf das bevorstehende Weihnachtsfest an.&nbsp;<\/p>\n<p>Am 8. und 15. Dezember findet vor dem Unterricht um 7.00 Uhr in unserer Schulkapelle eine Messe mit anschlie\u00dfendem Fr\u00fchst\u00fcck in der Cafeteria statt. Mittwochs werden um 7.45 Uhr von den Mitgliedern des Schulpastoralteams Laudes gestaltet.<\/p>\t\t\t\t\t\t\t\t<\/div>\n\t\t\t\t<\/div>\n\t\t\t\t<div class=\"elementor-element elementor-element-0046b1b elementor-widget elementor-widget-image\" data-id=\"0046b1b\" data-element_type=\"widget\" data-e-type=\"widget\" data-widget_type=\"image.default\">\n\t\t\t\t<div class=\"elementor-widget-container\">\n\t\t\t\t\t\t\t\t\t\t\t\t\t\t\t<img fetchpriority=\"high\" decoding=\"async\" width=\"1000\" height=\"667\" src=\"https:\/\/www.willi-graf-schulen.de\/gymnasium\/wp-content\/uploads\/sites\/5\/2022\/12\/2022.12.09.Ankommen_im_Advent-e1671795111855.jpg\" class=\"attachment-large size-large wp-image-11166\" alt=\"\" srcset=\"https:\/\/www.willi-graf-schulen.de\/gymnasium\/wp-content\/uploads\/sites\/5\/2022\/12\/2022.12.09.Ankommen_im_Advent-e1671795111855.jpg 1000w, https:\/\/www.willi-graf-schulen.de\/gymnasium\/wp-content\/uploads\/sites\/5\/2022\/12\/2022.12.09.Ankommen_im_Advent-e1671795111855-300x200.jpg 300w, https:\/\/www.willi-graf-schulen.de\/gymnasium\/wp-content\/uploads\/sites\/5\/2022\/12\/2022.12.09.Ankommen_im_Advent-e1671795111855-768x512.jpg 768w, https:\/\/www.willi-graf-schulen.de\/gymnasium\/wp-content\/uploads\/sites\/5\/2022\/12\/2022.12.09.Ankommen_im_Advent-e1671795111855-600x400.jpg 600w\" sizes=\"(max-width: 1000px) 100vw, 1000px\" \/>\t\t\t\t\t\t\t\t\t\t\t\t\t\t\t<\/div>\n\t\t\t\t<\/div>\n\t\t\t\t<div class=\"elementor-element elementor-element-1975562 elementor-widget elementor-widget-text-editor\" data-id=\"1975562\" data-element_type=\"widget\" data-e-type=\"widget\" data-widget_type=\"text-editor.default\">\n\t\t\t\t<div class=\"elementor-widget-container\">\n\t\t\t\t\t\t\t\t\t<p>Am Montag, dem 12. Dezember 2022 ist die Schulgemeinschaft herzlich eingeladen zum musikalischen Abendlob in der Basilika St. Johann. Sch\u00fclerinnen und Sch\u00fcler unserer Schulen musizieren unter der Leitung von Julia Lichtenthal. Dazu gibt es Gebete und einen adventlichen Impuls.<\/p><p>In dem Infoschreiben der Schulpastorale erfahren Sie mehr \u00fcber die vielf\u00e4ltigen Gelegenheiten zur Einstimmung auf die Adventszeit.<\/p>\t\t\t\t\t\t\t\t<\/div>\n\t\t\t\t<\/div>\n\t\t\t\t\t<\/div>\n\t\t<\/div>\n\t\t\t\t\t<\/div>\n\t\t<\/section>\n\t\t\t\t<\/div>\n\t\t","protected":false},"excerpt":{"rendered":"<p>Das Team der Schulpastorale bietet auch in diesem Jahr ein umfangreiches Angebot zur Einstimmung auf das bevorstehende Weihnachtsfest an.&nbsp; Am 8. und 15. Dezember findet vor dem Unterricht um 7.00 Uhr in unserer Schulkapelle eine Messe mit anschlie\u00dfendem Fr\u00fchst\u00fcck in der Cafeteria statt. Mittwochs werden um 7.45 Uhr von den Mitgliedern des Schulpastoralteams Laudes gestaltet. [&hellip;]<\/p>\n","protected":false},"author":8,"featured_media":11166,"comment_status":"open","ping_status":"open","sticky":false,"template":"","format":"standard","meta":{"footnotes":""},"categories":[1],"tags":[],"class_list":["post-11164","post","type-post","status-publish","format-standard","has-post-thumbnail","hentry","category-dein-weg-am-wgg"],"_links":{"self":[{"href":"https:\/\/www.willi-graf-schulen.de\/gymnasium\/wp-json\/wp\/v2\/posts\/11164","targetHints":{"allow":["GET"]}}],"collection":[{"href":"https:\/\/www.willi-graf-schulen.de\/gymnasium\/wp-json\/wp\/v2\/posts"}],"about":[{"href":"https:\/\/www.willi-graf-schulen.de\/gymnasium\/wp-json\/wp\/v2\/types\/post"}],"author":[{"embeddable":true,"href":"https:\/\/www.willi-graf-schulen.de\/gymnasium\/wp-json\/wp\/v2\/users\/8"}],"replies":[{"embeddable":true,"href":"https:\/\/www.willi-graf-schulen.de\/gymnasium\/wp-json\/wp\/v2\/comments?post=11164"}],"version-history":[{"count":26,"href":"https:\/\/www.willi-graf-schulen.de\/gymnasium\/wp-json\/wp\/v2\/posts\/11164\/revisions"}],"predecessor-version":[{"id":12762,"href":"https:\/\/www.willi-graf-schulen.de\/gymnasium\/wp-json\/wp\/v2\/posts\/11164\/revisions\/12762"}],"wp:featuredmedia":[{"embeddable":true,"href":"https:\/\/www.willi-graf-schulen.de\/gymnasium\/wp-json\/wp\/v2\/media\/11166"}],"wp:attachment":[{"href":"https:\/\/www.willi-graf-schulen.de\/gymnasium\/wp-json\/wp\/v2\/media?parent=11164"}],"wp:term":[{"taxonomy":"category","embeddable":true,"href":"https:\/\/www.willi-graf-schulen.de\/gymnasium\/wp-json\/wp\/v2\/categories?post=11164"},{"taxonomy":"post_tag","embeddable":true,"href":"https:\/\/www.willi-graf-schulen.de\/gymnasium\/wp-json\/wp\/v2\/tags?post=11164"}],"curies":[{"name":"wp","href":"https:\/\/api.w.org\/{rel}","templated":true}]}}