{"id":18151,"date":"2025-03-31T21:59:30","date_gmt":"2025-03-31T19:59:30","guid":{"rendered":"https:\/\/www.willi-graf-schulen.de\/gymnasium\/?p=18151"},"modified":"2025-04-03T22:06:40","modified_gmt":"2025-04-03T20:06:40","slug":"schule-ohne-rassismus-schule-mit-courage","status":"publish","type":"post","link":"https:\/\/www.willi-graf-schulen.de\/gymnasium\/schule-ohne-rassismus-schule-mit-courage\/","title":{"rendered":"Schule ohne Rassismus \u2013 Schule mit Courage"},"content":{"rendered":"\t\t<div data-elementor-type=\"wp-post\" data-elementor-id=\"18151\" class=\"elementor elementor-18151\" data-elementor-post-type=\"post\">\n\t\t\t\t\t\t<section class=\"elementor-section elementor-top-section elementor-element elementor-element-89a6b38 elementor-section-boxed elementor-section-height-default elementor-section-height-default\" data-id=\"89a6b38\" data-element_type=\"section\" data-e-type=\"section\" data-settings=\"{&quot;jet_parallax_layout_list&quot;:[]}\">\n\t\t\t\t\t\t<div class=\"elementor-container elementor-column-gap-default\">\n\t\t\t\t\t<div class=\"elementor-column elementor-col-100 elementor-top-column elementor-element elementor-element-7c9420d\" data-id=\"7c9420d\" data-element_type=\"column\" data-e-type=\"column\">\n\t\t\t<div class=\"elementor-widget-wrap elementor-element-populated\">\n\t\t\t\t\t\t<div class=\"elementor-element elementor-element-156bc29 elementor-widget elementor-widget-text-editor\" data-id=\"156bc29\" data-element_type=\"widget\" data-e-type=\"widget\" data-widget_type=\"text-editor.default\">\n\t\t\t\t<div class=\"elementor-widget-container\">\n\t\t\t\t\t\t\t\t\t<div><p>Am 26. M\u00e4rz war es soweit: Die Mitglieder unserer Schulgemeinschaft konnten \u00fcber die Teilnahme am bundesweiten Netzwerk &#8222;Schule ohne Rassismus \u2013 Schule mit Courage&#8220; abstimmen. Mit einer beeindruckenden Wahlbeteiligung von 85 Prozent und einer klaren Zustimmung von 78 Prozent der W\u00e4hlerinnen und W\u00e4hler haben wir gemeinsam ein starkes Zeichen f\u00fcr Vielfalt, Respekt und Toleranz gesetzt! \u00a0<\/p><\/div><div><p>Ein besonderer Dank gilt den vielen flei\u00dfigen Helferinnen und Helfer, insbesondere der Sch\u00fclerschaft, die das Wahlb\u00fcro tatkr\u00e4ftig unterst\u00fctzt haben und ma\u00dfgeblich zu dem reibungslosen Ablauf beigetragen haben.<\/p><\/div>\t\t\t\t\t\t\t\t<\/div>\n\t\t\t\t<\/div>\n\t\t\t\t<div class=\"elementor-element elementor-element-fe33d63 elementor-widget elementor-widget-gallery\" data-id=\"fe33d63\" data-element_type=\"widget\" data-e-type=\"widget\" data-settings=\"{&quot;gap&quot;:{&quot;unit&quot;:&quot;px&quot;,&quot;size&quot;:&quot;2&quot;,&quot;sizes&quot;:[]},&quot;lazyload&quot;:&quot;yes&quot;,&quot;gallery_layout&quot;:&quot;grid&quot;,&quot;columns&quot;:4,&quot;columns_tablet&quot;:2,&quot;columns_mobile&quot;:1,&quot;gap_tablet&quot;:{&quot;unit&quot;:&quot;px&quot;,&quot;size&quot;:10,&quot;sizes&quot;:[]},&quot;gap_mobile&quot;:{&quot;unit&quot;:&quot;px&quot;,&quot;size&quot;:10,&quot;sizes&quot;:[]},&quot;link_to&quot;:&quot;file&quot;,&quot;aspect_ratio&quot;:&quot;3:2&quot;,&quot;overlay_background&quot;:&quot;yes&quot;,&quot;content_hover_animation&quot;:&quot;fade-in&quot;}\" data-widget_type=\"gallery.default\">\n\t\t\t\t<div class=\"elementor-widget-container\">\n\t\t\t\t\t\t\t<div class=\"elementor-gallery__container\">\n\t\t\t\t\t\t\t<a class=\"e-gallery-item elementor-gallery-item elementor-animated-content\" href=\"https:\/\/www.willi-graf-schulen.de\/gymnasium\/wp-content\/uploads\/sites\/5\/2025\/04\/Schule-ohne-Rassismus-01-scaled.jpg\" data-elementor-open-lightbox=\"yes\" data-elementor-lightbox-slideshow=\"fe33d63\" data-elementor-lightbox-title=\"Schule ohne Rassismus 01\" data-e-action-hash=\"#elementor-action%3Aaction%3Dlightbox%26settings%3DeyJpZCI6MTgxNDcsInVybCI6Imh0dHBzOlwvXC93d3cud2lsbGktZ3JhZi1zY2h1bGVuLmRlXC9neW1uYXNpdW1cL3dwLWNvbnRlbnRcL3VwbG9hZHNcL3NpdGVzXC81XC8yMDI1XC8wNFwvU2NodWxlLW9obmUtUmFzc2lzbXVzLTAxLXNjYWxlZC5qcGciLCJzbGlkZXNob3ciOiJmZTMzZDYzIn0%3D\">\n\t\t\t\t\t<div class=\"e-gallery-image elementor-gallery-item__image\" data-thumbnail=\"https:\/\/www.willi-graf-schulen.de\/gymnasium\/wp-content\/uploads\/sites\/5\/2025\/04\/Schule-ohne-Rassismus-01-300x169.jpg\" data-width=\"300\" data-height=\"169\" aria-label=\"\" role=\"img\" ><\/div>\n\t\t\t\t\t\t\t\t\t\t\t<div class=\"elementor-gallery-item__overlay\"><\/div>\n\t\t\t\t\t\t\t\t\t\t\t\t\t\t<\/a>\n\t\t\t\t\t\t\t<a class=\"e-gallery-item elementor-gallery-item elementor-animated-content\" href=\"https:\/\/www.willi-graf-schulen.de\/gymnasium\/wp-content\/uploads\/sites\/5\/2025\/04\/Schule-ohne-Rassismus-02-scaled.jpg\" data-elementor-open-lightbox=\"yes\" data-elementor-lightbox-slideshow=\"fe33d63\" data-elementor-lightbox-title=\"Schule ohne Rassismus 02\" data-e-action-hash=\"#elementor-action%3Aaction%3Dlightbox%26settings%3DeyJpZCI6MTgxNDgsInVybCI6Imh0dHBzOlwvXC93d3cud2lsbGktZ3JhZi1zY2h1bGVuLmRlXC9neW1uYXNpdW1cL3dwLWNvbnRlbnRcL3VwbG9hZHNcL3NpdGVzXC81XC8yMDI1XC8wNFwvU2NodWxlLW9obmUtUmFzc2lzbXVzLTAyLXNjYWxlZC5qcGciLCJzbGlkZXNob3ciOiJmZTMzZDYzIn0%3D\">\n\t\t\t\t\t<div class=\"e-gallery-image elementor-gallery-item__image\" data-thumbnail=\"https:\/\/www.willi-graf-schulen.de\/gymnasium\/wp-content\/uploads\/sites\/5\/2025\/04\/Schule-ohne-Rassismus-02-300x169.jpg\" data-width=\"300\" data-height=\"169\" aria-label=\"\" role=\"img\" ><\/div>\n\t\t\t\t\t\t\t\t\t\t\t<div class=\"elementor-gallery-item__overlay\"><\/div>\n\t\t\t\t\t\t\t\t\t\t\t\t\t\t<\/a>\n\t\t\t\t\t\t\t<a class=\"e-gallery-item elementor-gallery-item elementor-animated-content\" href=\"https:\/\/www.willi-graf-schulen.de\/gymnasium\/wp-content\/uploads\/sites\/5\/2025\/04\/Schule-ohne-Rassismus-04.jpg\" data-elementor-open-lightbox=\"yes\" data-elementor-lightbox-slideshow=\"fe33d63\" data-elementor-lightbox-title=\"Schule ohne Rassismus 04\" data-e-action-hash=\"#elementor-action%3Aaction%3Dlightbox%26settings%3DeyJpZCI6MTgxNTAsInVybCI6Imh0dHBzOlwvXC93d3cud2lsbGktZ3JhZi1zY2h1bGVuLmRlXC9neW1uYXNpdW1cL3dwLWNvbnRlbnRcL3VwbG9hZHNcL3NpdGVzXC81XC8yMDI1XC8wNFwvU2NodWxlLW9obmUtUmFzc2lzbXVzLTA0LmpwZyIsInNsaWRlc2hvdyI6ImZlMzNkNjMifQ%3D%3D\">\n\t\t\t\t\t<div class=\"e-gallery-image elementor-gallery-item__image\" data-thumbnail=\"https:\/\/www.willi-graf-schulen.de\/gymnasium\/wp-content\/uploads\/sites\/5\/2025\/04\/Schule-ohne-Rassismus-04-300x169.jpg\" data-width=\"300\" data-height=\"169\" aria-label=\"\" role=\"img\" ><\/div>\n\t\t\t\t\t\t\t\t\t\t\t<div class=\"elementor-gallery-item__overlay\"><\/div>\n\t\t\t\t\t\t\t\t\t\t\t\t\t\t<\/a>\n\t\t\t\t\t\t\t<a class=\"e-gallery-item elementor-gallery-item elementor-animated-content\" href=\"https:\/\/www.willi-graf-schulen.de\/gymnasium\/wp-content\/uploads\/sites\/5\/2025\/04\/Schule-ohne-Rassismus-03.jpg\" data-elementor-open-lightbox=\"yes\" data-elementor-lightbox-slideshow=\"fe33d63\" data-elementor-lightbox-title=\"Schule ohne Rassismus 03\" data-e-action-hash=\"#elementor-action%3Aaction%3Dlightbox%26settings%3DeyJpZCI6MTgxNDksInVybCI6Imh0dHBzOlwvXC93d3cud2lsbGktZ3JhZi1zY2h1bGVuLmRlXC9neW1uYXNpdW1cL3dwLWNvbnRlbnRcL3VwbG9hZHNcL3NpdGVzXC81XC8yMDI1XC8wNFwvU2NodWxlLW9obmUtUmFzc2lzbXVzLTAzLmpwZyIsInNsaWRlc2hvdyI6ImZlMzNkNjMifQ%3D%3D\">\n\t\t\t\t\t<div class=\"e-gallery-image elementor-gallery-item__image\" data-thumbnail=\"https:\/\/www.willi-graf-schulen.de\/gymnasium\/wp-content\/uploads\/sites\/5\/2025\/04\/Schule-ohne-Rassismus-03-300x169.jpg\" data-width=\"300\" data-height=\"169\" aria-label=\"\" role=\"img\" ><\/div>\n\t\t\t\t\t\t\t\t\t\t\t<div class=\"elementor-gallery-item__overlay\"><\/div>\n\t\t\t\t\t\t\t\t\t\t\t\t\t\t<\/a>\n\t\t\t\t\t<\/div>\n\t\t\t\t\t<\/div>\n\t\t\t\t<\/div>\n\t\t\t\t<div class=\"elementor-element elementor-element-2b422d9 elementor-widget elementor-widget-text-editor\" data-id=\"2b422d9\" data-element_type=\"widget\" data-e-type=\"widget\" data-widget_type=\"text-editor.default\">\n\t\t\t\t<div class=\"elementor-widget-container\">\n\t\t\t\t\t\t\t\t\t<div><p><strong>Erstes Projekt: Interkulturelle Fastenwoche<\/strong><\/p><\/div><div><p>Als erste Aktion im Rahmen unserer Teilnahme an &#8222;Schule ohne Rassismus \u2013 Schule mit Courage&#8220; wird in der Woche vor den Osterferien eine interkulturelle Fastenwoche stattfinden. Ziel ist es, das Bewusstsein f\u00fcr unterschiedliche kulturelle und religi\u00f6se Traditionen zu st\u00e4rken und einen offenen Austausch dar\u00fcber zu erm\u00f6glichen. N\u00e4here Informationen dazu werden in den kommenden Tagen im Eingangsbereich der Schule ausgeh\u00e4ngt.<\/p><\/div><div><p>Wir freuen uns auf viele spannende Projekte und darauf, gemeinsam unsere Schule zu einem noch offeneren und toleranteren Ort zu machen, der sensibel mit jeglicher Form von Diskriminierung umgeht!<\/p><\/div>\t\t\t\t\t\t\t\t<\/div>\n\t\t\t\t<\/div>\n\t\t\t\t<div class=\"elementor-element elementor-element-ca11681 elementor-widget elementor-widget-gallery\" data-id=\"ca11681\" data-element_type=\"widget\" data-e-type=\"widget\" data-settings=\"{&quot;columns&quot;:&quot;2&quot;,&quot;gap&quot;:{&quot;unit&quot;:&quot;px&quot;,&quot;size&quot;:&quot;2&quot;,&quot;sizes&quot;:[]},&quot;lazyload&quot;:&quot;yes&quot;,&quot;gallery_layout&quot;:&quot;grid&quot;,&quot;columns_tablet&quot;:2,&quot;columns_mobile&quot;:1,&quot;gap_tablet&quot;:{&quot;unit&quot;:&quot;px&quot;,&quot;size&quot;:10,&quot;sizes&quot;:[]},&quot;gap_mobile&quot;:{&quot;unit&quot;:&quot;px&quot;,&quot;size&quot;:10,&quot;sizes&quot;:[]},&quot;link_to&quot;:&quot;file&quot;,&quot;aspect_ratio&quot;:&quot;3:2&quot;,&quot;overlay_background&quot;:&quot;yes&quot;,&quot;content_hover_animation&quot;:&quot;fade-in&quot;}\" data-widget_type=\"gallery.default\">\n\t\t\t\t<div class=\"elementor-widget-container\">\n\t\t\t\t\t\t\t<div class=\"elementor-gallery__container\">\n\t\t\t\t\t\t\t<a class=\"e-gallery-item elementor-gallery-item elementor-animated-content\" href=\"https:\/\/www.willi-graf-schulen.de\/gymnasium\/wp-content\/uploads\/sites\/5\/2025\/04\/Schule-ohne-Rassismus-Stimmzettel.jpg\" data-elementor-open-lightbox=\"yes\" data-elementor-lightbox-slideshow=\"ca11681\" data-elementor-lightbox-title=\"Schule ohne Rassismus - Stimmzettel\" data-e-action-hash=\"#elementor-action%3Aaction%3Dlightbox%26settings%3DeyJpZCI6MTgxNDYsInVybCI6Imh0dHBzOlwvXC93d3cud2lsbGktZ3JhZi1zY2h1bGVuLmRlXC9neW1uYXNpdW1cL3dwLWNvbnRlbnRcL3VwbG9hZHNcL3NpdGVzXC81XC8yMDI1XC8wNFwvU2NodWxlLW9obmUtUmFzc2lzbXVzLVN0aW1temV0dGVsLmpwZyIsInNsaWRlc2hvdyI6ImNhMTE2ODEifQ%3D%3D\">\n\t\t\t\t\t<div class=\"e-gallery-image elementor-gallery-item__image\" data-thumbnail=\"https:\/\/www.willi-graf-schulen.de\/gymnasium\/wp-content\/uploads\/sites\/5\/2025\/04\/Schule-ohne-Rassismus-Stimmzettel-300x225.jpg\" data-width=\"300\" data-height=\"225\" aria-label=\"\" role=\"img\" ><\/div>\n\t\t\t\t\t\t\t\t\t\t\t<div class=\"elementor-gallery-item__overlay\"><\/div>\n\t\t\t\t\t\t\t\t\t\t\t\t\t\t<\/a>\n\t\t\t\t\t\t\t<a class=\"e-gallery-item elementor-gallery-item elementor-animated-content\" href=\"https:\/\/www.willi-graf-schulen.de\/gymnasium\/wp-content\/uploads\/sites\/5\/2025\/04\/Schule-ohne-Rassismus-Abstimmungsergebnis-scaled.jpg\" data-elementor-open-lightbox=\"yes\" data-elementor-lightbox-slideshow=\"ca11681\" data-elementor-lightbox-title=\"Schule ohne Rassismus - Abstimmungsergebnis\" data-e-action-hash=\"#elementor-action%3Aaction%3Dlightbox%26settings%3DeyJpZCI6MTgxNDQsInVybCI6Imh0dHBzOlwvXC93d3cud2lsbGktZ3JhZi1zY2h1bGVuLmRlXC9neW1uYXNpdW1cL3dwLWNvbnRlbnRcL3VwbG9hZHNcL3NpdGVzXC81XC8yMDI1XC8wNFwvU2NodWxlLW9obmUtUmFzc2lzbXVzLUFic3RpbW11bmdzZXJnZWJuaXMtc2NhbGVkLmpwZyIsInNsaWRlc2hvdyI6ImNhMTE2ODEifQ%3D%3D\">\n\t\t\t\t\t<div class=\"e-gallery-image elementor-gallery-item__image\" data-thumbnail=\"https:\/\/www.willi-graf-schulen.de\/gymnasium\/wp-content\/uploads\/sites\/5\/2025\/04\/Schule-ohne-Rassismus-Abstimmungsergebnis-300x225.jpg\" data-width=\"300\" data-height=\"225\" aria-label=\"\" role=\"img\" ><\/div>\n\t\t\t\t\t\t\t\t\t\t\t<div class=\"elementor-gallery-item__overlay\"><\/div>\n\t\t\t\t\t\t\t\t\t\t\t\t\t\t<\/a>\n\t\t\t\t\t<\/div>\n\t\t\t\t\t<\/div>\n\t\t\t\t<\/div>\n\t\t\t\t\t<\/div>\n\t\t<\/div>\n\t\t\t\t\t<\/div>\n\t\t<\/section>\n\t\t\t\t<\/div>\n\t\t","protected":false},"excerpt":{"rendered":"<p>Am 26. M\u00e4rz war es soweit: Die Mitglieder unserer Schulgemeinschaft konnten \u00fcber die Teilnahme am bundesweiten Netzwerk &#8222;Schule ohne Rassismus \u2013 Schule mit Courage&#8220; abstimmen. Mit einer beeindruckenden Wahlbeteiligung von 85 Prozent und einer klaren Zustimmung von 78 Prozent der W\u00e4hlerinnen und W\u00e4hler haben wir gemeinsam ein starkes Zeichen f\u00fcr Vielfalt, Respekt und Toleranz gesetzt! [&hellip;]<\/p>\n","protected":false},"author":8,"featured_media":18145,"comment_status":"open","ping_status":"open","sticky":false,"template":"","format":"standard","meta":{"footnotes":""},"categories":[94],"tags":[],"class_list":["post-18151","post","type-post","status-publish","format-standard","has-post-thumbnail","hentry","category-aktuelles"],"_links":{"self":[{"href":"https:\/\/www.willi-graf-schulen.de\/gymnasium\/wp-json\/wp\/v2\/posts\/18151","targetHints":{"allow":["GET"]}}],"collection":[{"href":"https:\/\/www.willi-graf-schulen.de\/gymnasium\/wp-json\/wp\/v2\/posts"}],"about":[{"href":"https:\/\/www.willi-graf-schulen.de\/gymnasium\/wp-json\/wp\/v2\/types\/post"}],"author":[{"embeddable":true,"href":"https:\/\/www.willi-graf-schulen.de\/gymnasium\/wp-json\/wp\/v2\/users\/8"}],"replies":[{"embeddable":true,"href":"https:\/\/www.willi-graf-schulen.de\/gymnasium\/wp-json\/wp\/v2\/comments?post=18151"}],"version-history":[{"count":9,"href":"https:\/\/www.willi-graf-schulen.de\/gymnasium\/wp-json\/wp\/v2\/posts\/18151\/revisions"}],"predecessor-version":[{"id":18160,"href":"https:\/\/www.willi-graf-schulen.de\/gymnasium\/wp-json\/wp\/v2\/posts\/18151\/revisions\/18160"}],"wp:featuredmedia":[{"embeddable":true,"href":"https:\/\/www.willi-graf-schulen.de\/gymnasium\/wp-json\/wp\/v2\/media\/18145"}],"wp:attachment":[{"href":"https:\/\/www.willi-graf-schulen.de\/gymnasium\/wp-json\/wp\/v2\/media?parent=18151"}],"wp:term":[{"taxonomy":"category","embeddable":true,"href":"https:\/\/www.willi-graf-schulen.de\/gymnasium\/wp-json\/wp\/v2\/categories?post=18151"},{"taxonomy":"post_tag","embeddable":true,"href":"https:\/\/www.willi-graf-schulen.de\/gymnasium\/wp-json\/wp\/v2\/tags?post=18151"}],"curies":[{"name":"wp","href":"https:\/\/api.w.org\/{rel}","templated":true}]}}