{"id":18161,"date":"2025-03-24T22:07:30","date_gmt":"2025-03-24T21:07:30","guid":{"rendered":"https:\/\/www.willi-graf-schulen.de\/gymnasium\/?p=18161"},"modified":"2025-04-03T22:20:38","modified_gmt":"2025-04-03T20:20:38","slug":"schueleraustausch-mit-remilly-2","status":"publish","type":"post","link":"https:\/\/www.willi-graf-schulen.de\/gymnasium\/schueleraustausch-mit-remilly-2\/","title":{"rendered":"Sch\u00fcleraustausch   mit   Remilly"},"content":{"rendered":"\t\t<div data-elementor-type=\"wp-post\" data-elementor-id=\"18161\" class=\"elementor elementor-18161\" data-elementor-post-type=\"post\">\n\t\t\t\t\t\t<section class=\"elementor-section elementor-top-section elementor-element elementor-element-34ce44f elementor-section-boxed elementor-section-height-default elementor-section-height-default\" data-id=\"34ce44f\" data-element_type=\"section\" data-e-type=\"section\" data-settings=\"{&quot;jet_parallax_layout_list&quot;:[]}\">\n\t\t\t\t\t\t<div class=\"elementor-container elementor-column-gap-default\">\n\t\t\t\t\t<div class=\"elementor-column elementor-col-100 elementor-top-column elementor-element elementor-element-a915603\" data-id=\"a915603\" data-element_type=\"column\" data-e-type=\"column\">\n\t\t\t<div class=\"elementor-widget-wrap elementor-element-populated\">\n\t\t\t\t\t\t<div class=\"elementor-element elementor-element-9e6a942 elementor-widget elementor-widget-text-editor\" data-id=\"9e6a942\" data-element_type=\"widget\" data-e-type=\"widget\" data-widget_type=\"text-editor.default\">\n\t\t\t\t<div class=\"elementor-widget-container\">\n\t\t\t\t\t\t\t\t\t<div><p>Am 20. M\u00e4rz ging es gemeinsam mit unserer Partnerklasse aus R\u00e9milly nach Bliesbruck-Reinheim, wo wir gemeinsam an dem Projekt \u201eFaites de l\u2019allemand\u201c teilnahmen. Nachdem wir uns im Dezember das erste Mal in Metz getroffen hatten, freuten wir uns auf ein Wiedersehen.<\/p><\/div><div><p>Morgens fr\u00fch wurden wir von den Franzosen mit einem Reisebus vor der Willi-Graf-Schule abgeholt. Wir fuhren eine halbe Stunde, bis wir am Arch\u00e4ologiepark in Bliesbruck-Reinheim ankamen.<\/p><\/div><div><p>Bei herrlichstem Wetter wurden wir mit einem kleinen Fr\u00fchst\u00fcck begr\u00fc\u00dft. Nach dem Fr\u00fchst\u00fcck wurden wir in Gruppen eingeteilt. In jeder Gruppe war mindestens ein deutsch-franz\u00f6sisch sprechender Student als Begleitperson. Nach dem Einteilen starteten wir unsere Rallye. Bei der Rallye haben wir uns viel bewegt und hatten sehr viel Spa\u00df. Dabei waren unsere Austauschpartner immer an unserer Seite.<\/p><\/div><div><p>W\u00e4hrend der Rallye wurden immer Gruppenfotos gemacht. Die Fragen waren abwechselnd auf deutsch und auf franz\u00f6sisch gestellt, weshalb wir immer mit den Franzosen interagieren mussten. In jeder Gruppe kamen am Ende andere L\u00f6sungsworte heraus. Nach der Rallye haben wir alle zusammen ein Gruppenbild gemacht. Danach sind wir gemeinsam zum H\u00f6rsaal gegangen und bekamen Kopfh\u00f6rer, die alles live \u00fcbersetzt haben.<\/p><\/div>\t\t\t\t\t\t\t\t<\/div>\n\t\t\t\t<\/div>\n\t\t\t\t<div class=\"elementor-element elementor-element-e1841ea elementor-widget elementor-widget-gallery\" data-id=\"e1841ea\" data-element_type=\"widget\" data-e-type=\"widget\" data-settings=\"{&quot;columns&quot;:&quot;2&quot;,&quot;gap&quot;:{&quot;unit&quot;:&quot;px&quot;,&quot;size&quot;:&quot;2&quot;,&quot;sizes&quot;:[]},&quot;lazyload&quot;:&quot;yes&quot;,&quot;gallery_layout&quot;:&quot;grid&quot;,&quot;columns_tablet&quot;:2,&quot;columns_mobile&quot;:1,&quot;gap_tablet&quot;:{&quot;unit&quot;:&quot;px&quot;,&quot;size&quot;:10,&quot;sizes&quot;:[]},&quot;gap_mobile&quot;:{&quot;unit&quot;:&quot;px&quot;,&quot;size&quot;:10,&quot;sizes&quot;:[]},&quot;link_to&quot;:&quot;file&quot;,&quot;aspect_ratio&quot;:&quot;3:2&quot;,&quot;overlay_background&quot;:&quot;yes&quot;,&quot;content_hover_animation&quot;:&quot;fade-in&quot;}\" data-widget_type=\"gallery.default\">\n\t\t\t\t<div class=\"elementor-widget-container\">\n\t\t\t\t\t\t\t<div class=\"elementor-gallery__container\">\n\t\t\t\t\t\t\t<a class=\"e-gallery-item elementor-gallery-item elementor-animated-content\" href=\"https:\/\/www.willi-graf-schulen.de\/gymnasium\/wp-content\/uploads\/sites\/5\/2025\/04\/Austausch-mit-Remilly-04.jpg\" data-elementor-open-lightbox=\"yes\" data-elementor-lightbox-slideshow=\"e1841ea\" data-elementor-lightbox-title=\"Austausch mit Remilly 04\" data-e-action-hash=\"#elementor-action%3Aaction%3Dlightbox%26settings%3DeyJpZCI6MTgxNDMsInVybCI6Imh0dHBzOlwvXC93d3cud2lsbGktZ3JhZi1zY2h1bGVuLmRlXC9neW1uYXNpdW1cL3dwLWNvbnRlbnRcL3VwbG9hZHNcL3NpdGVzXC81XC8yMDI1XC8wNFwvQXVzdGF1c2NoLW1pdC1SZW1pbGx5LTA0LmpwZyIsInNsaWRlc2hvdyI6ImUxODQxZWEifQ%3D%3D\">\n\t\t\t\t\t<div class=\"e-gallery-image elementor-gallery-item__image\" data-thumbnail=\"https:\/\/www.willi-graf-schulen.de\/gymnasium\/wp-content\/uploads\/sites\/5\/2025\/04\/Austausch-mit-Remilly-04-300x225.jpg\" data-width=\"300\" data-height=\"225\" aria-label=\"\" role=\"img\" ><\/div>\n\t\t\t\t\t\t\t\t\t\t\t<div class=\"elementor-gallery-item__overlay\"><\/div>\n\t\t\t\t\t\t\t\t\t\t\t\t\t\t<\/a>\n\t\t\t\t\t\t\t<a class=\"e-gallery-item elementor-gallery-item elementor-animated-content\" href=\"https:\/\/www.willi-graf-schulen.de\/gymnasium\/wp-content\/uploads\/sites\/5\/2025\/04\/Austausch-mit-Remilly-01.jpg\" data-elementor-open-lightbox=\"yes\" data-elementor-lightbox-slideshow=\"e1841ea\" data-elementor-lightbox-title=\"Austausch mit Remilly 01\" data-e-action-hash=\"#elementor-action%3Aaction%3Dlightbox%26settings%3DeyJpZCI6MTgxNDIsInVybCI6Imh0dHBzOlwvXC93d3cud2lsbGktZ3JhZi1zY2h1bGVuLmRlXC9neW1uYXNpdW1cL3dwLWNvbnRlbnRcL3VwbG9hZHNcL3NpdGVzXC81XC8yMDI1XC8wNFwvQXVzdGF1c2NoLW1pdC1SZW1pbGx5LTAxLmpwZyIsInNsaWRlc2hvdyI6ImUxODQxZWEifQ%3D%3D\">\n\t\t\t\t\t<div class=\"e-gallery-image elementor-gallery-item__image\" data-thumbnail=\"https:\/\/www.willi-graf-schulen.de\/gymnasium\/wp-content\/uploads\/sites\/5\/2025\/04\/Austausch-mit-Remilly-01-300x225.jpg\" data-width=\"300\" data-height=\"225\" aria-label=\"\" role=\"img\" ><\/div>\n\t\t\t\t\t\t\t\t\t\t\t<div class=\"elementor-gallery-item__overlay\"><\/div>\n\t\t\t\t\t\t\t\t\t\t\t\t\t\t<\/a>\n\t\t\t\t\t<\/div>\n\t\t\t\t\t<\/div>\n\t\t\t\t<\/div>\n\t\t\t\t<div class=\"elementor-element elementor-element-d05b5ba elementor-widget elementor-widget-text-editor\" data-id=\"d05b5ba\" data-element_type=\"widget\" data-e-type=\"widget\" data-widget_type=\"text-editor.default\">\n\t\t\t\t<div class=\"elementor-widget-container\">\n\t\t\t\t\t\t\t\t\t<div><p>Ein paar wichtige Personen wie die Staatssekret\u00e4rin f\u00fcr Bildung am Saarland Jessica Heide und der Vizepr\u00e4sident vom D\u00e9partement de la Moselle Gilbert Schuh sprachen \u00fcber unsere deutsch-franz\u00f6sische Freundschaft. Nach den Reden wurden die Freundschaftsplaketten Frau dAiglepierre und Madame Urrutia \u00fcberreicht. Nachdem die Plakette \u00fcbergeben worden war, gab es einen Aperitif mit einem kleinen Buffet. Als das Buffet zu Ende war, sind wir mit den Franzosen in unser Zelt gegangen und haben zusammen leckere Sandwiches zu Mittag gegessen. Nach dem Mittagessen konnte man entweder Fu\u00dfball oder V\u00f6lkerball spielen. Dabei haben wir uns viel bewegt.<\/p><\/div><div><p>Die Stimmung war zu jeder Zeit sehr ausgelassen und es wurde viel gelacht. Als der Tag zu Ende ging, begleiteten die Franzosen uns noch an die Schule. Alles in allem war es ein sehr sch\u00f6ner Tag.<\/p><\/div><div><p>Autoren: Ole Peitz, Maren Thei\u00df und Isabella Mathilda Potsch, 7b<\/p><\/div>\t\t\t\t\t\t\t\t<\/div>\n\t\t\t\t<\/div>\n\t\t\t\t<div class=\"elementor-element elementor-element-6508f14 elementor-widget elementor-widget-gallery\" data-id=\"6508f14\" data-element_type=\"widget\" data-e-type=\"widget\" data-settings=\"{&quot;gap&quot;:{&quot;unit&quot;:&quot;px&quot;,&quot;size&quot;:&quot;2&quot;,&quot;sizes&quot;:[]},&quot;lazyload&quot;:&quot;yes&quot;,&quot;gallery_layout&quot;:&quot;grid&quot;,&quot;columns&quot;:4,&quot;columns_tablet&quot;:2,&quot;columns_mobile&quot;:1,&quot;gap_tablet&quot;:{&quot;unit&quot;:&quot;px&quot;,&quot;size&quot;:10,&quot;sizes&quot;:[]},&quot;gap_mobile&quot;:{&quot;unit&quot;:&quot;px&quot;,&quot;size&quot;:10,&quot;sizes&quot;:[]},&quot;link_to&quot;:&quot;file&quot;,&quot;aspect_ratio&quot;:&quot;3:2&quot;,&quot;overlay_background&quot;:&quot;yes&quot;,&quot;content_hover_animation&quot;:&quot;fade-in&quot;}\" data-widget_type=\"gallery.default\">\n\t\t\t\t<div class=\"elementor-widget-container\">\n\t\t\t\t\t\t\t<div class=\"elementor-gallery__container\">\n\t\t\t\t\t\t\t<a class=\"e-gallery-item elementor-gallery-item elementor-animated-content\" href=\"https:\/\/www.willi-graf-schulen.de\/gymnasium\/wp-content\/uploads\/sites\/5\/2025\/04\/Austausch-mit-Remilly-03.jpg\" data-elementor-open-lightbox=\"yes\" data-elementor-lightbox-slideshow=\"6508f14\" data-elementor-lightbox-title=\"Austausch mit Remilly 03\" data-e-action-hash=\"#elementor-action%3Aaction%3Dlightbox%26settings%3DeyJpZCI6MTgxMzcsInVybCI6Imh0dHBzOlwvXC93d3cud2lsbGktZ3JhZi1zY2h1bGVuLmRlXC9neW1uYXNpdW1cL3dwLWNvbnRlbnRcL3VwbG9hZHNcL3NpdGVzXC81XC8yMDI1XC8wNFwvQXVzdGF1c2NoLW1pdC1SZW1pbGx5LTAzLmpwZyIsInNsaWRlc2hvdyI6IjY1MDhmMTQifQ%3D%3D\">\n\t\t\t\t\t<div class=\"e-gallery-image elementor-gallery-item__image\" data-thumbnail=\"https:\/\/www.willi-graf-schulen.de\/gymnasium\/wp-content\/uploads\/sites\/5\/2025\/04\/Austausch-mit-Remilly-03-300x225.jpg\" data-width=\"300\" data-height=\"225\" aria-label=\"\" role=\"img\" ><\/div>\n\t\t\t\t\t\t\t\t\t\t\t<div class=\"elementor-gallery-item__overlay\"><\/div>\n\t\t\t\t\t\t\t\t\t\t\t\t\t\t<\/a>\n\t\t\t\t\t\t\t<a class=\"e-gallery-item elementor-gallery-item elementor-animated-content\" href=\"https:\/\/www.willi-graf-schulen.de\/gymnasium\/wp-content\/uploads\/sites\/5\/2025\/04\/Austausch-mit-Remilly-06.jpg\" data-elementor-open-lightbox=\"yes\" data-elementor-lightbox-slideshow=\"6508f14\" data-elementor-lightbox-title=\"Austausch mit Remilly 06\" data-e-action-hash=\"#elementor-action%3Aaction%3Dlightbox%26settings%3DeyJpZCI6MTgxMzgsInVybCI6Imh0dHBzOlwvXC93d3cud2lsbGktZ3JhZi1zY2h1bGVuLmRlXC9neW1uYXNpdW1cL3dwLWNvbnRlbnRcL3VwbG9hZHNcL3NpdGVzXC81XC8yMDI1XC8wNFwvQXVzdGF1c2NoLW1pdC1SZW1pbGx5LTA2LmpwZyIsInNsaWRlc2hvdyI6IjY1MDhmMTQifQ%3D%3D\">\n\t\t\t\t\t<div class=\"e-gallery-image elementor-gallery-item__image\" data-thumbnail=\"https:\/\/www.willi-graf-schulen.de\/gymnasium\/wp-content\/uploads\/sites\/5\/2025\/04\/Austausch-mit-Remilly-06-300x225.jpg\" data-width=\"300\" data-height=\"225\" aria-label=\"\" role=\"img\" ><\/div>\n\t\t\t\t\t\t\t\t\t\t\t<div class=\"elementor-gallery-item__overlay\"><\/div>\n\t\t\t\t\t\t\t\t\t\t\t\t\t\t<\/a>\n\t\t\t\t\t\t\t<a class=\"e-gallery-item elementor-gallery-item elementor-animated-content\" href=\"https:\/\/www.willi-graf-schulen.de\/gymnasium\/wp-content\/uploads\/sites\/5\/2025\/04\/Austausch-mit-Remilly-05.jpg\" data-elementor-open-lightbox=\"yes\" data-elementor-lightbox-slideshow=\"6508f14\" data-elementor-lightbox-title=\"Austausch mit Remilly 05\" data-e-action-hash=\"#elementor-action%3Aaction%3Dlightbox%26settings%3DeyJpZCI6MTgxMzYsInVybCI6Imh0dHBzOlwvXC93d3cud2lsbGktZ3JhZi1zY2h1bGVuLmRlXC9neW1uYXNpdW1cL3dwLWNvbnRlbnRcL3VwbG9hZHNcL3NpdGVzXC81XC8yMDI1XC8wNFwvQXVzdGF1c2NoLW1pdC1SZW1pbGx5LTA1LmpwZyIsInNsaWRlc2hvdyI6IjY1MDhmMTQifQ%3D%3D\">\n\t\t\t\t\t<div class=\"e-gallery-image elementor-gallery-item__image\" data-thumbnail=\"https:\/\/www.willi-graf-schulen.de\/gymnasium\/wp-content\/uploads\/sites\/5\/2025\/04\/Austausch-mit-Remilly-05-300x225.jpg\" data-width=\"300\" data-height=\"225\" aria-label=\"\" role=\"img\" ><\/div>\n\t\t\t\t\t\t\t\t\t\t\t<div class=\"elementor-gallery-item__overlay\"><\/div>\n\t\t\t\t\t\t\t\t\t\t\t\t\t\t<\/a>\n\t\t\t\t\t\t\t<a class=\"e-gallery-item elementor-gallery-item elementor-animated-content\" href=\"https:\/\/www.willi-graf-schulen.de\/gymnasium\/wp-content\/uploads\/sites\/5\/2025\/04\/Austausch-mit-Remilly-07.jpg\" data-elementor-open-lightbox=\"yes\" data-elementor-lightbox-slideshow=\"6508f14\" data-elementor-lightbox-title=\"Austausch mit Remilly 07\" data-e-action-hash=\"#elementor-action%3Aaction%3Dlightbox%26settings%3DeyJpZCI6MTgxMzksInVybCI6Imh0dHBzOlwvXC93d3cud2lsbGktZ3JhZi1zY2h1bGVuLmRlXC9neW1uYXNpdW1cL3dwLWNvbnRlbnRcL3VwbG9hZHNcL3NpdGVzXC81XC8yMDI1XC8wNFwvQXVzdGF1c2NoLW1pdC1SZW1pbGx5LTA3LmpwZyIsInNsaWRlc2hvdyI6IjY1MDhmMTQifQ%3D%3D\">\n\t\t\t\t\t<div class=\"e-gallery-image elementor-gallery-item__image\" data-thumbnail=\"https:\/\/www.willi-graf-schulen.de\/gymnasium\/wp-content\/uploads\/sites\/5\/2025\/04\/Austausch-mit-Remilly-07-300x225.jpg\" data-width=\"300\" data-height=\"225\" aria-label=\"\" role=\"img\" ><\/div>\n\t\t\t\t\t\t\t\t\t\t\t<div class=\"elementor-gallery-item__overlay\"><\/div>\n\t\t\t\t\t\t\t\t\t\t\t\t\t\t<\/a>\n\t\t\t\t\t<\/div>\n\t\t\t\t\t<\/div>\n\t\t\t\t<\/div>\n\t\t\t\t\t<\/div>\n\t\t<\/div>\n\t\t\t\t\t<\/div>\n\t\t<\/section>\n\t\t\t\t<\/div>\n\t\t","protected":false},"excerpt":{"rendered":"<p>Am 20. M\u00e4rz ging es gemeinsam mit unserer Partnerklasse aus R\u00e9milly nach Bliesbruck-Reinheim, wo wir gemeinsam an dem Projekt \u201eFaites de l\u2019allemand\u201c teilnahmen. Nachdem wir uns im Dezember das erste Mal in Metz getroffen hatten, freuten wir uns auf ein Wiedersehen. Morgens fr\u00fch wurden wir von den Franzosen mit einem Reisebus vor der Willi-Graf-Schule abgeholt. [&hellip;]<\/p>\n","protected":false},"author":8,"featured_media":18141,"comment_status":"open","ping_status":"open","sticky":false,"template":"","format":"standard","meta":{"footnotes":""},"categories":[94],"tags":[],"class_list":["post-18161","post","type-post","status-publish","format-standard","has-post-thumbnail","hentry","category-aktuelles"],"_links":{"self":[{"href":"https:\/\/www.willi-graf-schulen.de\/gymnasium\/wp-json\/wp\/v2\/posts\/18161","targetHints":{"allow":["GET"]}}],"collection":[{"href":"https:\/\/www.willi-graf-schulen.de\/gymnasium\/wp-json\/wp\/v2\/posts"}],"about":[{"href":"https:\/\/www.willi-graf-schulen.de\/gymnasium\/wp-json\/wp\/v2\/types\/post"}],"author":[{"embeddable":true,"href":"https:\/\/www.willi-graf-schulen.de\/gymnasium\/wp-json\/wp\/v2\/users\/8"}],"replies":[{"embeddable":true,"href":"https:\/\/www.willi-graf-schulen.de\/gymnasium\/wp-json\/wp\/v2\/comments?post=18161"}],"version-history":[{"count":16,"href":"https:\/\/www.willi-graf-schulen.de\/gymnasium\/wp-json\/wp\/v2\/posts\/18161\/revisions"}],"predecessor-version":[{"id":18177,"href":"https:\/\/www.willi-graf-schulen.de\/gymnasium\/wp-json\/wp\/v2\/posts\/18161\/revisions\/18177"}],"wp:featuredmedia":[{"embeddable":true,"href":"https:\/\/www.willi-graf-schulen.de\/gymnasium\/wp-json\/wp\/v2\/media\/18141"}],"wp:attachment":[{"href":"https:\/\/www.willi-graf-schulen.de\/gymnasium\/wp-json\/wp\/v2\/media?parent=18161"}],"wp:term":[{"taxonomy":"category","embeddable":true,"href":"https:\/\/www.willi-graf-schulen.de\/gymnasium\/wp-json\/wp\/v2\/categories?post=18161"},{"taxonomy":"post_tag","embeddable":true,"href":"https:\/\/www.willi-graf-schulen.de\/gymnasium\/wp-json\/wp\/v2\/tags?post=18161"}],"curies":[{"name":"wp","href":"https:\/\/api.w.org\/{rel}","templated":true}]}}