{"id":18427,"date":"2025-05-19T18:18:51","date_gmt":"2025-05-19T16:18:51","guid":{"rendered":"https:\/\/www.willi-graf-schulen.de\/gymnasium\/?p=18427"},"modified":"2025-05-21T18:26:24","modified_gmt":"2025-05-21T16:26:24","slug":"meet-greet-tage-2025","status":"publish","type":"post","link":"https:\/\/www.willi-graf-schulen.de\/gymnasium\/meet-greet-tage-2025\/","title":{"rendered":"Meet &amp; Greet-Tage 2025"},"content":{"rendered":"\t\t<div data-elementor-type=\"wp-post\" data-elementor-id=\"18427\" class=\"elementor elementor-18427\" data-elementor-post-type=\"post\">\n\t\t\t\t\t\t<section class=\"elementor-section elementor-top-section elementor-element elementor-element-0a72045 elementor-section-boxed elementor-section-height-default elementor-section-height-default\" data-id=\"0a72045\" data-element_type=\"section\" data-e-type=\"section\" data-settings=\"{&quot;jet_parallax_layout_list&quot;:[]}\">\n\t\t\t\t\t\t<div class=\"elementor-container elementor-column-gap-default\">\n\t\t\t\t\t<div class=\"elementor-column elementor-col-100 elementor-top-column elementor-element elementor-element-7cc02be\" data-id=\"7cc02be\" data-element_type=\"column\" data-e-type=\"column\">\n\t\t\t<div class=\"elementor-widget-wrap elementor-element-populated\">\n\t\t\t\t\t\t<div class=\"elementor-element elementor-element-27a4970 elementor-widget elementor-widget-text-editor\" data-id=\"27a4970\" data-element_type=\"widget\" data-e-type=\"widget\" data-widget_type=\"text-editor.default\">\n\t\t\t\t<div class=\"elementor-widget-container\">\n\t\t\t\t\t\t\t\t\t<p><strong>Die<\/strong><b> 10c auf Augenh\u00f6he mit dem Bischof. \u00a0\u00a0<\/b><\/p><p>Nicht \u00fcberall, wo \u201ekatholisch\u201c drin ist, steht auch \u201ekatholisch\u201c drauf. Neugierde wecken, um hinter die Kulissen zu blicken und Menschen zu treffen, die f\u00fcr die katholische Kirche arbeiten, das ist die Idee der <b>Meet &amp; Greet<\/b>-Tage im Rahmen der Heilig-Rock-Tage. Am 7.Mai nutzte die 10c diese Chance, um in Workshops und in pers\u00f6nlichen Gespr\u00e4chen die katholische Arbeitswelt n\u00e4her kennenzulernen., denn viele Sch\u00fclerinnen und Sch\u00fcler haben auch privat Bezug zur katholischen Kirche und waren beispielsweise Messdiener. \u00a0<\/p><p>Zusammen mit einer Klasse der Berufsbildenden Schule f\u00fcr Gestaltung und Technik\u00a0in Trier erhalten sie in zahlreichen Workshops und Erkundungstouren Einblick hinter die Kulissen kirchlicher Einrichtungen im Bistum Trier.\u00a0<\/p><p>\u00a0\u201eSich etwas zutrauen und seine Grenzen austesten \u2013 das war schon sehr gut\u201d, betont Paulina. Sie war am Morgen zum<b> Klettern im Jugendzentrum Mergener Hof <\/b>gewesen. Dabei ging es nicht nur darum, \u201ehoch hinaus\u201c zu kommen, sondern schon am Boden, bevor es losgeht, sich als Team zu finden, die Kletterausr\u00fcstung anzulegen, Knoten zu \u00fcben und Kommandos abzusprechen.\u00a0<\/p><p>Andere besuchten den Workshop <b>Mehr als Du Dir vorstellst: Willkommen in der\u00a0Welt der\u00a0Theologie<\/b> und fuhren an die Trierer Universit\u00e4t, wieder andere interessierte die Arbeit eines Gef\u00e4ngnisseelsorgers im Workshop <b>Kirche &amp; Seelsorge im Knast: &#8222;Denkt an die Gefangenen, als w\u00e4ret ihr mitgefangen!&#8220; <\/b>(Hebr. 13, 3), einige\u00a0konnten im <b>Politischen Escape-Room <\/b>einen Kriminalfall\u00a0l\u00f6sen.\u00a0<\/p><p>Als kompetente Ansprechpartner standen Professor Walter Andreas Euler, der die Fragen der Sch\u00fclerinnen und Sch\u00fcler zur Fakult\u00e4t beantwortet, sowie Gef\u00e4ngnis-Diakon Thomas Reichert, der in der JVA Wittlich arbeitet, Rede und Antwort.\u00a0<\/p>\t\t\t\t\t\t\t\t<\/div>\n\t\t\t\t<\/div>\n\t\t\t\t<div class=\"elementor-element elementor-element-edddc2a elementor-widget elementor-widget-gallery\" data-id=\"edddc2a\" data-element_type=\"widget\" data-e-type=\"widget\" data-settings=\"{&quot;columns&quot;:&quot;5&quot;,&quot;gap&quot;:{&quot;unit&quot;:&quot;px&quot;,&quot;size&quot;:&quot;2&quot;,&quot;sizes&quot;:[]},&quot;lazyload&quot;:&quot;yes&quot;,&quot;gallery_layout&quot;:&quot;grid&quot;,&quot;columns_tablet&quot;:2,&quot;columns_mobile&quot;:1,&quot;gap_tablet&quot;:{&quot;unit&quot;:&quot;px&quot;,&quot;size&quot;:10,&quot;sizes&quot;:[]},&quot;gap_mobile&quot;:{&quot;unit&quot;:&quot;px&quot;,&quot;size&quot;:10,&quot;sizes&quot;:[]},&quot;link_to&quot;:&quot;file&quot;,&quot;aspect_ratio&quot;:&quot;3:2&quot;,&quot;overlay_background&quot;:&quot;yes&quot;,&quot;content_hover_animation&quot;:&quot;fade-in&quot;}\" data-widget_type=\"gallery.default\">\n\t\t\t\t<div class=\"elementor-widget-container\">\n\t\t\t\t\t\t\t<div class=\"elementor-gallery__container\">\n\t\t\t\t\t\t\t<a class=\"e-gallery-item elementor-gallery-item elementor-animated-content\" href=\"https:\/\/www.willi-graf-schulen.de\/gymnasium\/wp-content\/uploads\/sites\/5\/2025\/05\/Meeet-and-Greet-quer-01.jpg\" data-elementor-open-lightbox=\"yes\" data-elementor-lightbox-slideshow=\"edddc2a\" data-elementor-lightbox-title=\"Meeet and Greet quer 01\" data-e-action-hash=\"#elementor-action%3Aaction%3Dlightbox%26settings%3DeyJpZCI6MTg0MTMsInVybCI6Imh0dHBzOlwvXC93d3cud2lsbGktZ3JhZi1zY2h1bGVuLmRlXC9neW1uYXNpdW1cL3dwLWNvbnRlbnRcL3VwbG9hZHNcL3NpdGVzXC81XC8yMDI1XC8wNVwvTWVlZXQtYW5kLUdyZWV0LXF1ZXItMDEuanBnIiwic2xpZGVzaG93IjoiZWRkZGMyYSJ9\">\n\t\t\t\t\t<div class=\"e-gallery-image elementor-gallery-item__image\" data-thumbnail=\"https:\/\/www.willi-graf-schulen.de\/gymnasium\/wp-content\/uploads\/sites\/5\/2025\/05\/Meeet-and-Greet-quer-01-300x225.jpg\" data-width=\"300\" data-height=\"225\" aria-label=\"\" role=\"img\" ><\/div>\n\t\t\t\t\t\t\t\t\t\t\t<div class=\"elementor-gallery-item__overlay\"><\/div>\n\t\t\t\t\t\t\t\t\t\t\t\t\t\t<\/a>\n\t\t\t\t\t\t\t<a class=\"e-gallery-item elementor-gallery-item elementor-animated-content\" href=\"https:\/\/www.willi-graf-schulen.de\/gymnasium\/wp-content\/uploads\/sites\/5\/2025\/05\/Meeet-and-Greet-quer-03.jpg\" data-elementor-open-lightbox=\"yes\" data-elementor-lightbox-slideshow=\"edddc2a\" data-elementor-lightbox-title=\"Meeet and Greet quer 03\" data-e-action-hash=\"#elementor-action%3Aaction%3Dlightbox%26settings%3DeyJpZCI6MTg0MTUsInVybCI6Imh0dHBzOlwvXC93d3cud2lsbGktZ3JhZi1zY2h1bGVuLmRlXC9neW1uYXNpdW1cL3dwLWNvbnRlbnRcL3VwbG9hZHNcL3NpdGVzXC81XC8yMDI1XC8wNVwvTWVlZXQtYW5kLUdyZWV0LXF1ZXItMDMuanBnIiwic2xpZGVzaG93IjoiZWRkZGMyYSJ9\">\n\t\t\t\t\t<div class=\"e-gallery-image elementor-gallery-item__image\" data-thumbnail=\"https:\/\/www.willi-graf-schulen.de\/gymnasium\/wp-content\/uploads\/sites\/5\/2025\/05\/Meeet-and-Greet-quer-03-300x225.jpg\" data-width=\"300\" data-height=\"225\" aria-label=\"\" role=\"img\" ><\/div>\n\t\t\t\t\t\t\t\t\t\t\t<div class=\"elementor-gallery-item__overlay\"><\/div>\n\t\t\t\t\t\t\t\t\t\t\t\t\t\t<\/a>\n\t\t\t\t\t\t\t<a class=\"e-gallery-item elementor-gallery-item elementor-animated-content\" href=\"https:\/\/www.willi-graf-schulen.de\/gymnasium\/wp-content\/uploads\/sites\/5\/2025\/05\/Meeet-and-Greet-quer-04.jpg\" data-elementor-open-lightbox=\"yes\" data-elementor-lightbox-slideshow=\"edddc2a\" data-elementor-lightbox-title=\"Meeet and Greet quer 04\" data-e-action-hash=\"#elementor-action%3Aaction%3Dlightbox%26settings%3DeyJpZCI6MTg0MTYsInVybCI6Imh0dHBzOlwvXC93d3cud2lsbGktZ3JhZi1zY2h1bGVuLmRlXC9neW1uYXNpdW1cL3dwLWNvbnRlbnRcL3VwbG9hZHNcL3NpdGVzXC81XC8yMDI1XC8wNVwvTWVlZXQtYW5kLUdyZWV0LXF1ZXItMDQuanBnIiwic2xpZGVzaG93IjoiZWRkZGMyYSJ9\">\n\t\t\t\t\t<div class=\"e-gallery-image elementor-gallery-item__image\" data-thumbnail=\"https:\/\/www.willi-graf-schulen.de\/gymnasium\/wp-content\/uploads\/sites\/5\/2025\/05\/Meeet-and-Greet-quer-04-300x225.jpg\" data-width=\"300\" data-height=\"225\" aria-label=\"\" role=\"img\" ><\/div>\n\t\t\t\t\t\t\t\t\t\t\t<div class=\"elementor-gallery-item__overlay\"><\/div>\n\t\t\t\t\t\t\t\t\t\t\t\t\t\t<\/a>\n\t\t\t\t\t\t\t<a class=\"e-gallery-item elementor-gallery-item elementor-animated-content\" href=\"https:\/\/www.willi-graf-schulen.de\/gymnasium\/wp-content\/uploads\/sites\/5\/2025\/05\/Meeet-and-Greet-quer-02.jpg\" data-elementor-open-lightbox=\"yes\" data-elementor-lightbox-slideshow=\"edddc2a\" data-elementor-lightbox-title=\"Meeet and Greet quer 02\" data-e-action-hash=\"#elementor-action%3Aaction%3Dlightbox%26settings%3DeyJpZCI6MTg0MTQsInVybCI6Imh0dHBzOlwvXC93d3cud2lsbGktZ3JhZi1zY2h1bGVuLmRlXC9neW1uYXNpdW1cL3dwLWNvbnRlbnRcL3VwbG9hZHNcL3NpdGVzXC81XC8yMDI1XC8wNVwvTWVlZXQtYW5kLUdyZWV0LXF1ZXItMDIuanBnIiwic2xpZGVzaG93IjoiZWRkZGMyYSJ9\">\n\t\t\t\t\t<div class=\"e-gallery-image elementor-gallery-item__image\" data-thumbnail=\"https:\/\/www.willi-graf-schulen.de\/gymnasium\/wp-content\/uploads\/sites\/5\/2025\/05\/Meeet-and-Greet-quer-02-300x225.jpg\" data-width=\"300\" data-height=\"225\" aria-label=\"\" role=\"img\" ><\/div>\n\t\t\t\t\t\t\t\t\t\t\t<div class=\"elementor-gallery-item__overlay\"><\/div>\n\t\t\t\t\t\t\t\t\t\t\t\t\t\t<\/a>\n\t\t\t\t\t\t\t<a class=\"e-gallery-item elementor-gallery-item elementor-animated-content\" href=\"https:\/\/www.willi-graf-schulen.de\/gymnasium\/wp-content\/uploads\/sites\/5\/2025\/05\/Meeet-and-Greet-quer-05.jpg\" data-elementor-open-lightbox=\"yes\" data-elementor-lightbox-slideshow=\"edddc2a\" data-elementor-lightbox-title=\"Meeet and Greet quer 05\" data-e-action-hash=\"#elementor-action%3Aaction%3Dlightbox%26settings%3DeyJpZCI6MTg0MTcsInVybCI6Imh0dHBzOlwvXC93d3cud2lsbGktZ3JhZi1zY2h1bGVuLmRlXC9neW1uYXNpdW1cL3dwLWNvbnRlbnRcL3VwbG9hZHNcL3NpdGVzXC81XC8yMDI1XC8wNVwvTWVlZXQtYW5kLUdyZWV0LXF1ZXItMDUuanBnIiwic2xpZGVzaG93IjoiZWRkZGMyYSJ9\">\n\t\t\t\t\t<div class=\"e-gallery-image elementor-gallery-item__image\" data-thumbnail=\"https:\/\/www.willi-graf-schulen.de\/gymnasium\/wp-content\/uploads\/sites\/5\/2025\/05\/Meeet-and-Greet-quer-05-300x225.jpg\" data-width=\"300\" data-height=\"225\" aria-label=\"\" role=\"img\" ><\/div>\n\t\t\t\t\t\t\t\t\t\t\t<div class=\"elementor-gallery-item__overlay\"><\/div>\n\t\t\t\t\t\t\t\t\t\t\t\t\t\t<\/a>\n\t\t\t\t\t<\/div>\n\t\t\t\t\t<\/div>\n\t\t\t\t<\/div>\n\t\t\t\t\t<\/div>\n\t\t<\/div>\n\t\t\t\t\t<\/div>\n\t\t<\/section>\n\t\t\t\t<\/div>\n\t\t","protected":false},"excerpt":{"rendered":"<p>Die 10c auf Augenh\u00f6he mit dem Bischof. \u00a0\u00a0 Nicht \u00fcberall, wo \u201ekatholisch\u201c drin ist, steht auch \u201ekatholisch\u201c drauf. Neugierde wecken, um hinter die Kulissen zu blicken und Menschen zu treffen, die f\u00fcr die katholische Kirche arbeiten, das ist die Idee der Meet &amp; Greet-Tage im Rahmen der Heilig-Rock-Tage. Am 7.Mai nutzte die 10c diese Chance, [&hellip;]<\/p>\n","protected":false},"author":8,"featured_media":18419,"comment_status":"open","ping_status":"open","sticky":false,"template":"","format":"standard","meta":{"footnotes":""},"categories":[94],"tags":[],"class_list":["post-18427","post","type-post","status-publish","format-standard","has-post-thumbnail","hentry","category-aktuelles"],"_links":{"self":[{"href":"https:\/\/www.willi-graf-schulen.de\/gymnasium\/wp-json\/wp\/v2\/posts\/18427","targetHints":{"allow":["GET"]}}],"collection":[{"href":"https:\/\/www.willi-graf-schulen.de\/gymnasium\/wp-json\/wp\/v2\/posts"}],"about":[{"href":"https:\/\/www.willi-graf-schulen.de\/gymnasium\/wp-json\/wp\/v2\/types\/post"}],"author":[{"embeddable":true,"href":"https:\/\/www.willi-graf-schulen.de\/gymnasium\/wp-json\/wp\/v2\/users\/8"}],"replies":[{"embeddable":true,"href":"https:\/\/www.willi-graf-schulen.de\/gymnasium\/wp-json\/wp\/v2\/comments?post=18427"}],"version-history":[{"count":10,"href":"https:\/\/www.willi-graf-schulen.de\/gymnasium\/wp-json\/wp\/v2\/posts\/18427\/revisions"}],"predecessor-version":[{"id":18437,"href":"https:\/\/www.willi-graf-schulen.de\/gymnasium\/wp-json\/wp\/v2\/posts\/18427\/revisions\/18437"}],"wp:featuredmedia":[{"embeddable":true,"href":"https:\/\/www.willi-graf-schulen.de\/gymnasium\/wp-json\/wp\/v2\/media\/18419"}],"wp:attachment":[{"href":"https:\/\/www.willi-graf-schulen.de\/gymnasium\/wp-json\/wp\/v2\/media?parent=18427"}],"wp:term":[{"taxonomy":"category","embeddable":true,"href":"https:\/\/www.willi-graf-schulen.de\/gymnasium\/wp-json\/wp\/v2\/categories?post=18427"},{"taxonomy":"post_tag","embeddable":true,"href":"https:\/\/www.willi-graf-schulen.de\/gymnasium\/wp-json\/wp\/v2\/tags?post=18427"}],"curies":[{"name":"wp","href":"https:\/\/api.w.org\/{rel}","templated":true}]}}