{"id":18453,"date":"2025-05-30T05:05:14","date_gmt":"2025-05-30T03:05:14","guid":{"rendered":"https:\/\/www.willi-graf-schulen.de\/gymnasium\/?p=18453"},"modified":"2025-06-13T05:16:48","modified_gmt":"2025-06-13T03:16:48","slug":"jean-monnet-schultag-2025","status":"publish","type":"post","link":"https:\/\/www.willi-graf-schulen.de\/gymnasium\/jean-monnet-schultag-2025\/","title":{"rendered":"Jean-Monnet-Schultag 2025"},"content":{"rendered":"\t\t<div data-elementor-type=\"wp-post\" data-elementor-id=\"18453\" class=\"elementor elementor-18453\" data-elementor-post-type=\"post\">\n\t\t\t\t\t\t<section class=\"elementor-section elementor-top-section elementor-element elementor-element-b20a008 elementor-section-boxed elementor-section-height-default elementor-section-height-default\" data-id=\"b20a008\" data-element_type=\"section\" data-e-type=\"section\" data-settings=\"{&quot;jet_parallax_layout_list&quot;:[]}\">\n\t\t\t\t\t\t<div class=\"elementor-container elementor-column-gap-default\">\n\t\t\t\t\t<div class=\"elementor-column elementor-col-100 elementor-top-column elementor-element elementor-element-5ba32de\" data-id=\"5ba32de\" data-element_type=\"column\" data-e-type=\"column\">\n\t\t\t<div class=\"elementor-widget-wrap elementor-element-populated\">\n\t\t\t\t\t\t<div class=\"elementor-element elementor-element-4a0fa51 elementor-widget elementor-widget-text-editor\" data-id=\"4a0fa51\" data-element_type=\"widget\" data-e-type=\"widget\" data-widget_type=\"text-editor.default\">\n\t\t\t\t<div class=\"elementor-widget-container\">\n\t\t\t\t\t\t\t\t\t<p>Am 14. Mai hatten wir als Politikgrundkurs die M\u00f6glichkeit, an dem j\u00e4hrlich veranstalteten Jean-Monnet-Schultag des Europa-Instituts an der Universit\u00e4t des Saarlandes teilzunehmen. In diesem Jahr stand die europ\u00e4ische Rohstoffpoltik unter dem Titel \u201eKampf um Rohstoffe &#8211; Rohstoffsicherung der Europ\u00e4ischen Union\u201c an.<span class=\"Apple-converted-space\">\u00a0<\/span><\/p><p>Zu Beginn der Veranstaltung um 9:00 Uhr wurden wir und die Politikkurse einer weiteren Schule von Professor Dr. Marc Bungenberg, Inhaber des Jean Monnet-Lehrstuhls f\u00fcr sicheres und nachhaltiges Rohstoffsrecht und Wirtschaftspolitik sowie Direktor des Europa-Instituts, begr\u00fc\u00dft.<span class=\"Apple-converted-space\">\u00a0<\/span><\/p><p>Nach einer durch diesen erfolgten thematischen Einf\u00fchrung wurden wir in verschiedene Workshops eingeteilt, in welchen wir die Rohstoffe Lithium, Palm\u00f6l, Erd\u00f6l und Diamanten genau unter die Lupe nahmen.<span class=\"Apple-converted-space\">\u00a0<\/span><\/p><p>Die Workshops wurden von Mitarbeiter:innen des Lehrstuhls geleitet. Die Worshopleitung stellte uns Informationen sowie Arbeitsmaterial zur Verf\u00fcgung.<span class=\"Apple-converted-space\">\u00a0<\/span><\/p><p>Anschlie\u00dfend bekamen wir Zeit, um eigenst\u00e4ndig \u00fcber den uns zugeteilten Rohstoff zu recherchieren und seine globalen Hintergr\u00fcnde sowie europ\u00e4ische Relevanz herauszuarbeiten. Bei Fragen stand uns die Workshopleitung stets zur Verf\u00fcgung. Mit dem herausgearbeiteten Material gestalteten wir Plakate f\u00fcr die Pr\u00e4sentation unserer Ergebnisse. Im Laufe der Workshops hatten wir eine Pause, in der wir mit Essen und Trinken versorgt wurden.<span class=\"Apple-converted-space\">\u00a0<\/span><\/p><p>Sp\u00e4ter trafen sich alle Gruppen nochmal zusammen, um ihre L\u00f6sungen und Plakate in Form eines Vortrags zu pr\u00e4sentieren. Die Veranstaltung endete mit abschlie\u00dfenden und unsere Arbeit w\u00fcrdigenden Worten von Professor Dr. Marc Bungenberg.<span class=\"Apple-converted-space\">\u00a0<\/span><\/p>\t\t\t\t\t\t\t\t<\/div>\n\t\t\t\t<\/div>\n\t\t\t\t<div class=\"elementor-element elementor-element-b919fc6 elementor-widget elementor-widget-gallery\" data-id=\"b919fc6\" data-element_type=\"widget\" data-e-type=\"widget\" data-settings=\"{&quot;columns&quot;:&quot;2&quot;,&quot;gap&quot;:{&quot;unit&quot;:&quot;px&quot;,&quot;size&quot;:&quot;2&quot;,&quot;sizes&quot;:[]},&quot;lazyload&quot;:&quot;yes&quot;,&quot;gallery_layout&quot;:&quot;grid&quot;,&quot;columns_tablet&quot;:2,&quot;columns_mobile&quot;:1,&quot;gap_tablet&quot;:{&quot;unit&quot;:&quot;px&quot;,&quot;size&quot;:10,&quot;sizes&quot;:[]},&quot;gap_mobile&quot;:{&quot;unit&quot;:&quot;px&quot;,&quot;size&quot;:10,&quot;sizes&quot;:[]},&quot;link_to&quot;:&quot;file&quot;,&quot;aspect_ratio&quot;:&quot;3:2&quot;,&quot;overlay_background&quot;:&quot;yes&quot;,&quot;content_hover_animation&quot;:&quot;fade-in&quot;}\" data-widget_type=\"gallery.default\">\n\t\t\t\t<div class=\"elementor-widget-container\">\n\t\t\t\t\t\t\t<div class=\"elementor-gallery__container\">\n\t\t\t\t\t\t\t<a class=\"e-gallery-item elementor-gallery-item elementor-animated-content\" href=\"https:\/\/www.willi-graf-schulen.de\/gymnasium\/wp-content\/uploads\/sites\/5\/2025\/06\/Jean-Monnet-Tag-UNI-SB-2025-01.jpeg\" data-elementor-open-lightbox=\"yes\" data-elementor-lightbox-slideshow=\"b919fc6\" data-elementor-lightbox-title=\"Jean Monnet Tag UNI SB 2025 01\" data-e-action-hash=\"#elementor-action%3Aaction%3Dlightbox%26settings%3DeyJpZCI6MTg0NTksInVybCI6Imh0dHBzOlwvXC93d3cud2lsbGktZ3JhZi1zY2h1bGVuLmRlXC9neW1uYXNpdW1cL3dwLWNvbnRlbnRcL3VwbG9hZHNcL3NpdGVzXC81XC8yMDI1XC8wNlwvSmVhbi1Nb25uZXQtVGFnLVVOSS1TQi0yMDI1LTAxLmpwZWciLCJzbGlkZXNob3ciOiJiOTE5ZmM2In0%3D\">\n\t\t\t\t\t<div class=\"e-gallery-image elementor-gallery-item__image\" data-thumbnail=\"https:\/\/www.willi-graf-schulen.de\/gymnasium\/wp-content\/uploads\/sites\/5\/2025\/06\/Jean-Monnet-Tag-UNI-SB-2025-01-300x225.jpeg\" data-width=\"300\" data-height=\"225\" aria-label=\"\" role=\"img\" ><\/div>\n\t\t\t\t\t\t\t\t\t\t\t<div class=\"elementor-gallery-item__overlay\"><\/div>\n\t\t\t\t\t\t\t\t\t\t\t\t\t\t<\/a>\n\t\t\t\t\t\t\t<a class=\"e-gallery-item elementor-gallery-item elementor-animated-content\" href=\"https:\/\/www.willi-graf-schulen.de\/gymnasium\/wp-content\/uploads\/sites\/5\/2025\/06\/Jean-Monnet-Tag-UNI-SB-2025-02.jpeg\" data-elementor-open-lightbox=\"yes\" data-elementor-lightbox-slideshow=\"b919fc6\" data-elementor-lightbox-title=\"Jean Monnet Tag UNI SB 2025 02\" data-e-action-hash=\"#elementor-action%3Aaction%3Dlightbox%26settings%3DeyJpZCI6MTg0NTgsInVybCI6Imh0dHBzOlwvXC93d3cud2lsbGktZ3JhZi1zY2h1bGVuLmRlXC9neW1uYXNpdW1cL3dwLWNvbnRlbnRcL3VwbG9hZHNcL3NpdGVzXC81XC8yMDI1XC8wNlwvSmVhbi1Nb25uZXQtVGFnLVVOSS1TQi0yMDI1LTAyLmpwZWciLCJzbGlkZXNob3ciOiJiOTE5ZmM2In0%3D\">\n\t\t\t\t\t<div class=\"e-gallery-image elementor-gallery-item__image\" data-thumbnail=\"https:\/\/www.willi-graf-schulen.de\/gymnasium\/wp-content\/uploads\/sites\/5\/2025\/06\/Jean-Monnet-Tag-UNI-SB-2025-02-300x225.jpeg\" data-width=\"300\" data-height=\"225\" aria-label=\"\" role=\"img\" ><\/div>\n\t\t\t\t\t\t\t\t\t\t\t<div class=\"elementor-gallery-item__overlay\"><\/div>\n\t\t\t\t\t\t\t\t\t\t\t\t\t\t<\/a>\n\t\t\t\t\t<\/div>\n\t\t\t\t\t<\/div>\n\t\t\t\t<\/div>\n\t\t\t\t\t<\/div>\n\t\t<\/div>\n\t\t\t\t\t<\/div>\n\t\t<\/section>\n\t\t\t\t<\/div>\n\t\t","protected":false},"excerpt":{"rendered":"<p>Am 14. Mai hatten wir als Politikgrundkurs die M\u00f6glichkeit, an dem j\u00e4hrlich veranstalteten Jean-Monnet-Schultag des Europa-Instituts an der Universit\u00e4t des Saarlandes teilzunehmen. In diesem Jahr stand die europ\u00e4ische Rohstoffpoltik unter dem Titel \u201eKampf um Rohstoffe &#8211; Rohstoffsicherung der Europ\u00e4ischen Union\u201c an.\u00a0 Zu Beginn der Veranstaltung um 9:00 Uhr wurden wir und die Politikkurse einer weiteren [&hellip;]<\/p>\n","protected":false},"author":8,"featured_media":18460,"comment_status":"open","ping_status":"open","sticky":false,"template":"","format":"standard","meta":{"footnotes":""},"categories":[94],"tags":[],"class_list":["post-18453","post","type-post","status-publish","format-standard","has-post-thumbnail","hentry","category-aktuelles"],"_links":{"self":[{"href":"https:\/\/www.willi-graf-schulen.de\/gymnasium\/wp-json\/wp\/v2\/posts\/18453","targetHints":{"allow":["GET"]}}],"collection":[{"href":"https:\/\/www.willi-graf-schulen.de\/gymnasium\/wp-json\/wp\/v2\/posts"}],"about":[{"href":"https:\/\/www.willi-graf-schulen.de\/gymnasium\/wp-json\/wp\/v2\/types\/post"}],"author":[{"embeddable":true,"href":"https:\/\/www.willi-graf-schulen.de\/gymnasium\/wp-json\/wp\/v2\/users\/8"}],"replies":[{"embeddable":true,"href":"https:\/\/www.willi-graf-schulen.de\/gymnasium\/wp-json\/wp\/v2\/comments?post=18453"}],"version-history":[{"count":7,"href":"https:\/\/www.willi-graf-schulen.de\/gymnasium\/wp-json\/wp\/v2\/posts\/18453\/revisions"}],"predecessor-version":[{"id":18463,"href":"https:\/\/www.willi-graf-schulen.de\/gymnasium\/wp-json\/wp\/v2\/posts\/18453\/revisions\/18463"}],"wp:featuredmedia":[{"embeddable":true,"href":"https:\/\/www.willi-graf-schulen.de\/gymnasium\/wp-json\/wp\/v2\/media\/18460"}],"wp:attachment":[{"href":"https:\/\/www.willi-graf-schulen.de\/gymnasium\/wp-json\/wp\/v2\/media?parent=18453"}],"wp:term":[{"taxonomy":"category","embeddable":true,"href":"https:\/\/www.willi-graf-schulen.de\/gymnasium\/wp-json\/wp\/v2\/categories?post=18453"},{"taxonomy":"post_tag","embeddable":true,"href":"https:\/\/www.willi-graf-schulen.de\/gymnasium\/wp-json\/wp\/v2\/tags?post=18453"}],"curies":[{"name":"wp","href":"https:\/\/api.w.org\/{rel}","templated":true}]}}