{"id":18478,"date":"2025-06-13T03:52:17","date_gmt":"2025-06-13T01:52:17","guid":{"rendered":"https:\/\/www.willi-graf-schulen.de\/gymnasium\/?p=18478"},"modified":"2025-06-19T04:23:27","modified_gmt":"2025-06-19T02:23:27","slug":"mathe-wettbewerbe-erfolge-am-wgg","status":"publish","type":"post","link":"https:\/\/www.willi-graf-schulen.de\/gymnasium\/mathe-wettbewerbe-erfolge-am-wgg\/","title":{"rendered":"Mathe-Wettbewerbe &#8211; Erfolge am WGG"},"content":{"rendered":"\t\t<div data-elementor-type=\"wp-post\" data-elementor-id=\"18478\" class=\"elementor elementor-18478\" data-elementor-post-type=\"post\">\n\t\t\t\t\t\t<section class=\"elementor-section elementor-top-section elementor-element elementor-element-74773f6 elementor-section-boxed elementor-section-height-default elementor-section-height-default\" data-id=\"74773f6\" data-element_type=\"section\" data-e-type=\"section\" data-settings=\"{&quot;jet_parallax_layout_list&quot;:[]}\">\n\t\t\t\t\t\t<div class=\"elementor-container elementor-column-gap-default\">\n\t\t\t\t\t<div class=\"elementor-column elementor-col-100 elementor-top-column elementor-element elementor-element-14c9b7b\" data-id=\"14c9b7b\" data-element_type=\"column\" data-e-type=\"column\">\n\t\t\t<div class=\"elementor-widget-wrap elementor-element-populated\">\n\t\t\t\t\t\t<div class=\"elementor-element elementor-element-1252b55 elementor-widget elementor-widget-text-editor\" data-id=\"1252b55\" data-element_type=\"widget\" data-e-type=\"widget\" data-widget_type=\"text-editor.default\">\n\t\t\t\t<div class=\"elementor-widget-container\">\n\t\t\t\t\t\t\t\t\t<div><p class=\"align-justify\">Die Mathe-Olympiade ist ein vierstufiger Wettbewerb, der in allen Bundesl\u00e4ndern durchgef\u00fchrt wird. Sie startet mit einer Hausaufgabenrunde zu Beginn des Schuljahres. In jeder Klassenstufe sind jeweils vier Aufgaben zu l\u00f6sen, die zu Hause bearbeitet werden. \u00a0<\/p><\/div><div><p class=\"align-justify\">In Arbeitsgemeinschaften, sogenannten Mathezirkeln, findet die zweite Runde des Wettbewerbs statt. Eine zentrale Klausur vor den Osterferien bildet die dritte Stufe; sie entscheidet \u00fcber die Platzierung auf Landesebene und \u2013 ab Klasse 8 \u2013 \u00fcber die Teilnahme im Juni an der vierten Stufe, der Bundesrunde.<\/p><\/div><div><p class=\"align-justify\">In diesem Jahr haben 14 Sch\u00fcler und Sch\u00fclerinnen des WGGs an der Landesklausur teilgenommen. Im Saarland haben sich insgesamt 276 Sch\u00fclerinnen und Sch\u00fcler der Landesrunde gestellt und es gab 78 Preistr\u00e4ger. Unsere TeilnehmerInnen konnten 4 Silber-Medaillen erringen!<\/p><\/div><div><p class=\"align-justify\">In Klassenstufe 5 erzielten Benjamin Nahon, Mihail Enachi und Maximilian R\u00fcckel jeweils den gro\u00dfartigen 2. Platz!<\/p><\/div><div><p class=\"align-justify\">Auch in Klassenstufe 6 erreichte Rebecca Ferger f\u00fcr das WGG einen hervorragenden 2. Platz!<\/p><\/div><div><p class=\"align-justify\">Bei der zentralen Landessiegerehrung der 64. Mathematikolympiade im April gratulierte u.a. die Abteilungsleiterin f\u00fcr allgemeinbildende Schulen Frau Dr. Kathrin Andres im Namen der Bildungsministerin den Preistr\u00e4gern am Geschwister-Scholl-Gymnasium in Lebach.<\/p><\/div><div><p class=\"align-justify\">Herr Kilz und die Mathe-Fachschaft ehrten die Preistr\u00e4ger im Rahmen einer schulinternen Siegerehrung am Willi-Graf-Gymnasiums zu ihren wirklich guten Platzierungen.<\/p><\/div><div><p class=\"align-justify\">Au\u00dferdem pr\u00e4mierten wir die besten Teilnehmer des Wettbewerbs \u201cProblem des Monats\u201d und \u201cMathe im Advent!\u201d mit kleinen Knobel-Geschenken:<\/p><\/div><div><p class=\"align-justify\">Beim \u201cProblem des Monats\u201d erzielten Lilly Becker (6a), Christa Kardahi (6a) und Marie Hagel (5b) die besten Leistungen.<\/p><\/div><div><p class=\"align-justify\">Beim Wettbewerb \u201cMathe im Advent\u201d schnitten die Klassen 5a und 6a am besten ab!<\/p><\/div><div><p class=\"align-justify\">Wir danken allen Sch\u00fclerinnen und Sch\u00fclern, die engagiert an der Mathe-Olympiade oder an einem schulinternen Wettbewerb teilgenommen haben!<\/p><\/div><div><p class=\"align-justify\">Wer sich n\u00e4chstes Jahr auf die Mathe-Olympiade vorbereiten m\u00f6chte, kann gerne in die Mathe-Werkstatt kommen. Dort warten besondere Aufgabenformate auf euch und wir zeigen euch L\u00f6sungsstrategien auf!<\/p><\/div><div><p class=\"align-justify\">Euer Mathe-Fachschaft<\/p><\/div>\t\t\t\t\t\t\t\t<\/div>\n\t\t\t\t<\/div>\n\t\t\t\t<div class=\"elementor-element elementor-element-b78cc09 elementor-widget elementor-widget-gallery\" data-id=\"b78cc09\" data-element_type=\"widget\" data-e-type=\"widget\" data-settings=\"{&quot;gap&quot;:{&quot;unit&quot;:&quot;px&quot;,&quot;size&quot;:&quot;2&quot;,&quot;sizes&quot;:[]},&quot;lazyload&quot;:&quot;yes&quot;,&quot;gallery_layout&quot;:&quot;grid&quot;,&quot;columns&quot;:4,&quot;columns_tablet&quot;:2,&quot;columns_mobile&quot;:1,&quot;gap_tablet&quot;:{&quot;unit&quot;:&quot;px&quot;,&quot;size&quot;:10,&quot;sizes&quot;:[]},&quot;gap_mobile&quot;:{&quot;unit&quot;:&quot;px&quot;,&quot;size&quot;:10,&quot;sizes&quot;:[]},&quot;link_to&quot;:&quot;file&quot;,&quot;aspect_ratio&quot;:&quot;3:2&quot;,&quot;overlay_background&quot;:&quot;yes&quot;,&quot;content_hover_animation&quot;:&quot;fade-in&quot;}\" data-widget_type=\"gallery.default\">\n\t\t\t\t<div class=\"elementor-widget-container\">\n\t\t\t\t\t\t\t<div class=\"elementor-gallery__container\">\n\t\t\t\t\t\t\t<a class=\"e-gallery-item elementor-gallery-item elementor-animated-content\" href=\"https:\/\/www.willi-graf-schulen.de\/gymnasium\/wp-content\/uploads\/sites\/5\/2025\/06\/Matheolympiade-2024-2025-01.jpg\" data-elementor-open-lightbox=\"yes\" data-elementor-lightbox-slideshow=\"b78cc09\" data-elementor-lightbox-title=\"Matheolympiade 2024-2025 01\" data-e-action-hash=\"#elementor-action%3Aaction%3Dlightbox%26settings%3DeyJpZCI6MTg0NjUsInVybCI6Imh0dHBzOlwvXC93d3cud2lsbGktZ3JhZi1zY2h1bGVuLmRlXC9neW1uYXNpdW1cL3dwLWNvbnRlbnRcL3VwbG9hZHNcL3NpdGVzXC81XC8yMDI1XC8wNlwvTWF0aGVvbHltcGlhZGUtMjAyNC0yMDI1LTAxLmpwZyIsInNsaWRlc2hvdyI6ImI3OGNjMDkifQ%3D%3D\">\n\t\t\t\t\t<div class=\"e-gallery-image elementor-gallery-item__image\" data-thumbnail=\"https:\/\/www.willi-graf-schulen.de\/gymnasium\/wp-content\/uploads\/sites\/5\/2025\/06\/Matheolympiade-2024-2025-01-300x225.jpg\" data-width=\"300\" data-height=\"225\" aria-label=\"\" role=\"img\" ><\/div>\n\t\t\t\t\t\t\t\t\t\t\t<div class=\"elementor-gallery-item__overlay\"><\/div>\n\t\t\t\t\t\t\t\t\t\t\t\t\t\t<\/a>\n\t\t\t\t\t\t\t<a class=\"e-gallery-item elementor-gallery-item elementor-animated-content\" href=\"https:\/\/www.willi-graf-schulen.de\/gymnasium\/wp-content\/uploads\/sites\/5\/2025\/06\/Matheolympiade-2024-2025-02.jpg\" data-elementor-open-lightbox=\"yes\" data-elementor-lightbox-slideshow=\"b78cc09\" data-elementor-lightbox-title=\"Matheolympiade 2024-2025 02\" data-e-action-hash=\"#elementor-action%3Aaction%3Dlightbox%26settings%3DeyJpZCI6MTg0NjYsInVybCI6Imh0dHBzOlwvXC93d3cud2lsbGktZ3JhZi1zY2h1bGVuLmRlXC9neW1uYXNpdW1cL3dwLWNvbnRlbnRcL3VwbG9hZHNcL3NpdGVzXC81XC8yMDI1XC8wNlwvTWF0aGVvbHltcGlhZGUtMjAyNC0yMDI1LTAyLmpwZyIsInNsaWRlc2hvdyI6ImI3OGNjMDkifQ%3D%3D\">\n\t\t\t\t\t<div class=\"e-gallery-image elementor-gallery-item__image\" data-thumbnail=\"https:\/\/www.willi-graf-schulen.de\/gymnasium\/wp-content\/uploads\/sites\/5\/2025\/06\/Matheolympiade-2024-2025-02-300x225.jpg\" data-width=\"300\" data-height=\"225\" aria-label=\"\" role=\"img\" ><\/div>\n\t\t\t\t\t\t\t\t\t\t\t<div class=\"elementor-gallery-item__overlay\"><\/div>\n\t\t\t\t\t\t\t\t\t\t\t\t\t\t<\/a>\n\t\t\t\t\t\t\t<a class=\"e-gallery-item elementor-gallery-item elementor-animated-content\" href=\"https:\/\/www.willi-graf-schulen.de\/gymnasium\/wp-content\/uploads\/sites\/5\/2025\/06\/Matheolympiade-2024-2025-03.jpg\" data-elementor-open-lightbox=\"yes\" data-elementor-lightbox-slideshow=\"b78cc09\" data-elementor-lightbox-title=\"Matheolympiade 2024-2025 03\" data-e-action-hash=\"#elementor-action%3Aaction%3Dlightbox%26settings%3DeyJpZCI6MTg0NjcsInVybCI6Imh0dHBzOlwvXC93d3cud2lsbGktZ3JhZi1zY2h1bGVuLmRlXC9neW1uYXNpdW1cL3dwLWNvbnRlbnRcL3VwbG9hZHNcL3NpdGVzXC81XC8yMDI1XC8wNlwvTWF0aGVvbHltcGlhZGUtMjAyNC0yMDI1LTAzLmpwZyIsInNsaWRlc2hvdyI6ImI3OGNjMDkifQ%3D%3D\">\n\t\t\t\t\t<div class=\"e-gallery-image elementor-gallery-item__image\" data-thumbnail=\"https:\/\/www.willi-graf-schulen.de\/gymnasium\/wp-content\/uploads\/sites\/5\/2025\/06\/Matheolympiade-2024-2025-03-300x225.jpg\" data-width=\"300\" data-height=\"225\" aria-label=\"\" role=\"img\" ><\/div>\n\t\t\t\t\t\t\t\t\t\t\t<div class=\"elementor-gallery-item__overlay\"><\/div>\n\t\t\t\t\t\t\t\t\t\t\t\t\t\t<\/a>\n\t\t\t\t\t\t\t<a class=\"e-gallery-item elementor-gallery-item elementor-animated-content\" href=\"https:\/\/www.willi-graf-schulen.de\/gymnasium\/wp-content\/uploads\/sites\/5\/2025\/06\/Matheolympiade-2024-2025-04.jpg\" data-elementor-open-lightbox=\"yes\" data-elementor-lightbox-slideshow=\"b78cc09\" data-elementor-lightbox-title=\"Matheolympiade 2024-2025 04\" data-e-action-hash=\"#elementor-action%3Aaction%3Dlightbox%26settings%3DeyJpZCI6MTg0NjgsInVybCI6Imh0dHBzOlwvXC93d3cud2lsbGktZ3JhZi1zY2h1bGVuLmRlXC9neW1uYXNpdW1cL3dwLWNvbnRlbnRcL3VwbG9hZHNcL3NpdGVzXC81XC8yMDI1XC8wNlwvTWF0aGVvbHltcGlhZGUtMjAyNC0yMDI1LTA0LmpwZyIsInNsaWRlc2hvdyI6ImI3OGNjMDkifQ%3D%3D\">\n\t\t\t\t\t<div class=\"e-gallery-image elementor-gallery-item__image\" data-thumbnail=\"https:\/\/www.willi-graf-schulen.de\/gymnasium\/wp-content\/uploads\/sites\/5\/2025\/06\/Matheolympiade-2024-2025-04-300x225.jpg\" data-width=\"300\" data-height=\"225\" aria-label=\"\" role=\"img\" ><\/div>\n\t\t\t\t\t\t\t\t\t\t\t<div class=\"elementor-gallery-item__overlay\"><\/div>\n\t\t\t\t\t\t\t\t\t\t\t\t\t\t<\/a>\n\t\t\t\t\t\t\t<a class=\"e-gallery-item elementor-gallery-item elementor-animated-content\" href=\"https:\/\/www.willi-graf-schulen.de\/gymnasium\/wp-content\/uploads\/sites\/5\/2025\/06\/Matheolympiade-2024-2025-05.jpg\" data-elementor-open-lightbox=\"yes\" data-elementor-lightbox-slideshow=\"b78cc09\" data-elementor-lightbox-title=\"Matheolympiade 2024-2025 05\" data-e-action-hash=\"#elementor-action%3Aaction%3Dlightbox%26settings%3DeyJpZCI6MTg0NjksInVybCI6Imh0dHBzOlwvXC93d3cud2lsbGktZ3JhZi1zY2h1bGVuLmRlXC9neW1uYXNpdW1cL3dwLWNvbnRlbnRcL3VwbG9hZHNcL3NpdGVzXC81XC8yMDI1XC8wNlwvTWF0aGVvbHltcGlhZGUtMjAyNC0yMDI1LTA1LmpwZyIsInNsaWRlc2hvdyI6ImI3OGNjMDkifQ%3D%3D\">\n\t\t\t\t\t<div class=\"e-gallery-image elementor-gallery-item__image\" data-thumbnail=\"https:\/\/www.willi-graf-schulen.de\/gymnasium\/wp-content\/uploads\/sites\/5\/2025\/06\/Matheolympiade-2024-2025-05-300x225.jpg\" data-width=\"300\" data-height=\"225\" aria-label=\"\" role=\"img\" ><\/div>\n\t\t\t\t\t\t\t\t\t\t\t<div class=\"elementor-gallery-item__overlay\"><\/div>\n\t\t\t\t\t\t\t\t\t\t\t\t\t\t<\/a>\n\t\t\t\t\t\t\t<a class=\"e-gallery-item elementor-gallery-item elementor-animated-content\" href=\"https:\/\/www.willi-graf-schulen.de\/gymnasium\/wp-content\/uploads\/sites\/5\/2025\/06\/Matheolympiade-2024-2025-08.jpg\" data-elementor-open-lightbox=\"yes\" data-elementor-lightbox-slideshow=\"b78cc09\" data-elementor-lightbox-title=\"Matheolympiade 2024-2025 08\" data-e-action-hash=\"#elementor-action%3Aaction%3Dlightbox%26settings%3DeyJpZCI6MTg0NzIsInVybCI6Imh0dHBzOlwvXC93d3cud2lsbGktZ3JhZi1zY2h1bGVuLmRlXC9neW1uYXNpdW1cL3dwLWNvbnRlbnRcL3VwbG9hZHNcL3NpdGVzXC81XC8yMDI1XC8wNlwvTWF0aGVvbHltcGlhZGUtMjAyNC0yMDI1LTA4LmpwZyIsInNsaWRlc2hvdyI6ImI3OGNjMDkifQ%3D%3D\">\n\t\t\t\t\t<div class=\"e-gallery-image elementor-gallery-item__image\" data-thumbnail=\"https:\/\/www.willi-graf-schulen.de\/gymnasium\/wp-content\/uploads\/sites\/5\/2025\/06\/Matheolympiade-2024-2025-08-300x225.jpg\" data-width=\"300\" data-height=\"225\" aria-label=\"\" role=\"img\" ><\/div>\n\t\t\t\t\t\t\t\t\t\t\t<div class=\"elementor-gallery-item__overlay\"><\/div>\n\t\t\t\t\t\t\t\t\t\t\t\t\t\t<\/a>\n\t\t\t\t\t\t\t<a class=\"e-gallery-item elementor-gallery-item elementor-animated-content\" href=\"https:\/\/www.willi-graf-schulen.de\/gymnasium\/wp-content\/uploads\/sites\/5\/2025\/06\/Matheolympiade-2024-2025-07.jpg\" data-elementor-open-lightbox=\"yes\" data-elementor-lightbox-slideshow=\"b78cc09\" data-elementor-lightbox-title=\"Matheolympiade 2024-2025 07\" data-e-action-hash=\"#elementor-action%3Aaction%3Dlightbox%26settings%3DeyJpZCI6MTg0NzEsInVybCI6Imh0dHBzOlwvXC93d3cud2lsbGktZ3JhZi1zY2h1bGVuLmRlXC9neW1uYXNpdW1cL3dwLWNvbnRlbnRcL3VwbG9hZHNcL3NpdGVzXC81XC8yMDI1XC8wNlwvTWF0aGVvbHltcGlhZGUtMjAyNC0yMDI1LTA3LmpwZyIsInNsaWRlc2hvdyI6ImI3OGNjMDkifQ%3D%3D\">\n\t\t\t\t\t<div class=\"e-gallery-image elementor-gallery-item__image\" data-thumbnail=\"https:\/\/www.willi-graf-schulen.de\/gymnasium\/wp-content\/uploads\/sites\/5\/2025\/06\/Matheolympiade-2024-2025-07-300x225.jpg\" data-width=\"300\" data-height=\"225\" aria-label=\"\" role=\"img\" ><\/div>\n\t\t\t\t\t\t\t\t\t\t\t<div class=\"elementor-gallery-item__overlay\"><\/div>\n\t\t\t\t\t\t\t\t\t\t\t\t\t\t<\/a>\n\t\t\t\t\t\t\t<a class=\"e-gallery-item elementor-gallery-item elementor-animated-content\" href=\"https:\/\/www.willi-graf-schulen.de\/gymnasium\/wp-content\/uploads\/sites\/5\/2025\/06\/Matheolympiade-2024-2025-06-e1750298484619.jpg\" data-elementor-open-lightbox=\"yes\" data-elementor-lightbox-slideshow=\"b78cc09\" data-elementor-lightbox-title=\"Matheolympiade 2024-2025 06\" data-e-action-hash=\"#elementor-action%3Aaction%3Dlightbox%26settings%3DeyJpZCI6MTg0NzAsInVybCI6Imh0dHBzOlwvXC93d3cud2lsbGktZ3JhZi1zY2h1bGVuLmRlXC9neW1uYXNpdW1cL3dwLWNvbnRlbnRcL3VwbG9hZHNcL3NpdGVzXC81XC8yMDI1XC8wNlwvTWF0aGVvbHltcGlhZGUtMjAyNC0yMDI1LTA2LWUxNzUwMjk4NDg0NjE5LmpwZyIsInNsaWRlc2hvdyI6ImI3OGNjMDkifQ%3D%3D\">\n\t\t\t\t\t<div class=\"e-gallery-image elementor-gallery-item__image\" data-thumbnail=\"https:\/\/www.willi-graf-schulen.de\/gymnasium\/wp-content\/uploads\/sites\/5\/2025\/06\/Matheolympiade-2024-2025-06-e1750298484619-300x197.jpg\" data-width=\"300\" data-height=\"197\" aria-label=\"\" role=\"img\" ><\/div>\n\t\t\t\t\t\t\t\t\t\t\t<div class=\"elementor-gallery-item__overlay\"><\/div>\n\t\t\t\t\t\t\t\t\t\t\t\t\t\t<\/a>\n\t\t\t\t\t<\/div>\n\t\t\t\t\t<\/div>\n\t\t\t\t<\/div>\n\t\t\t\t\t<\/div>\n\t\t<\/div>\n\t\t\t\t\t<\/div>\n\t\t<\/section>\n\t\t\t\t<\/div>\n\t\t","protected":false},"excerpt":{"rendered":"<p>Die Mathe-Olympiade ist ein vierstufiger Wettbewerb, der in allen Bundesl\u00e4ndern durchgef\u00fchrt wird. Sie startet mit einer Hausaufgabenrunde zu Beginn des Schuljahres. In jeder Klassenstufe sind jeweils vier Aufgaben zu l\u00f6sen, die zu Hause bearbeitet werden. \u00a0 In Arbeitsgemeinschaften, sogenannten Mathezirkeln, findet die zweite Runde des Wettbewerbs statt. Eine zentrale Klausur vor den Osterferien bildet die [&hellip;]<\/p>\n","protected":false},"author":8,"featured_media":18470,"comment_status":"open","ping_status":"open","sticky":false,"template":"","format":"standard","meta":{"footnotes":""},"categories":[94],"tags":[],"class_list":["post-18478","post","type-post","status-publish","format-standard","has-post-thumbnail","hentry","category-aktuelles"],"_links":{"self":[{"href":"https:\/\/www.willi-graf-schulen.de\/gymnasium\/wp-json\/wp\/v2\/posts\/18478","targetHints":{"allow":["GET"]}}],"collection":[{"href":"https:\/\/www.willi-graf-schulen.de\/gymnasium\/wp-json\/wp\/v2\/posts"}],"about":[{"href":"https:\/\/www.willi-graf-schulen.de\/gymnasium\/wp-json\/wp\/v2\/types\/post"}],"author":[{"embeddable":true,"href":"https:\/\/www.willi-graf-schulen.de\/gymnasium\/wp-json\/wp\/v2\/users\/8"}],"replies":[{"embeddable":true,"href":"https:\/\/www.willi-graf-schulen.de\/gymnasium\/wp-json\/wp\/v2\/comments?post=18478"}],"version-history":[{"count":10,"href":"https:\/\/www.willi-graf-schulen.de\/gymnasium\/wp-json\/wp\/v2\/posts\/18478\/revisions"}],"predecessor-version":[{"id":18488,"href":"https:\/\/www.willi-graf-schulen.de\/gymnasium\/wp-json\/wp\/v2\/posts\/18478\/revisions\/18488"}],"wp:featuredmedia":[{"embeddable":true,"href":"https:\/\/www.willi-graf-schulen.de\/gymnasium\/wp-json\/wp\/v2\/media\/18470"}],"wp:attachment":[{"href":"https:\/\/www.willi-graf-schulen.de\/gymnasium\/wp-json\/wp\/v2\/media?parent=18478"}],"wp:term":[{"taxonomy":"category","embeddable":true,"href":"https:\/\/www.willi-graf-schulen.de\/gymnasium\/wp-json\/wp\/v2\/categories?post=18478"},{"taxonomy":"post_tag","embeddable":true,"href":"https:\/\/www.willi-graf-schulen.de\/gymnasium\/wp-json\/wp\/v2\/tags?post=18478"}],"curies":[{"name":"wp","href":"https:\/\/api.w.org\/{rel}","templated":true}]}}