{"id":18489,"date":"2025-06-17T04:08:57","date_gmt":"2025-06-17T02:08:57","guid":{"rendered":"https:\/\/www.willi-graf-schulen.de\/gymnasium\/?p=18489"},"modified":"2025-06-19T04:22:55","modified_gmt":"2025-06-19T02:22:55","slug":"was-bedeutet-freiheit-fuer-mich","status":"publish","type":"post","link":"https:\/\/www.willi-graf-schulen.de\/gymnasium\/was-bedeutet-freiheit-fuer-mich\/","title":{"rendered":"Was bedeutet Freiheit f\u00fcr mich?"},"content":{"rendered":"\t\t<div data-elementor-type=\"wp-post\" data-elementor-id=\"18489\" class=\"elementor elementor-18489\" data-elementor-post-type=\"post\">\n\t\t\t\t\t\t<section class=\"elementor-section elementor-top-section elementor-element elementor-element-60769b8 elementor-section-boxed elementor-section-height-default elementor-section-height-default\" data-id=\"60769b8\" data-element_type=\"section\" data-e-type=\"section\" data-settings=\"{&quot;jet_parallax_layout_list&quot;:[]}\">\n\t\t\t\t\t\t<div class=\"elementor-container elementor-column-gap-default\">\n\t\t\t\t\t<div class=\"elementor-column elementor-col-100 elementor-top-column elementor-element elementor-element-9fc8275\" data-id=\"9fc8275\" data-element_type=\"column\" data-e-type=\"column\">\n\t\t\t<div class=\"elementor-widget-wrap elementor-element-populated\">\n\t\t\t\t\t\t<div class=\"elementor-element elementor-element-97007d2 elementor-widget elementor-widget-text-editor\" data-id=\"97007d2\" data-element_type=\"widget\" data-e-type=\"widget\" data-widget_type=\"text-editor.default\">\n\t\t\t\t<div class=\"elementor-widget-container\">\n\t\t\t\t\t\t\t\t\t<p style=\"font-weight: 400\">Am Dienstag, den 3. Juni 2025, besuchte die Klasse 8b des Willi-Graf-Gymnasiums im Rahmen eines Unterrichtsgangs die Willi-Graf-Ausstellung im Zeitungsmuseum Wadgassen.<\/p><p style=\"font-weight: 400\">Wir, die Klasse 8b, hatten im Rahmen des Unterrichts die Gelegenheit, einen Ort zu besuchen, an dem Geschichte lebendig wird. Dazu haben wir uns einen kompletten Schultag Zeit genommen und sind von unserer Schule aus gemeinsam mit unseren Klassenlehrern, Herrn Friedrichs und Frau Vinzent, mit dem Zug ins Zeitungsmuseum nach Wadgassen gefahren. Im Zeitungsmuseum ist noch bis zum 17. August 2025 die aktuelle Willi-Graf-Ausstellung zu sehen.<\/p><p style=\"font-weight: 400\">Im Museum angekommen, begann unsere F\u00fchrung durch die Ausstellung ohne Wartezeit. Die Ausstellung ist chronologisch aufgebaut und zeigt Zeitdokumente von der Schulzeit bis zum Tod von Willi Graf. Ein Klassenbuch aus Willi Grafs Schulzeit und ein Fotoalbum aus seiner Jugendfreizeit sind unter anderem als Ausstellungsst\u00fccke zu sehen. Die Museumsp\u00e4dagogin versetzte uns zun\u00e4chst in die Zeit des beginnenden Nationalsozialismus in Deutschland und versuchte uns zu vermitteln, wie wir uns gef\u00fchlt h\u00e4tten mit den Einschr\u00e4nkungen, denen Willi Graf bereits in seiner Jugendzeit ausgesetzt war.<\/p><p style=\"font-weight: 400\">Schlie\u00dflich erfuhren wir viel \u00fcber die Flugbl\u00e4tter und das Vorgehen der Widerstandsgruppe \u201eWei\u00dfe Rose\u201c. Willi Grafs Anliegen, das, was er begonnen hatte, weiterzutragen und f\u00fcr Freiheit einzustehen, begriffen wir schlie\u00dflich als zentralen Punkt seines Wirkens. Am Ende der Ausstellung hatten wir die M\u00f6glichkeit, selbst Teil der Ausstellung zu werden, indem wir eine Karte in einer Regalwand hinterlie\u00dfen, auf der wir notierten, was Freiheit f\u00fcr uns bedeutet. Diese M\u00f6glichkeit nutzten viele von uns Sch\u00fclerinnen und Sch\u00fclern.<\/p><p style=\"font-weight: 400\">Schlie\u00dflich hatten wir sogar die M\u00f6glichkeit, mit Willi selbst zu sprechen \u2013 na ja, zumindest mit einer K\u00fcnstlichen Intelligenz, die auf Willi Graf basierte. Der \u201eKI-Willi\u201c war modern gestaltet und konnte auf viele pers\u00f6nliche Fragen antworten. Einige von uns stellten Fragen zu seinem Glauben, andere wollten wissen, wie er sich in bestimmten Situationen gef\u00fchlt hat.<\/p><p style=\"font-weight: 400\">Der Besuch hat sich sehr gelohnt, auch wenn es ein ernstes und schwieriges Thema war. Wir w\u00fcrden euch daher empfehlen, die Ausstellung ebenfalls zu besuchen \u2013 wenn ihr einmal herausfinden m\u00f6chtet, was Freiheit f\u00fcr euch bedeutet. \u00a0<\/p><p style=\"font-weight: 400\">Olivia Peters und Lena Pukallus (8b)<\/p>\t\t\t\t\t\t\t\t<\/div>\n\t\t\t\t<\/div>\n\t\t\t\t\t<\/div>\n\t\t<\/div>\n\t\t\t\t\t<\/div>\n\t\t<\/section>\n\t\t\t\t<\/div>\n\t\t","protected":false},"excerpt":{"rendered":"<p>Am Dienstag, den 3. Juni 2025, besuchte die Klasse 8b des Willi-Graf-Gymnasiums im Rahmen eines Unterrichtsgangs die Willi-Graf-Ausstellung im Zeitungsmuseum Wadgassen. Wir, die Klasse 8b, hatten im Rahmen des Unterrichts die Gelegenheit, einen Ort zu besuchen, an dem Geschichte lebendig wird. Dazu haben wir uns einen kompletten Schultag Zeit genommen und sind von unserer Schule [&hellip;]<\/p>\n","protected":false},"author":8,"featured_media":18473,"comment_status":"open","ping_status":"open","sticky":false,"template":"","format":"standard","meta":{"footnotes":""},"categories":[94],"tags":[],"class_list":["post-18489","post","type-post","status-publish","format-standard","has-post-thumbnail","hentry","category-aktuelles"],"_links":{"self":[{"href":"https:\/\/www.willi-graf-schulen.de\/gymnasium\/wp-json\/wp\/v2\/posts\/18489","targetHints":{"allow":["GET"]}}],"collection":[{"href":"https:\/\/www.willi-graf-schulen.de\/gymnasium\/wp-json\/wp\/v2\/posts"}],"about":[{"href":"https:\/\/www.willi-graf-schulen.de\/gymnasium\/wp-json\/wp\/v2\/types\/post"}],"author":[{"embeddable":true,"href":"https:\/\/www.willi-graf-schulen.de\/gymnasium\/wp-json\/wp\/v2\/users\/8"}],"replies":[{"embeddable":true,"href":"https:\/\/www.willi-graf-schulen.de\/gymnasium\/wp-json\/wp\/v2\/comments?post=18489"}],"version-history":[{"count":4,"href":"https:\/\/www.willi-graf-schulen.de\/gymnasium\/wp-json\/wp\/v2\/posts\/18489\/revisions"}],"predecessor-version":[{"id":18493,"href":"https:\/\/www.willi-graf-schulen.de\/gymnasium\/wp-json\/wp\/v2\/posts\/18489\/revisions\/18493"}],"wp:featuredmedia":[{"embeddable":true,"href":"https:\/\/www.willi-graf-schulen.de\/gymnasium\/wp-json\/wp\/v2\/media\/18473"}],"wp:attachment":[{"href":"https:\/\/www.willi-graf-schulen.de\/gymnasium\/wp-json\/wp\/v2\/media?parent=18489"}],"wp:term":[{"taxonomy":"category","embeddable":true,"href":"https:\/\/www.willi-graf-schulen.de\/gymnasium\/wp-json\/wp\/v2\/categories?post=18489"},{"taxonomy":"post_tag","embeddable":true,"href":"https:\/\/www.willi-graf-schulen.de\/gymnasium\/wp-json\/wp\/v2\/tags?post=18489"}],"curies":[{"name":"wp","href":"https:\/\/api.w.org\/{rel}","templated":true}]}}