{"id":18494,"date":"2025-06-19T04:13:18","date_gmt":"2025-06-19T02:13:18","guid":{"rendered":"https:\/\/www.willi-graf-schulen.de\/gymnasium\/?p=18494"},"modified":"2025-06-19T04:21:33","modified_gmt":"2025-06-19T02:21:33","slug":"bigband-vertritt-das-saarland","status":"publish","type":"post","link":"https:\/\/www.willi-graf-schulen.de\/gymnasium\/bigband-vertritt-das-saarland\/","title":{"rendered":"Bigband vertritt das Saarland"},"content":{"rendered":"\t\t<div data-elementor-type=\"wp-post\" data-elementor-id=\"18494\" class=\"elementor elementor-18494\" data-elementor-post-type=\"post\">\n\t\t\t\t\t\t<section class=\"elementor-section elementor-top-section elementor-element elementor-element-044178d elementor-section-boxed elementor-section-height-default elementor-section-height-default\" data-id=\"044178d\" data-element_type=\"section\" data-e-type=\"section\" data-settings=\"{&quot;jet_parallax_layout_list&quot;:[]}\">\n\t\t\t\t\t\t<div class=\"elementor-container elementor-column-gap-default\">\n\t\t\t\t\t<div class=\"elementor-column elementor-col-100 elementor-top-column elementor-element elementor-element-7f9fc89\" data-id=\"7f9fc89\" data-element_type=\"column\" data-e-type=\"column\">\n\t\t\t<div class=\"elementor-widget-wrap elementor-element-populated\">\n\t\t\t\t\t\t<div class=\"elementor-element elementor-element-daeefbe elementor-widget elementor-widget-text-editor\" data-id=\"daeefbe\" data-element_type=\"widget\" data-e-type=\"widget\" data-widget_type=\"text-editor.default\">\n\t\t\t\t<div class=\"elementor-widget-container\">\n\t\t\t\t\t\t\t\t\t<div><p>Die Bigband der Willi-Graf-Schulen wurde im vergangenen Jahr als Vertreterin des Saarlandes f\u00fcr die Bundesbegegnung \u201eSchulen musizieren\u201c nominiert. Diese bundesweite Veranstaltung findet alle zwei Jahre in wechselnden Bundesl\u00e4ndern statt. Aus jedem Bundesland wird mindestens ein Ensemble ausgew\u00e4hlt \u2013 von Schulorchestern \u00fcber Rockbands und Ch\u00f6re bis hin zu Jazzensembles aller Schulformen. \u00a0<\/p><\/div><div><p>Im Jahr 2025 wird die Bundesbegegnung in Weimar und Erfurt ausgerichtet. Auf der imposanten Freilichtb\u00fchne an den Domstufen des Erfurter Doms pr\u00e4sentieren sich zwei Tage lang Ensembles aus Th\u00fcringen sowie G\u00e4ste aus ganz Deutschland.<\/p><\/div><div><p>Neben unserem Auftritt in Erfurt wird unser Ensemble an einem Workshop an der Hochschule f\u00fcr Musik in Weimar teilnehmen, sowie an dem feierlichen Galakonzert am Samstagabend in der Weimarhalle.<\/p><\/div><div><p>Die Nominierung ist f\u00fcr die Bigband der Willi-Graf-Schulen sowie das gesamte Musiklehrerteam eine besondere Auszeichnung. Sie w\u00fcrdigt das musikalische Engagement der Sch\u00fclerinnen und Sch\u00fcler, den Einsatz der Lehrerinnen und Lehrer, sowie die wertvolle Unterst\u00fctzung durch die Elternschaft.<\/p><\/div><div><p>Wir sind stolz auf unsere Bigband \u2013 und freuen uns auf eine unvergessliche musikalische Erfahrung in Th\u00fcringen.<\/p><\/div>\t\t\t\t\t\t\t\t<\/div>\n\t\t\t\t<\/div>\n\t\t\t\t<div class=\"elementor-element elementor-element-a07a2ec elementor-widget elementor-widget-gallery\" data-id=\"a07a2ec\" data-element_type=\"widget\" data-e-type=\"widget\" data-settings=\"{&quot;columns&quot;:&quot;2&quot;,&quot;gap&quot;:{&quot;unit&quot;:&quot;px&quot;,&quot;size&quot;:&quot;2&quot;,&quot;sizes&quot;:[]},&quot;lazyload&quot;:&quot;yes&quot;,&quot;gallery_layout&quot;:&quot;grid&quot;,&quot;columns_tablet&quot;:2,&quot;columns_mobile&quot;:1,&quot;gap_tablet&quot;:{&quot;unit&quot;:&quot;px&quot;,&quot;size&quot;:10,&quot;sizes&quot;:[]},&quot;gap_mobile&quot;:{&quot;unit&quot;:&quot;px&quot;,&quot;size&quot;:10,&quot;sizes&quot;:[]},&quot;link_to&quot;:&quot;file&quot;,&quot;aspect_ratio&quot;:&quot;3:2&quot;,&quot;overlay_background&quot;:&quot;yes&quot;,&quot;content_hover_animation&quot;:&quot;fade-in&quot;}\" data-widget_type=\"gallery.default\">\n\t\t\t\t<div class=\"elementor-widget-container\">\n\t\t\t\t\t\t\t<div class=\"elementor-gallery__container\">\n\t\t\t\t\t\t\t<a class=\"e-gallery-item elementor-gallery-item elementor-animated-content\" href=\"https:\/\/www.willi-graf-schulen.de\/gymnasium\/wp-content\/uploads\/sites\/5\/2025\/06\/WGG-Bigband-Saarbruecken-Burg-2.jpg\" data-elementor-open-lightbox=\"yes\" data-elementor-lightbox-slideshow=\"a07a2ec\" data-elementor-lightbox-title=\"WGG Bigband Saarbr\u00fccken - Burg 2\" data-e-action-hash=\"#elementor-action%3Aaction%3Dlightbox%26settings%3DeyJpZCI6MTg0NzQsInVybCI6Imh0dHBzOlwvXC93d3cud2lsbGktZ3JhZi1zY2h1bGVuLmRlXC9neW1uYXNpdW1cL3dwLWNvbnRlbnRcL3VwbG9hZHNcL3NpdGVzXC81XC8yMDI1XC8wNlwvV0dHLUJpZ2JhbmQtU2FhcmJydWVja2VuLUJ1cmctMi5qcGciLCJzbGlkZXNob3ciOiJhMDdhMmVjIn0%3D\">\n\t\t\t\t\t<div class=\"e-gallery-image elementor-gallery-item__image\" data-thumbnail=\"https:\/\/www.willi-graf-schulen.de\/gymnasium\/wp-content\/uploads\/sites\/5\/2025\/06\/WGG-Bigband-Saarbruecken-Burg-2-300x225.jpg\" data-width=\"300\" data-height=\"225\" aria-label=\"\" role=\"img\" ><\/div>\n\t\t\t\t\t\t\t\t\t\t\t<div class=\"elementor-gallery-item__overlay\"><\/div>\n\t\t\t\t\t\t\t\t\t\t\t\t\t\t<\/a>\n\t\t\t\t\t\t\t<a class=\"e-gallery-item elementor-gallery-item elementor-animated-content\" href=\"https:\/\/www.willi-graf-schulen.de\/gymnasium\/wp-content\/uploads\/sites\/5\/2025\/06\/WGG-bigband-Saarbruecken-totale-2.jpg\" data-elementor-open-lightbox=\"yes\" data-elementor-lightbox-slideshow=\"a07a2ec\" data-elementor-lightbox-title=\"WGG bigband Saarbr\u00fccken totale 2\" data-e-action-hash=\"#elementor-action%3Aaction%3Dlightbox%26settings%3DeyJpZCI6MTg0NzUsInVybCI6Imh0dHBzOlwvXC93d3cud2lsbGktZ3JhZi1zY2h1bGVuLmRlXC9neW1uYXNpdW1cL3dwLWNvbnRlbnRcL3VwbG9hZHNcL3NpdGVzXC81XC8yMDI1XC8wNlwvV0dHLWJpZ2JhbmQtU2FhcmJydWVja2VuLXRvdGFsZS0yLmpwZyIsInNsaWRlc2hvdyI6ImEwN2EyZWMifQ%3D%3D\">\n\t\t\t\t\t<div class=\"e-gallery-image elementor-gallery-item__image\" data-thumbnail=\"https:\/\/www.willi-graf-schulen.de\/gymnasium\/wp-content\/uploads\/sites\/5\/2025\/06\/WGG-bigband-Saarbruecken-totale-2-300x225.jpg\" data-width=\"300\" data-height=\"225\" aria-label=\"\" role=\"img\" ><\/div>\n\t\t\t\t\t\t\t\t\t\t\t<div class=\"elementor-gallery-item__overlay\"><\/div>\n\t\t\t\t\t\t\t\t\t\t\t\t\t\t<\/a>\n\t\t\t\t\t<\/div>\n\t\t\t\t\t<\/div>\n\t\t\t\t<\/div>\n\t\t\t\t\t<\/div>\n\t\t<\/div>\n\t\t\t\t\t<\/div>\n\t\t<\/section>\n\t\t\t\t<\/div>\n\t\t","protected":false},"excerpt":{"rendered":"<p>Die Bigband der Willi-Graf-Schulen wurde im vergangenen Jahr als Vertreterin des Saarlandes f\u00fcr die Bundesbegegnung \u201eSchulen musizieren\u201c nominiert. Diese bundesweite Veranstaltung findet alle zwei Jahre in wechselnden Bundesl\u00e4ndern statt. Aus jedem Bundesland wird mindestens ein Ensemble ausgew\u00e4hlt \u2013 von Schulorchestern \u00fcber Rockbands und Ch\u00f6re bis hin zu Jazzensembles aller Schulformen. \u00a0 Im Jahr 2025 wird [&hellip;]<\/p>\n","protected":false},"author":8,"featured_media":18476,"comment_status":"open","ping_status":"open","sticky":false,"template":"","format":"standard","meta":{"footnotes":""},"categories":[94],"tags":[],"class_list":["post-18494","post","type-post","status-publish","format-standard","has-post-thumbnail","hentry","category-aktuelles"],"_links":{"self":[{"href":"https:\/\/www.willi-graf-schulen.de\/gymnasium\/wp-json\/wp\/v2\/posts\/18494","targetHints":{"allow":["GET"]}}],"collection":[{"href":"https:\/\/www.willi-graf-schulen.de\/gymnasium\/wp-json\/wp\/v2\/posts"}],"about":[{"href":"https:\/\/www.willi-graf-schulen.de\/gymnasium\/wp-json\/wp\/v2\/types\/post"}],"author":[{"embeddable":true,"href":"https:\/\/www.willi-graf-schulen.de\/gymnasium\/wp-json\/wp\/v2\/users\/8"}],"replies":[{"embeddable":true,"href":"https:\/\/www.willi-graf-schulen.de\/gymnasium\/wp-json\/wp\/v2\/comments?post=18494"}],"version-history":[{"count":6,"href":"https:\/\/www.willi-graf-schulen.de\/gymnasium\/wp-json\/wp\/v2\/posts\/18494\/revisions"}],"predecessor-version":[{"id":18500,"href":"https:\/\/www.willi-graf-schulen.de\/gymnasium\/wp-json\/wp\/v2\/posts\/18494\/revisions\/18500"}],"wp:featuredmedia":[{"embeddable":true,"href":"https:\/\/www.willi-graf-schulen.de\/gymnasium\/wp-json\/wp\/v2\/media\/18476"}],"wp:attachment":[{"href":"https:\/\/www.willi-graf-schulen.de\/gymnasium\/wp-json\/wp\/v2\/media?parent=18494"}],"wp:term":[{"taxonomy":"category","embeddable":true,"href":"https:\/\/www.willi-graf-schulen.de\/gymnasium\/wp-json\/wp\/v2\/categories?post=18494"},{"taxonomy":"post_tag","embeddable":true,"href":"https:\/\/www.willi-graf-schulen.de\/gymnasium\/wp-json\/wp\/v2\/tags?post=18494"}],"curies":[{"name":"wp","href":"https:\/\/api.w.org\/{rel}","templated":true}]}}