{"id":18598,"date":"2025-07-21T10:45:47","date_gmt":"2025-07-21T08:45:47","guid":{"rendered":"https:\/\/www.willi-graf-schulen.de\/gymnasium\/?p=18598"},"modified":"2025-08-18T11:20:17","modified_gmt":"2025-08-18T09:20:17","slug":"bodenexkursion-bio-erdkunde-lk","status":"publish","type":"post","link":"https:\/\/www.willi-graf-schulen.de\/gymnasium\/bodenexkursion-bio-erdkunde-lk\/","title":{"rendered":"Bodenexkursion Bio- &amp; Erdkunde LK 11"},"content":{"rendered":"\t\t<div data-elementor-type=\"wp-post\" data-elementor-id=\"18598\" class=\"elementor elementor-18598\" data-elementor-post-type=\"post\">\n\t\t\t\t\t\t<section class=\"elementor-section elementor-top-section elementor-element elementor-element-a37aa8e elementor-section-boxed elementor-section-height-default elementor-section-height-default\" data-id=\"a37aa8e\" data-element_type=\"section\" data-e-type=\"section\" data-settings=\"{&quot;jet_parallax_layout_list&quot;:[]}\">\n\t\t\t\t\t\t<div class=\"elementor-container elementor-column-gap-default\">\n\t\t\t\t\t<div class=\"elementor-column elementor-col-100 elementor-top-column elementor-element elementor-element-f0c9124\" data-id=\"f0c9124\" data-element_type=\"column\" data-e-type=\"column\">\n\t\t\t<div class=\"elementor-widget-wrap elementor-element-populated\">\n\t\t\t\t\t\t<div class=\"elementor-element elementor-element-3094e86 elementor-widget elementor-widget-text-editor\" data-id=\"3094e86\" data-element_type=\"widget\" data-e-type=\"widget\" data-widget_type=\"text-editor.default\">\n\t\t\t\t<div class=\"elementor-widget-container\">\n\t\t\t\t\t\t\t\t\t<p style=\"font-weight: 400\">Am Freitag, den 13. Juni 2025 unternahmen die Leistungskurse Erdkunde und Biologie eine spannende Bodenexkursion nach Trier. Gemeinsam mit unseren Lehrern Herrn Kutsch und Herrn Leidinger starteten wir fr\u00fch morgens um 8 Uhr am Saarbr\u00fccker Hauptbahnhof. Von dort aus ging es zun\u00e4chst mit dem Zug nach Trier, anschlie\u00dfend weiter mit dem Bus und zu Fu\u00df bis zum Campusgel\u00e4nde der Universit\u00e4t auf dem Petrisberg, wo wir herzlich von zwei Professoren empfangen wurden.<\/p><p style=\"font-weight: 400\">Gleich zu Beginn wurden wir mit Getr\u00e4nken versorgt \u2013 eine willkommene Erfrischung bei den sommerlich hei\u00dfen Temperaturen. Bevor es in die Praxis ging, erhielten wir eine kurze theoretische Einf\u00fchrung in die Thematik der Bodenprofile. Mit Hilfe einer PowerPoint-Pr\u00e4sentation und einem vorbereiteten Skript wurden unsere Grundlagenkenntnisse aufgefrischt und erweitert. Dieses Wissen sollte im weiteren Verlauf des Tages noch angewandt werden.<\/p><p style=\"font-weight: 400\">Dann ging es endlich nach drau\u00dfen: Direkt neben dem Geb\u00e4ude befand sich eine kleine Gr\u00fcnfl\u00e4che, auf der wir in Kleingruppen mit Hilfe eines P\u00fcrckhauer-Bohrers und eines Gummihammers selbst Bodenproben bis in etwa einen Meter Tiefe entnehmen konnten. Dabei unterschieden wir bereits die verschiedenen Horizonte des Bodens und untersuchten deren Merkmale wie Farbe, Konsistenz und Zusammensetzung. Au\u00dferdem konnten wir die verschiedenen Korngr\u00f6\u00dfen haptisch erleben und bestimmten eine Bodenprobe hinsichtlich ihrer Korngr\u00f6\u00dfenzusammensetzung.<\/p><p style=\"font-weight: 400\">Nach diesem ersten praktischen Teil wurden wir in der Mensa der Universit\u00e4t Trier zu einem kostenlosen Mittagessen eingeladen \u2013 eine tolle Geste, die uns allen sehr guttat. Gemeinsam st\u00e4rkten wir uns, bevor wir zum zweiten Teil der Exkursion aufbrachen.<\/p><p style=\"font-weight: 400\">Ein knapp 30-min\u00fctiger Fu\u00dfmarsch f\u00fchrte uns in ein nahegelegenes Waldst\u00fcck. Vor Ort teilten wir uns in zwei Gruppen auf, um zwei weitere Bodenprofile kennenzulernen: eine Braunerde und einen Pseudogley. Wir bestimmten die vorher thematisierten Merkmale wie Farbe, K\u00f6rnung und Schichtung und diskutierten deren Entstehung sowie die Bedeutung f\u00fcr den jeweiligen Standort.<\/p><p style=\"font-weight: 400\">Gegen 15 Uhr traten wir den R\u00fcckweg zum Campus an, da unsere R\u00fcckreise nach Saarbr\u00fccken bevorstand. Auf dem Weg durch ein Neubaugebiet erl\u00e4uterte uns einer der Professoren noch verschiedene Ma\u00dfnahmen zur Bodenanpassung, wie z.B. spezielle Wasserauffangsysteme zur Hochwasserpr\u00e4vention.<\/p><p style=\"font-weight: 400\">Gegen 18 Uhr erreichten wir wieder den Saarbr\u00fccker Hauptbahnhof \u2013 ersch\u00f6pft, aber voller neuer Eindr\u00fccke und Erfahrungen. Trotz der gro\u00dfen Hitze war es ein lehrreicher, spannender und insgesamt sehr gelungener Tag, der uns wertvolle Einblicke in den Boden und seine Bedeutung gab.<\/p><p style=\"font-weight: 400\">An dieser Stelle danken wir Prof. Dr. Thiele-Bruhn und Dr. Schneider f\u00fcr die Vorbereitung und Durchf\u00fchrung unserer Exkursion.<\/p><p style=\"font-weight: 400\">(Hanna J., LK Erdkunde 11)<\/p>\t\t\t\t\t\t\t\t<\/div>\n\t\t\t\t<\/div>\n\t\t\t\t<div class=\"elementor-element elementor-element-bf03166 elementor-widget elementor-widget-gallery\" data-id=\"bf03166\" data-element_type=\"widget\" data-e-type=\"widget\" data-settings=\"{&quot;gap&quot;:{&quot;unit&quot;:&quot;px&quot;,&quot;size&quot;:&quot;2&quot;,&quot;sizes&quot;:[]},&quot;lazyload&quot;:&quot;yes&quot;,&quot;gallery_layout&quot;:&quot;grid&quot;,&quot;columns&quot;:4,&quot;columns_tablet&quot;:2,&quot;columns_mobile&quot;:1,&quot;gap_tablet&quot;:{&quot;unit&quot;:&quot;px&quot;,&quot;size&quot;:10,&quot;sizes&quot;:[]},&quot;gap_mobile&quot;:{&quot;unit&quot;:&quot;px&quot;,&quot;size&quot;:10,&quot;sizes&quot;:[]},&quot;link_to&quot;:&quot;file&quot;,&quot;aspect_ratio&quot;:&quot;3:2&quot;,&quot;overlay_background&quot;:&quot;yes&quot;,&quot;content_hover_animation&quot;:&quot;fade-in&quot;}\" data-widget_type=\"gallery.default\">\n\t\t\t\t<div class=\"elementor-widget-container\">\n\t\t\t\t\t\t\t<div class=\"elementor-gallery__container\">\n\t\t\t\t\t\t\t<a class=\"e-gallery-item elementor-gallery-item elementor-animated-content\" href=\"https:\/\/www.willi-graf-schulen.de\/gymnasium\/wp-content\/uploads\/sites\/5\/2025\/08\/Bodenexkursion-LK-Bio-und-EK-11-2025-11.jpg\" data-elementor-open-lightbox=\"yes\" data-elementor-lightbox-slideshow=\"bf03166\" data-elementor-lightbox-title=\"Bodenexkursion LK Bio und EK 11 2025 11\" data-e-action-hash=\"#elementor-action%3Aaction%3Dlightbox%26settings%3DeyJpZCI6MTg2MTMsInVybCI6Imh0dHBzOlwvXC93d3cud2lsbGktZ3JhZi1zY2h1bGVuLmRlXC9neW1uYXNpdW1cL3dwLWNvbnRlbnRcL3VwbG9hZHNcL3NpdGVzXC81XC8yMDI1XC8wOFwvQm9kZW5leGt1cnNpb24tTEstQmlvLXVuZC1FSy0xMS0yMDI1LTExLmpwZyIsInNsaWRlc2hvdyI6ImJmMDMxNjYifQ%3D%3D\">\n\t\t\t\t\t<div class=\"e-gallery-image elementor-gallery-item__image\" data-thumbnail=\"https:\/\/www.willi-graf-schulen.de\/gymnasium\/wp-content\/uploads\/sites\/5\/2025\/08\/Bodenexkursion-LK-Bio-und-EK-11-2025-11-300x200.jpg\" data-width=\"300\" data-height=\"200\" aria-label=\"\" role=\"img\" ><\/div>\n\t\t\t\t\t\t\t\t\t\t\t<div class=\"elementor-gallery-item__overlay\"><\/div>\n\t\t\t\t\t\t\t\t\t\t\t\t\t\t<\/a>\n\t\t\t\t\t\t\t<a class=\"e-gallery-item elementor-gallery-item elementor-animated-content\" href=\"https:\/\/www.willi-graf-schulen.de\/gymnasium\/wp-content\/uploads\/sites\/5\/2025\/08\/Bodenexkursion-LK-Bio-und-EK-11-2025-13.jpg\" data-elementor-open-lightbox=\"yes\" data-elementor-lightbox-slideshow=\"bf03166\" data-elementor-lightbox-title=\"Bodenexkursion LK Bio und EK 11 2025 13\" data-e-action-hash=\"#elementor-action%3Aaction%3Dlightbox%26settings%3DeyJpZCI6MTg2MTUsInVybCI6Imh0dHBzOlwvXC93d3cud2lsbGktZ3JhZi1zY2h1bGVuLmRlXC9neW1uYXNpdW1cL3dwLWNvbnRlbnRcL3VwbG9hZHNcL3NpdGVzXC81XC8yMDI1XC8wOFwvQm9kZW5leGt1cnNpb24tTEstQmlvLXVuZC1FSy0xMS0yMDI1LTEzLmpwZyIsInNsaWRlc2hvdyI6ImJmMDMxNjYifQ%3D%3D\">\n\t\t\t\t\t<div class=\"e-gallery-image elementor-gallery-item__image\" data-thumbnail=\"https:\/\/www.willi-graf-schulen.de\/gymnasium\/wp-content\/uploads\/sites\/5\/2025\/08\/Bodenexkursion-LK-Bio-und-EK-11-2025-13-300x200.jpg\" data-width=\"300\" data-height=\"200\" aria-label=\"\" role=\"img\" ><\/div>\n\t\t\t\t\t\t\t\t\t\t\t<div class=\"elementor-gallery-item__overlay\"><\/div>\n\t\t\t\t\t\t\t\t\t\t\t\t\t\t<\/a>\n\t\t\t\t\t\t\t<a class=\"e-gallery-item elementor-gallery-item elementor-animated-content\" href=\"https:\/\/www.willi-graf-schulen.de\/gymnasium\/wp-content\/uploads\/sites\/5\/2025\/08\/Bodenexkursion-LK-Bio-und-EK-11-2025-06.jpg\" data-elementor-open-lightbox=\"yes\" data-elementor-lightbox-slideshow=\"bf03166\" data-elementor-lightbox-title=\"Bodenexkursion LK Bio und EK 11 2025 06\" data-e-action-hash=\"#elementor-action%3Aaction%3Dlightbox%26settings%3DeyJpZCI6MTg2MDgsInVybCI6Imh0dHBzOlwvXC93d3cud2lsbGktZ3JhZi1zY2h1bGVuLmRlXC9neW1uYXNpdW1cL3dwLWNvbnRlbnRcL3VwbG9hZHNcL3NpdGVzXC81XC8yMDI1XC8wOFwvQm9kZW5leGt1cnNpb24tTEstQmlvLXVuZC1FSy0xMS0yMDI1LTA2LmpwZyIsInNsaWRlc2hvdyI6ImJmMDMxNjYifQ%3D%3D\">\n\t\t\t\t\t<div class=\"e-gallery-image elementor-gallery-item__image\" data-thumbnail=\"https:\/\/www.willi-graf-schulen.de\/gymnasium\/wp-content\/uploads\/sites\/5\/2025\/08\/Bodenexkursion-LK-Bio-und-EK-11-2025-06-300x200.jpg\" data-width=\"300\" data-height=\"200\" aria-label=\"\" role=\"img\" ><\/div>\n\t\t\t\t\t\t\t\t\t\t\t<div class=\"elementor-gallery-item__overlay\"><\/div>\n\t\t\t\t\t\t\t\t\t\t\t\t\t\t<\/a>\n\t\t\t\t\t\t\t<a class=\"e-gallery-item elementor-gallery-item elementor-animated-content\" href=\"https:\/\/www.willi-graf-schulen.de\/gymnasium\/wp-content\/uploads\/sites\/5\/2025\/08\/Bodenexkursion-LK-Bio-und-EK-11-2025-10.jpg\" data-elementor-open-lightbox=\"yes\" data-elementor-lightbox-slideshow=\"bf03166\" data-elementor-lightbox-title=\"Bodenexkursion LK Bio und EK 11 2025 10\" data-e-action-hash=\"#elementor-action%3Aaction%3Dlightbox%26settings%3DeyJpZCI6MTg2MTIsInVybCI6Imh0dHBzOlwvXC93d3cud2lsbGktZ3JhZi1zY2h1bGVuLmRlXC9neW1uYXNpdW1cL3dwLWNvbnRlbnRcL3VwbG9hZHNcL3NpdGVzXC81XC8yMDI1XC8wOFwvQm9kZW5leGt1cnNpb24tTEstQmlvLXVuZC1FSy0xMS0yMDI1LTEwLmpwZyIsInNsaWRlc2hvdyI6ImJmMDMxNjYifQ%3D%3D\">\n\t\t\t\t\t<div class=\"e-gallery-image elementor-gallery-item__image\" data-thumbnail=\"https:\/\/www.willi-graf-schulen.de\/gymnasium\/wp-content\/uploads\/sites\/5\/2025\/08\/Bodenexkursion-LK-Bio-und-EK-11-2025-10-300x200.jpg\" data-width=\"300\" data-height=\"200\" aria-label=\"\" role=\"img\" ><\/div>\n\t\t\t\t\t\t\t\t\t\t\t<div class=\"elementor-gallery-item__overlay\"><\/div>\n\t\t\t\t\t\t\t\t\t\t\t\t\t\t<\/a>\n\t\t\t\t\t\t\t<a class=\"e-gallery-item elementor-gallery-item elementor-animated-content\" href=\"https:\/\/www.willi-graf-schulen.de\/gymnasium\/wp-content\/uploads\/sites\/5\/2025\/08\/Bodenexkursion-LK-Bio-und-EK-11-2025-05.jpg\" data-elementor-open-lightbox=\"yes\" data-elementor-lightbox-slideshow=\"bf03166\" data-elementor-lightbox-title=\"Bodenexkursion LK Bio und EK 11 2025 05\" data-e-action-hash=\"#elementor-action%3Aaction%3Dlightbox%26settings%3DeyJpZCI6MTg2MDcsInVybCI6Imh0dHBzOlwvXC93d3cud2lsbGktZ3JhZi1zY2h1bGVuLmRlXC9neW1uYXNpdW1cL3dwLWNvbnRlbnRcL3VwbG9hZHNcL3NpdGVzXC81XC8yMDI1XC8wOFwvQm9kZW5leGt1cnNpb24tTEstQmlvLXVuZC1FSy0xMS0yMDI1LTA1LmpwZyIsInNsaWRlc2hvdyI6ImJmMDMxNjYifQ%3D%3D\">\n\t\t\t\t\t<div class=\"e-gallery-image elementor-gallery-item__image\" data-thumbnail=\"https:\/\/www.willi-graf-schulen.de\/gymnasium\/wp-content\/uploads\/sites\/5\/2025\/08\/Bodenexkursion-LK-Bio-und-EK-11-2025-05-300x200.jpg\" data-width=\"300\" data-height=\"200\" aria-label=\"\" role=\"img\" ><\/div>\n\t\t\t\t\t\t\t\t\t\t\t<div class=\"elementor-gallery-item__overlay\"><\/div>\n\t\t\t\t\t\t\t\t\t\t\t\t\t\t<\/a>\n\t\t\t\t\t\t\t<a class=\"e-gallery-item elementor-gallery-item elementor-animated-content\" href=\"https:\/\/www.willi-graf-schulen.de\/gymnasium\/wp-content\/uploads\/sites\/5\/2025\/08\/Bodenexkursion-LK-Bio-und-EK-11-2025-03.jpg\" data-elementor-open-lightbox=\"yes\" data-elementor-lightbox-slideshow=\"bf03166\" data-elementor-lightbox-title=\"Bodenexkursion LK Bio und EK 11 2025 03\" data-e-action-hash=\"#elementor-action%3Aaction%3Dlightbox%26settings%3DeyJpZCI6MTg2MDUsInVybCI6Imh0dHBzOlwvXC93d3cud2lsbGktZ3JhZi1zY2h1bGVuLmRlXC9neW1uYXNpdW1cL3dwLWNvbnRlbnRcL3VwbG9hZHNcL3NpdGVzXC81XC8yMDI1XC8wOFwvQm9kZW5leGt1cnNpb24tTEstQmlvLXVuZC1FSy0xMS0yMDI1LTAzLmpwZyIsInNsaWRlc2hvdyI6ImJmMDMxNjYifQ%3D%3D\">\n\t\t\t\t\t<div class=\"e-gallery-image elementor-gallery-item__image\" data-thumbnail=\"https:\/\/www.willi-graf-schulen.de\/gymnasium\/wp-content\/uploads\/sites\/5\/2025\/08\/Bodenexkursion-LK-Bio-und-EK-11-2025-03-300x200.jpg\" data-width=\"300\" data-height=\"200\" aria-label=\"\" role=\"img\" ><\/div>\n\t\t\t\t\t\t\t\t\t\t\t<div class=\"elementor-gallery-item__overlay\"><\/div>\n\t\t\t\t\t\t\t\t\t\t\t\t\t\t<\/a>\n\t\t\t\t\t\t\t<a class=\"e-gallery-item elementor-gallery-item elementor-animated-content\" href=\"https:\/\/www.willi-graf-schulen.de\/gymnasium\/wp-content\/uploads\/sites\/5\/2025\/08\/Bodenexkursion-LK-Bio-und-EK-11-2025-02.jpg\" data-elementor-open-lightbox=\"yes\" data-elementor-lightbox-slideshow=\"bf03166\" data-elementor-lightbox-title=\"Bodenexkursion LK Bio und EK 11 2025 02\" data-e-action-hash=\"#elementor-action%3Aaction%3Dlightbox%26settings%3DeyJpZCI6MTg2MDQsInVybCI6Imh0dHBzOlwvXC93d3cud2lsbGktZ3JhZi1zY2h1bGVuLmRlXC9neW1uYXNpdW1cL3dwLWNvbnRlbnRcL3VwbG9hZHNcL3NpdGVzXC81XC8yMDI1XC8wOFwvQm9kZW5leGt1cnNpb24tTEstQmlvLXVuZC1FSy0xMS0yMDI1LTAyLmpwZyIsInNsaWRlc2hvdyI6ImJmMDMxNjYifQ%3D%3D\">\n\t\t\t\t\t<div class=\"e-gallery-image elementor-gallery-item__image\" data-thumbnail=\"https:\/\/www.willi-graf-schulen.de\/gymnasium\/wp-content\/uploads\/sites\/5\/2025\/08\/Bodenexkursion-LK-Bio-und-EK-11-2025-02-300x200.jpg\" data-width=\"300\" data-height=\"200\" aria-label=\"\" role=\"img\" ><\/div>\n\t\t\t\t\t\t\t\t\t\t\t<div class=\"elementor-gallery-item__overlay\"><\/div>\n\t\t\t\t\t\t\t\t\t\t\t\t\t\t<\/a>\n\t\t\t\t\t\t\t<a class=\"e-gallery-item elementor-gallery-item elementor-animated-content\" href=\"https:\/\/www.willi-graf-schulen.de\/gymnasium\/wp-content\/uploads\/sites\/5\/2025\/08\/Bodenexkursion-LK-Bio-und-EK-11-2025-01.jpg\" data-elementor-open-lightbox=\"yes\" data-elementor-lightbox-slideshow=\"bf03166\" data-elementor-lightbox-title=\"Bodenexkursion LK Bio und EK 11 2025 01\" data-e-action-hash=\"#elementor-action%3Aaction%3Dlightbox%26settings%3DeyJpZCI6MTg2MDMsInVybCI6Imh0dHBzOlwvXC93d3cud2lsbGktZ3JhZi1zY2h1bGVuLmRlXC9neW1uYXNpdW1cL3dwLWNvbnRlbnRcL3VwbG9hZHNcL3NpdGVzXC81XC8yMDI1XC8wOFwvQm9kZW5leGt1cnNpb24tTEstQmlvLXVuZC1FSy0xMS0yMDI1LTAxLmpwZyIsInNsaWRlc2hvdyI6ImJmMDMxNjYifQ%3D%3D\">\n\t\t\t\t\t<div class=\"e-gallery-image elementor-gallery-item__image\" data-thumbnail=\"https:\/\/www.willi-graf-schulen.de\/gymnasium\/wp-content\/uploads\/sites\/5\/2025\/08\/Bodenexkursion-LK-Bio-und-EK-11-2025-01-300x200.jpg\" data-width=\"300\" data-height=\"200\" aria-label=\"\" role=\"img\" ><\/div>\n\t\t\t\t\t\t\t\t\t\t\t<div class=\"elementor-gallery-item__overlay\"><\/div>\n\t\t\t\t\t\t\t\t\t\t\t\t\t\t<\/a>\n\t\t\t\t\t\t\t<a class=\"e-gallery-item elementor-gallery-item elementor-animated-content\" href=\"https:\/\/www.willi-graf-schulen.de\/gymnasium\/wp-content\/uploads\/sites\/5\/2025\/08\/Bodenexkursion-LK-Bio-und-EK-11-2025-04.jpg\" data-elementor-open-lightbox=\"yes\" data-elementor-lightbox-slideshow=\"bf03166\" data-elementor-lightbox-title=\"Bodenexkursion LK Bio und EK 11 2025 04\" data-e-action-hash=\"#elementor-action%3Aaction%3Dlightbox%26settings%3DeyJpZCI6MTg2MDYsInVybCI6Imh0dHBzOlwvXC93d3cud2lsbGktZ3JhZi1zY2h1bGVuLmRlXC9neW1uYXNpdW1cL3dwLWNvbnRlbnRcL3VwbG9hZHNcL3NpdGVzXC81XC8yMDI1XC8wOFwvQm9kZW5leGt1cnNpb24tTEstQmlvLXVuZC1FSy0xMS0yMDI1LTA0LmpwZyIsInNsaWRlc2hvdyI6ImJmMDMxNjYifQ%3D%3D\">\n\t\t\t\t\t<div class=\"e-gallery-image elementor-gallery-item__image\" data-thumbnail=\"https:\/\/www.willi-graf-schulen.de\/gymnasium\/wp-content\/uploads\/sites\/5\/2025\/08\/Bodenexkursion-LK-Bio-und-EK-11-2025-04-300x200.jpg\" data-width=\"300\" data-height=\"200\" aria-label=\"\" role=\"img\" ><\/div>\n\t\t\t\t\t\t\t\t\t\t\t<div class=\"elementor-gallery-item__overlay\"><\/div>\n\t\t\t\t\t\t\t\t\t\t\t\t\t\t<\/a>\n\t\t\t\t\t\t\t<a class=\"e-gallery-item elementor-gallery-item elementor-animated-content\" href=\"https:\/\/www.willi-graf-schulen.de\/gymnasium\/wp-content\/uploads\/sites\/5\/2025\/08\/Bodenexkursion-LK-Bio-und-EK-11-2025-07.jpg\" data-elementor-open-lightbox=\"yes\" data-elementor-lightbox-slideshow=\"bf03166\" data-elementor-lightbox-title=\"Bodenexkursion LK Bio und EK 11 2025 07\" data-e-action-hash=\"#elementor-action%3Aaction%3Dlightbox%26settings%3DeyJpZCI6MTg2MDksInVybCI6Imh0dHBzOlwvXC93d3cud2lsbGktZ3JhZi1zY2h1bGVuLmRlXC9neW1uYXNpdW1cL3dwLWNvbnRlbnRcL3VwbG9hZHNcL3NpdGVzXC81XC8yMDI1XC8wOFwvQm9kZW5leGt1cnNpb24tTEstQmlvLXVuZC1FSy0xMS0yMDI1LTA3LmpwZyIsInNsaWRlc2hvdyI6ImJmMDMxNjYifQ%3D%3D\">\n\t\t\t\t\t<div class=\"e-gallery-image elementor-gallery-item__image\" data-thumbnail=\"https:\/\/www.willi-graf-schulen.de\/gymnasium\/wp-content\/uploads\/sites\/5\/2025\/08\/Bodenexkursion-LK-Bio-und-EK-11-2025-07-300x200.jpg\" data-width=\"300\" data-height=\"200\" aria-label=\"\" role=\"img\" ><\/div>\n\t\t\t\t\t\t\t\t\t\t\t<div class=\"elementor-gallery-item__overlay\"><\/div>\n\t\t\t\t\t\t\t\t\t\t\t\t\t\t<\/a>\n\t\t\t\t\t\t\t<a class=\"e-gallery-item elementor-gallery-item elementor-animated-content\" href=\"https:\/\/www.willi-graf-schulen.de\/gymnasium\/wp-content\/uploads\/sites\/5\/2025\/08\/Bodenexkursion-LK-Bio-und-EK-11-2025-08.jpg\" data-elementor-open-lightbox=\"yes\" data-elementor-lightbox-slideshow=\"bf03166\" data-elementor-lightbox-title=\"Bodenexkursion LK Bio und EK 11 2025 08\" data-e-action-hash=\"#elementor-action%3Aaction%3Dlightbox%26settings%3DeyJpZCI6MTg2MTAsInVybCI6Imh0dHBzOlwvXC93d3cud2lsbGktZ3JhZi1zY2h1bGVuLmRlXC9neW1uYXNpdW1cL3dwLWNvbnRlbnRcL3VwbG9hZHNcL3NpdGVzXC81XC8yMDI1XC8wOFwvQm9kZW5leGt1cnNpb24tTEstQmlvLXVuZC1FSy0xMS0yMDI1LTA4LmpwZyIsInNsaWRlc2hvdyI6ImJmMDMxNjYifQ%3D%3D\">\n\t\t\t\t\t<div class=\"e-gallery-image elementor-gallery-item__image\" data-thumbnail=\"https:\/\/www.willi-graf-schulen.de\/gymnasium\/wp-content\/uploads\/sites\/5\/2025\/08\/Bodenexkursion-LK-Bio-und-EK-11-2025-08-300x200.jpg\" data-width=\"300\" data-height=\"200\" aria-label=\"\" role=\"img\" ><\/div>\n\t\t\t\t\t\t\t\t\t\t\t<div class=\"elementor-gallery-item__overlay\"><\/div>\n\t\t\t\t\t\t\t\t\t\t\t\t\t\t<\/a>\n\t\t\t\t\t\t\t<a class=\"e-gallery-item elementor-gallery-item elementor-animated-content\" href=\"https:\/\/www.willi-graf-schulen.de\/gymnasium\/wp-content\/uploads\/sites\/5\/2025\/08\/Bodenexkursion-LK-Bio-und-EK-11-2025-09.jpg\" data-elementor-open-lightbox=\"yes\" data-elementor-lightbox-slideshow=\"bf03166\" data-elementor-lightbox-title=\"Bodenexkursion LK Bio und EK 11 2025 09\" data-e-action-hash=\"#elementor-action%3Aaction%3Dlightbox%26settings%3DeyJpZCI6MTg2MTEsInVybCI6Imh0dHBzOlwvXC93d3cud2lsbGktZ3JhZi1zY2h1bGVuLmRlXC9neW1uYXNpdW1cL3dwLWNvbnRlbnRcL3VwbG9hZHNcL3NpdGVzXC81XC8yMDI1XC8wOFwvQm9kZW5leGt1cnNpb24tTEstQmlvLXVuZC1FSy0xMS0yMDI1LTA5LmpwZyIsInNsaWRlc2hvdyI6ImJmMDMxNjYifQ%3D%3D\">\n\t\t\t\t\t<div class=\"e-gallery-image elementor-gallery-item__image\" data-thumbnail=\"https:\/\/www.willi-graf-schulen.de\/gymnasium\/wp-content\/uploads\/sites\/5\/2025\/08\/Bodenexkursion-LK-Bio-und-EK-11-2025-09-300x200.jpg\" data-width=\"300\" data-height=\"200\" aria-label=\"\" role=\"img\" ><\/div>\n\t\t\t\t\t\t\t\t\t\t\t<div class=\"elementor-gallery-item__overlay\"><\/div>\n\t\t\t\t\t\t\t\t\t\t\t\t\t\t<\/a>\n\t\t\t\t\t<\/div>\n\t\t\t\t\t<\/div>\n\t\t\t\t<\/div>\n\t\t\t\t\t<\/div>\n\t\t<\/div>\n\t\t\t\t\t<\/div>\n\t\t<\/section>\n\t\t\t\t<\/div>\n\t\t","protected":false},"excerpt":{"rendered":"<p>Am Freitag, den 13. Juni 2025 unternahmen die Leistungskurse Erdkunde und Biologie eine spannende Bodenexkursion nach Trier. Gemeinsam mit unseren Lehrern Herrn Kutsch und Herrn Leidinger starteten wir fr\u00fch morgens um 8 Uhr am Saarbr\u00fccker Hauptbahnhof. Von dort aus ging es zun\u00e4chst mit dem Zug nach Trier, anschlie\u00dfend weiter mit dem Bus und zu Fu\u00df [&hellip;]<\/p>\n","protected":false},"author":8,"featured_media":18614,"comment_status":"open","ping_status":"open","sticky":false,"template":"","format":"standard","meta":{"footnotes":""},"categories":[94],"tags":[],"class_list":["post-18598","post","type-post","status-publish","format-standard","has-post-thumbnail","hentry","category-aktuelles"],"_links":{"self":[{"href":"https:\/\/www.willi-graf-schulen.de\/gymnasium\/wp-json\/wp\/v2\/posts\/18598","targetHints":{"allow":["GET"]}}],"collection":[{"href":"https:\/\/www.willi-graf-schulen.de\/gymnasium\/wp-json\/wp\/v2\/posts"}],"about":[{"href":"https:\/\/www.willi-graf-schulen.de\/gymnasium\/wp-json\/wp\/v2\/types\/post"}],"author":[{"embeddable":true,"href":"https:\/\/www.willi-graf-schulen.de\/gymnasium\/wp-json\/wp\/v2\/users\/8"}],"replies":[{"embeddable":true,"href":"https:\/\/www.willi-graf-schulen.de\/gymnasium\/wp-json\/wp\/v2\/comments?post=18598"}],"version-history":[{"count":8,"href":"https:\/\/www.willi-graf-schulen.de\/gymnasium\/wp-json\/wp\/v2\/posts\/18598\/revisions"}],"predecessor-version":[{"id":18620,"href":"https:\/\/www.willi-graf-schulen.de\/gymnasium\/wp-json\/wp\/v2\/posts\/18598\/revisions\/18620"}],"wp:featuredmedia":[{"embeddable":true,"href":"https:\/\/www.willi-graf-schulen.de\/gymnasium\/wp-json\/wp\/v2\/media\/18614"}],"wp:attachment":[{"href":"https:\/\/www.willi-graf-schulen.de\/gymnasium\/wp-json\/wp\/v2\/media?parent=18598"}],"wp:term":[{"taxonomy":"category","embeddable":true,"href":"https:\/\/www.willi-graf-schulen.de\/gymnasium\/wp-json\/wp\/v2\/categories?post=18598"},{"taxonomy":"post_tag","embeddable":true,"href":"https:\/\/www.willi-graf-schulen.de\/gymnasium\/wp-json\/wp\/v2\/tags?post=18598"}],"curies":[{"name":"wp","href":"https:\/\/api.w.org\/{rel}","templated":true}]}}