{"id":18714,"date":"2025-07-22T17:58:02","date_gmt":"2025-07-22T15:58:02","guid":{"rendered":"https:\/\/www.willi-graf-schulen.de\/gymnasium\/?p=18714"},"modified":"2025-09-02T18:14:21","modified_gmt":"2025-09-02T16:14:21","slug":"verabschiedung-in-den-ruhestand","status":"publish","type":"post","link":"https:\/\/www.willi-graf-schulen.de\/gymnasium\/verabschiedung-in-den-ruhestand\/","title":{"rendered":"Verabschiedung in den Ruhestand"},"content":{"rendered":"\t\t<div data-elementor-type=\"wp-post\" data-elementor-id=\"18714\" class=\"elementor elementor-18714\" data-elementor-post-type=\"post\">\n\t\t\t\t\t\t<section class=\"elementor-section elementor-top-section elementor-element elementor-element-dc9dae6 elementor-section-boxed elementor-section-height-default elementor-section-height-default\" data-id=\"dc9dae6\" data-element_type=\"section\" data-e-type=\"section\" data-settings=\"{&quot;jet_parallax_layout_list&quot;:[]}\">\n\t\t\t\t\t\t<div class=\"elementor-container elementor-column-gap-default\">\n\t\t\t\t\t<div class=\"elementor-column elementor-col-100 elementor-top-column elementor-element elementor-element-b287645\" data-id=\"b287645\" data-element_type=\"column\" data-e-type=\"column\">\n\t\t\t<div class=\"elementor-widget-wrap elementor-element-populated\">\n\t\t\t\t\t\t<div class=\"elementor-element elementor-element-fc87cea elementor-widget elementor-widget-text-editor\" data-id=\"fc87cea\" data-element_type=\"widget\" data-e-type=\"widget\" data-widget_type=\"text-editor.default\">\n\t\t\t\t<div class=\"elementor-widget-container\">\n\t\t\t\t\t\t\t\t\t<p style=\"font-weight: 400\"><strong>Saarbr\u00fccken <\/strong>\u2013 Im Bisch\u00f6flichen Willi-Graf-Gymnasium endet eine \u00c4ra: Nach 16 Jahren als Schulleiter ist Stefan Kilz am Freitag, 27. Juni, in den Ruhestand verabschiedet worden. Bei einem Gottesdienst in der Schulkapelle mit anschlie\u00dfender Feier im Pavillon haben Vertreterinnen und Vertreter aus Bistum, Politik und Kollegenkreis die Verdienste des scheidenden Rektors gew\u00fcrdigt. Kilz\u2018 Nachfolger als Schulleiter wird sein bisheriger Stellvertreter Christian Dahlke. \u00a0<\/p><p style=\"font-weight: 400\">\u201eF\u00fcr Ihre Standfestigkeit, Ihre Verl\u00e4sslichkeit und Loyalit\u00e4t und Ihren beherzten Einsatz f\u00fcr das Willi-Graf-Gymnasium danke ich Ihnen im Namen des Schultr\u00e4gers und sehr pers\u00f6nlich von ganzem Herzen\u201c, sagte die Leiterin der Abteilung Schule und Religionsunterricht im Bisch\u00f6flichen Generalvikariat Kerstin Schmitz-Stuhltr\u00e4ger. Nach dem Studium der F\u00e4cher Latein und Sozialkunde an der Universit\u00e4t des Saarlandes und dem Referendariat am Studienseminar in Dillingen habe Kilz zwei Jahrzehnte am bisch\u00f6flichen Willigis-Gymnasium in Mainz unterrichtet, wo er zuletzt stellvertretender Schulleiter war. \u201eVornehmliche Aufgabe ist es, junge Menschen im Geist des Evangeliums zu gebildeten und verantwortlichen Menschen sich selbst und der Gemeinschaft gegen\u00fcber zu erziehen\u201c, zitierte sie aus Kilz Bewerbungsschreiben aus dem Jahr 2008. Darin bezeichnete er katholische Schulen als Orientierungspunkte und Bereicherung der Schullandschaft. \u201eDiese Werte, die Sie vor nun 17 Jahren formuliert haben, haben meine Vorg\u00e4nger in der Schulabteilung \u00fcberzeugt. Ich kann best\u00e4tigen, dass Sie diesen \u00dcberzeugungen treu geblieben sind und Sie mit viel Herzblut jeden Tag mit Leben gef\u00fcllt haben\u201c, so Schmitz-Stuhltr\u00e4ger. \u201eBesonders gef\u00e4llt mir an unserem Schulleiter, dass er bei so wenig ,L\u00e4rm\u2018 so viel bewegen kann\u201c, habe ein Kollege schon bei Kilz\u2018 Amtsantritt am 29. Januar 2010 gesagt.<\/p><p style=\"font-weight: 400\"><strong><em>Unaufgeregt, verl\u00e4sslich und ein verborgenes Talent<\/em><\/strong><\/p><p style=\"font-weight: 400\">Stellvertretend f\u00fcr das saarl\u00e4ndische Bildungsministerium dankten der f\u00fcr Gymnasien zust\u00e4ndige Referatsleiter Pascal Ohlmann und Claudia Priester f\u00fcr die Zusammenarbeit. \u201eIch gratuliere Ihnen zu Ihrem wohlverdienten Ruhestand und danke Ihnen f\u00fcr Ihr langj\u00e4hriges, engagiertes Wirken an dieser Schule und f\u00fcr die gute, immer zuverl\u00e4ssige Zusammenarbeit\u201c, sagte Priester. Kilz zeichne sich durch Zuverl\u00e4ssigkeit, Gelassenheit, Begeisterungsf\u00e4higkeit, Freundlichkeit und Offenheit aus. Auch Schulsprecherin Marie-Luise Potsch dankte Kilz: \u201eDanke f\u00fcr Ihr Engagement, offenen Ohren und Ihre Verl\u00e4sslichkeit. Man wusste bei Ihnen stets, woran man war.\u201c Als \u201everl\u00e4sslichen Partner, der mir immer hilfreich zur Seite stand\u201c w\u00fcrdigte Stephan Arnold, Schulleiter der Willi-Graf-Realschule, seinen Kollegen.<\/p><p style=\"font-weight: 400\">Stellvertretend f\u00fcr die Landesarbeitsgemeinschaft der katholischen Schulen in privater Tr\u00e4gerschaft im Saarland, deren Vorsitzender Kilz bis 2024 war, dankte der Leiter der Saarbr\u00fccker Marienschule Peter Jochum: \u201eEr versteht F\u00fchrung nicht als lautes Auftreten, sondern als eine innere St\u00e4rke. Viel l\u00e4sst sich mit Beharrlichkeit erreichen.\u201c Jochum bezeichnete Kilz als \u201eBr\u00fcckenbauer zwischen Tradition und Zukunft\u201c und \u201everl\u00e4sslichen Ansprechpartner\u201c.<\/p><p style=\"font-weight: 400\">Unaufgeregt und verl\u00e4sslich \u2013 diese Eigenschaften verbanden viele der Rednerinnen und Redner mit Stefan Kilz. Eine bislang nur wenigen Leuten bekannte Seite enth\u00fcllte Jutta Claes, Leiterin der Grundschule am Dom in Trier, zugleich Sprecherin der Bistumsschulen, in dem sie den Anwesenden dessen Talent als Heinz Becker-Imitator verriet. Auf eine Kostprobe verzichtete der Geehrte zum Bedauern vieler jedoch.<\/p><p style=\"font-weight: 400\"><strong><em>\u201eGott darf keine unbekannte Gr\u00f6\u00dfe sein\u201c<\/em><\/strong><\/p><p style=\"font-weight: 400\">In seiner Ansprache blickte Stefan Kilz auf seine Anf\u00e4nge zur\u00fcck: \u201eDer Beginn der Reise lief nicht gut, die Anmeldezahlen waren bescheiden und hatten im Jahre 2010 mit 69 Interessenten einen regelrechten Einbruch.\u201c Davon ist heute keine Rede mehr, f\u00fcr das neue Schuljahr gab es 138 Bewerbungen f\u00fcr 95 Pl\u00e4tze. \u201eEine von Vertrauen gepr\u00e4gte Schulkultur f\u00e4llt nicht vom Himmel \u2013 ein Klima des Vertrauens entsteht, wo wir Lehrer Sch\u00fclern etwas zutrauen. Kinder brauchen einen Garten, in dem ihre Seele wachsen kann. Wir Schulen sind ein solcher Garten und f\u00fcr uns Bistumsschulen gilt: In diesem Garten darf Gott keine unbekannte Gr\u00f6\u00dfe sein\u201c, umschrieb Kilz seine Philosophie. Die Meet and Greet Tage im Bisch\u00f6flichen Generalvikariat, der Jean-Monet-Schultag an der Saar-Uni, die Teilnahme an Ingenieurwettbewerben, Erfolge bei der Matheolympiade, dem Besuch der Willi-Graf-Ausstellung in Wadgassen\u2026: Das Spektrum der schulischen Aktivit\u00e4ten sei breit. \u201eDen Blickwinkel der Sch\u00fclerinnen und Sch\u00fcler zu weiten, ihnen \u00fcber den Unterricht hinaus Horizonte zu \u00f6ffnen, leistungswillige und leistungsstarke Sch\u00fclerinnen und Sch\u00fcler zu f\u00f6rdern oder Sch\u00fclerinnen und Sch\u00fclern mit einem umfassenden F\u00f6rderangebot zu helfen, war immer unser Ziel \u2013 \u00fcber all die Jahre ist ein schulisches Angebot entstanden, das sowohl im mathematisch-naturwissenschaftlichen, als auch im sprachlichen und im musisch-k\u00fcnstlerischen Bereich mithalten kann\u201c, sagte Kilz. Er dankte seinen Kolleginnen und Kollegen f\u00fcr ihr Engagement. Der Schulverbund zwischen Willi-Graf-Gymnasium und Willi-Graf-Realschule, der Sch\u00fclerinnen und Sch\u00fcler Wechselm\u00f6glichkeiten er\u00f6ffne, eine hohe Anzahl von Arbeitsgemeinschaften erm\u00f6gliche und auf diese Weise das soziale Miteinander von Realsch\u00fclern und Gymnasiasten f\u00f6rdere, sei einzigartig im Saarland.<\/p><p style=\"font-weight: 400\">Gro\u00dfe Pl\u00e4ne f\u00fcr den Ruhestand hat der Geehrte noch nicht: \u201eIch will es ruhig angehen und auf mich zukommen lassen\u201c, sagt Stefan Kilz. Aber gut m\u00f6glich, dass im neuen Lebensabschnitt mehr Zeit f\u00fcr Gartenarbeit, Chor, Karneval und Fu\u00dfball (Mainz 05) bleiben.<\/p><p style=\"font-weight: 400\">Ute Kirch, Bisch\u00f6fliche Pressestelle Trier<\/p>\t\t\t\t\t\t\t\t<\/div>\n\t\t\t\t<\/div>\n\t\t\t\t<div class=\"elementor-element elementor-element-ddc1c45 elementor-widget elementor-widget-gallery\" data-id=\"ddc1c45\" data-element_type=\"widget\" data-e-type=\"widget\" data-settings=\"{&quot;gap&quot;:{&quot;unit&quot;:&quot;px&quot;,&quot;size&quot;:&quot;2&quot;,&quot;sizes&quot;:[]},&quot;lazyload&quot;:&quot;yes&quot;,&quot;gallery_layout&quot;:&quot;grid&quot;,&quot;columns&quot;:4,&quot;columns_tablet&quot;:2,&quot;columns_mobile&quot;:1,&quot;gap_tablet&quot;:{&quot;unit&quot;:&quot;px&quot;,&quot;size&quot;:10,&quot;sizes&quot;:[]},&quot;gap_mobile&quot;:{&quot;unit&quot;:&quot;px&quot;,&quot;size&quot;:10,&quot;sizes&quot;:[]},&quot;link_to&quot;:&quot;file&quot;,&quot;aspect_ratio&quot;:&quot;3:2&quot;,&quot;overlay_background&quot;:&quot;yes&quot;,&quot;content_hover_animation&quot;:&quot;fade-in&quot;}\" data-widget_type=\"gallery.default\">\n\t\t\t\t<div class=\"elementor-widget-container\">\n\t\t\t\t\t\t\t<div class=\"elementor-gallery__container\">\n\t\t\t\t\t\t\t<a class=\"e-gallery-item elementor-gallery-item elementor-animated-content\" href=\"https:\/\/www.willi-graf-schulen.de\/gymnasium\/wp-content\/uploads\/sites\/5\/2025\/09\/Verabschiedung-Kilz-offiziell-01.jpg\" data-elementor-open-lightbox=\"yes\" data-elementor-lightbox-slideshow=\"ddc1c45\" data-elementor-lightbox-title=\"Verabschiedung Kilz offiziell 01\" data-e-action-hash=\"#elementor-action%3Aaction%3Dlightbox%26settings%3DeyJpZCI6MTg2NzksInVybCI6Imh0dHBzOlwvXC93d3cud2lsbGktZ3JhZi1zY2h1bGVuLmRlXC9neW1uYXNpdW1cL3dwLWNvbnRlbnRcL3VwbG9hZHNcL3NpdGVzXC81XC8yMDI1XC8wOVwvVmVyYWJzY2hpZWR1bmctS2lsei1vZmZpemllbGwtMDEuanBnIiwic2xpZGVzaG93IjoiZGRjMWM0NSJ9\">\n\t\t\t\t\t<div class=\"e-gallery-image elementor-gallery-item__image\" data-thumbnail=\"https:\/\/www.willi-graf-schulen.de\/gymnasium\/wp-content\/uploads\/sites\/5\/2025\/09\/Verabschiedung-Kilz-offiziell-01-300x225.jpg\" data-width=\"300\" data-height=\"225\" aria-label=\"\" role=\"img\" ><\/div>\n\t\t\t\t\t\t\t\t\t\t\t<div class=\"elementor-gallery-item__overlay\"><\/div>\n\t\t\t\t\t\t\t\t\t\t\t\t\t\t<\/a>\n\t\t\t\t\t\t\t<a class=\"e-gallery-item elementor-gallery-item elementor-animated-content\" href=\"https:\/\/www.willi-graf-schulen.de\/gymnasium\/wp-content\/uploads\/sites\/5\/2025\/09\/Verabschiedung-Kilz-offiziell-02.jpg\" data-elementor-open-lightbox=\"yes\" data-elementor-lightbox-slideshow=\"ddc1c45\" data-elementor-lightbox-title=\"Verabschiedung Kilz offiziell 02\" data-e-action-hash=\"#elementor-action%3Aaction%3Dlightbox%26settings%3DeyJpZCI6MTg2ODAsInVybCI6Imh0dHBzOlwvXC93d3cud2lsbGktZ3JhZi1zY2h1bGVuLmRlXC9neW1uYXNpdW1cL3dwLWNvbnRlbnRcL3VwbG9hZHNcL3NpdGVzXC81XC8yMDI1XC8wOVwvVmVyYWJzY2hpZWR1bmctS2lsei1vZmZpemllbGwtMDIuanBnIiwic2xpZGVzaG93IjoiZGRjMWM0NSJ9\">\n\t\t\t\t\t<div class=\"e-gallery-image elementor-gallery-item__image\" data-thumbnail=\"https:\/\/www.willi-graf-schulen.de\/gymnasium\/wp-content\/uploads\/sites\/5\/2025\/09\/Verabschiedung-Kilz-offiziell-02-300x225.jpg\" data-width=\"300\" data-height=\"225\" aria-label=\"\" role=\"img\" ><\/div>\n\t\t\t\t\t\t\t\t\t\t\t<div class=\"elementor-gallery-item__overlay\"><\/div>\n\t\t\t\t\t\t\t\t\t\t\t\t\t\t<\/a>\n\t\t\t\t\t\t\t<a class=\"e-gallery-item elementor-gallery-item elementor-animated-content\" href=\"https:\/\/www.willi-graf-schulen.de\/gymnasium\/wp-content\/uploads\/sites\/5\/2025\/09\/Verabschiedung-Kilz-offiziell-03.jpg\" data-elementor-open-lightbox=\"yes\" data-elementor-lightbox-slideshow=\"ddc1c45\" data-elementor-lightbox-title=\"Verabschiedung Kilz offiziell 03\" data-e-action-hash=\"#elementor-action%3Aaction%3Dlightbox%26settings%3DeyJpZCI6MTg2ODEsInVybCI6Imh0dHBzOlwvXC93d3cud2lsbGktZ3JhZi1zY2h1bGVuLmRlXC9neW1uYXNpdW1cL3dwLWNvbnRlbnRcL3VwbG9hZHNcL3NpdGVzXC81XC8yMDI1XC8wOVwvVmVyYWJzY2hpZWR1bmctS2lsei1vZmZpemllbGwtMDMuanBnIiwic2xpZGVzaG93IjoiZGRjMWM0NSJ9\">\n\t\t\t\t\t<div class=\"e-gallery-image elementor-gallery-item__image\" data-thumbnail=\"https:\/\/www.willi-graf-schulen.de\/gymnasium\/wp-content\/uploads\/sites\/5\/2025\/09\/Verabschiedung-Kilz-offiziell-03-300x225.jpg\" data-width=\"300\" data-height=\"225\" aria-label=\"\" role=\"img\" ><\/div>\n\t\t\t\t\t\t\t\t\t\t\t<div class=\"elementor-gallery-item__overlay\"><\/div>\n\t\t\t\t\t\t\t\t\t\t\t\t\t\t<\/a>\n\t\t\t\t\t\t\t<a class=\"e-gallery-item elementor-gallery-item elementor-animated-content\" href=\"https:\/\/www.willi-graf-schulen.de\/gymnasium\/wp-content\/uploads\/sites\/5\/2025\/09\/Verabschiedung-Kilz-offiziell-04.jpg\" data-elementor-open-lightbox=\"yes\" data-elementor-lightbox-slideshow=\"ddc1c45\" data-elementor-lightbox-title=\"Verabschiedung Kilz offiziell 04\" data-e-action-hash=\"#elementor-action%3Aaction%3Dlightbox%26settings%3DeyJpZCI6MTg2ODIsInVybCI6Imh0dHBzOlwvXC93d3cud2lsbGktZ3JhZi1zY2h1bGVuLmRlXC9neW1uYXNpdW1cL3dwLWNvbnRlbnRcL3VwbG9hZHNcL3NpdGVzXC81XC8yMDI1XC8wOVwvVmVyYWJzY2hpZWR1bmctS2lsei1vZmZpemllbGwtMDQuanBnIiwic2xpZGVzaG93IjoiZGRjMWM0NSJ9\">\n\t\t\t\t\t<div class=\"e-gallery-image elementor-gallery-item__image\" data-thumbnail=\"https:\/\/www.willi-graf-schulen.de\/gymnasium\/wp-content\/uploads\/sites\/5\/2025\/09\/Verabschiedung-Kilz-offiziell-04-300x225.jpg\" data-width=\"300\" data-height=\"225\" aria-label=\"\" role=\"img\" ><\/div>\n\t\t\t\t\t\t\t\t\t\t\t<div class=\"elementor-gallery-item__overlay\"><\/div>\n\t\t\t\t\t\t\t\t\t\t\t\t\t\t<\/a>\n\t\t\t\t\t\t\t<a class=\"e-gallery-item elementor-gallery-item elementor-animated-content\" href=\"https:\/\/www.willi-graf-schulen.de\/gymnasium\/wp-content\/uploads\/sites\/5\/2025\/09\/Verabschiedung-Kilz-offiziell-06.jpg\" data-elementor-open-lightbox=\"yes\" data-elementor-lightbox-slideshow=\"ddc1c45\" data-elementor-lightbox-title=\"Verabschiedung Kilz offiziell 06\" data-e-action-hash=\"#elementor-action%3Aaction%3Dlightbox%26settings%3DeyJpZCI6MTg2ODQsInVybCI6Imh0dHBzOlwvXC93d3cud2lsbGktZ3JhZi1zY2h1bGVuLmRlXC9neW1uYXNpdW1cL3dwLWNvbnRlbnRcL3VwbG9hZHNcL3NpdGVzXC81XC8yMDI1XC8wOVwvVmVyYWJzY2hpZWR1bmctS2lsei1vZmZpemllbGwtMDYuanBnIiwic2xpZGVzaG93IjoiZGRjMWM0NSJ9\">\n\t\t\t\t\t<div class=\"e-gallery-image elementor-gallery-item__image\" data-thumbnail=\"https:\/\/www.willi-graf-schulen.de\/gymnasium\/wp-content\/uploads\/sites\/5\/2025\/09\/Verabschiedung-Kilz-offiziell-06-300x225.jpg\" data-width=\"300\" data-height=\"225\" aria-label=\"\" role=\"img\" ><\/div>\n\t\t\t\t\t\t\t\t\t\t\t<div class=\"elementor-gallery-item__overlay\"><\/div>\n\t\t\t\t\t\t\t\t\t\t\t\t\t\t<\/a>\n\t\t\t\t\t\t\t<a class=\"e-gallery-item elementor-gallery-item elementor-animated-content\" href=\"https:\/\/www.willi-graf-schulen.de\/gymnasium\/wp-content\/uploads\/sites\/5\/2025\/09\/Verabschiedung-Kilz-offiziell-07.jpg\" data-elementor-open-lightbox=\"yes\" data-elementor-lightbox-slideshow=\"ddc1c45\" data-elementor-lightbox-title=\"Verabschiedung Kilz offiziell 07\" data-e-action-hash=\"#elementor-action%3Aaction%3Dlightbox%26settings%3DeyJpZCI6MTg2ODUsInVybCI6Imh0dHBzOlwvXC93d3cud2lsbGktZ3JhZi1zY2h1bGVuLmRlXC9neW1uYXNpdW1cL3dwLWNvbnRlbnRcL3VwbG9hZHNcL3NpdGVzXC81XC8yMDI1XC8wOVwvVmVyYWJzY2hpZWR1bmctS2lsei1vZmZpemllbGwtMDcuanBnIiwic2xpZGVzaG93IjoiZGRjMWM0NSJ9\">\n\t\t\t\t\t<div class=\"e-gallery-image elementor-gallery-item__image\" data-thumbnail=\"https:\/\/www.willi-graf-schulen.de\/gymnasium\/wp-content\/uploads\/sites\/5\/2025\/09\/Verabschiedung-Kilz-offiziell-07-300x225.jpg\" data-width=\"300\" data-height=\"225\" aria-label=\"\" role=\"img\" ><\/div>\n\t\t\t\t\t\t\t\t\t\t\t<div class=\"elementor-gallery-item__overlay\"><\/div>\n\t\t\t\t\t\t\t\t\t\t\t\t\t\t<\/a>\n\t\t\t\t\t\t\t<a class=\"e-gallery-item elementor-gallery-item elementor-animated-content\" href=\"https:\/\/www.willi-graf-schulen.de\/gymnasium\/wp-content\/uploads\/sites\/5\/2025\/09\/Verabschiedung-Kilz-offiziell-08.jpg\" data-elementor-open-lightbox=\"yes\" data-elementor-lightbox-slideshow=\"ddc1c45\" data-elementor-lightbox-title=\"Verabschiedung Kilz offiziell 08\" data-e-action-hash=\"#elementor-action%3Aaction%3Dlightbox%26settings%3DeyJpZCI6MTg2ODYsInVybCI6Imh0dHBzOlwvXC93d3cud2lsbGktZ3JhZi1zY2h1bGVuLmRlXC9neW1uYXNpdW1cL3dwLWNvbnRlbnRcL3VwbG9hZHNcL3NpdGVzXC81XC8yMDI1XC8wOVwvVmVyYWJzY2hpZWR1bmctS2lsei1vZmZpemllbGwtMDguanBnIiwic2xpZGVzaG93IjoiZGRjMWM0NSJ9\">\n\t\t\t\t\t<div class=\"e-gallery-image elementor-gallery-item__image\" data-thumbnail=\"https:\/\/www.willi-graf-schulen.de\/gymnasium\/wp-content\/uploads\/sites\/5\/2025\/09\/Verabschiedung-Kilz-offiziell-08-300x225.jpg\" data-width=\"300\" data-height=\"225\" aria-label=\"\" role=\"img\" ><\/div>\n\t\t\t\t\t\t\t\t\t\t\t<div class=\"elementor-gallery-item__overlay\"><\/div>\n\t\t\t\t\t\t\t\t\t\t\t\t\t\t<\/a>\n\t\t\t\t\t\t\t<a class=\"e-gallery-item elementor-gallery-item elementor-animated-content\" href=\"https:\/\/www.willi-graf-schulen.de\/gymnasium\/wp-content\/uploads\/sites\/5\/2025\/09\/Verabschiedung-Kilz-offiziell-09.jpg\" data-elementor-open-lightbox=\"yes\" data-elementor-lightbox-slideshow=\"ddc1c45\" data-elementor-lightbox-title=\"Verabschiedung Kilz offiziell 09\" data-e-action-hash=\"#elementor-action%3Aaction%3Dlightbox%26settings%3DeyJpZCI6MTg2ODcsInVybCI6Imh0dHBzOlwvXC93d3cud2lsbGktZ3JhZi1zY2h1bGVuLmRlXC9neW1uYXNpdW1cL3dwLWNvbnRlbnRcL3VwbG9hZHNcL3NpdGVzXC81XC8yMDI1XC8wOVwvVmVyYWJzY2hpZWR1bmctS2lsei1vZmZpemllbGwtMDkuanBnIiwic2xpZGVzaG93IjoiZGRjMWM0NSJ9\">\n\t\t\t\t\t<div class=\"e-gallery-image elementor-gallery-item__image\" data-thumbnail=\"https:\/\/www.willi-graf-schulen.de\/gymnasium\/wp-content\/uploads\/sites\/5\/2025\/09\/Verabschiedung-Kilz-offiziell-09-300x225.jpg\" data-width=\"300\" data-height=\"225\" aria-label=\"\" role=\"img\" ><\/div>\n\t\t\t\t\t\t\t\t\t\t\t<div class=\"elementor-gallery-item__overlay\"><\/div>\n\t\t\t\t\t\t\t\t\t\t\t\t\t\t<\/a>\n\t\t\t\t\t\t\t<a class=\"e-gallery-item elementor-gallery-item elementor-animated-content\" href=\"https:\/\/www.willi-graf-schulen.de\/gymnasium\/wp-content\/uploads\/sites\/5\/2025\/09\/Verabschiedung-Kilz-offiziell-10.jpg\" data-elementor-open-lightbox=\"yes\" data-elementor-lightbox-slideshow=\"ddc1c45\" data-elementor-lightbox-title=\"Verabschiedung Kilz offiziell 10\" data-e-action-hash=\"#elementor-action%3Aaction%3Dlightbox%26settings%3DeyJpZCI6MTg2ODgsInVybCI6Imh0dHBzOlwvXC93d3cud2lsbGktZ3JhZi1zY2h1bGVuLmRlXC9neW1uYXNpdW1cL3dwLWNvbnRlbnRcL3VwbG9hZHNcL3NpdGVzXC81XC8yMDI1XC8wOVwvVmVyYWJzY2hpZWR1bmctS2lsei1vZmZpemllbGwtMTAuanBnIiwic2xpZGVzaG93IjoiZGRjMWM0NSJ9\">\n\t\t\t\t\t<div class=\"e-gallery-image elementor-gallery-item__image\" data-thumbnail=\"https:\/\/www.willi-graf-schulen.de\/gymnasium\/wp-content\/uploads\/sites\/5\/2025\/09\/Verabschiedung-Kilz-offiziell-10-300x225.jpg\" data-width=\"300\" data-height=\"225\" aria-label=\"\" role=\"img\" ><\/div>\n\t\t\t\t\t\t\t\t\t\t\t<div class=\"elementor-gallery-item__overlay\"><\/div>\n\t\t\t\t\t\t\t\t\t\t\t\t\t\t<\/a>\n\t\t\t\t\t\t\t<a class=\"e-gallery-item elementor-gallery-item elementor-animated-content\" href=\"https:\/\/www.willi-graf-schulen.de\/gymnasium\/wp-content\/uploads\/sites\/5\/2025\/09\/Verabschiedung-Kilz-offiziell-11.jpg\" data-elementor-open-lightbox=\"yes\" data-elementor-lightbox-slideshow=\"ddc1c45\" data-elementor-lightbox-title=\"Verabschiedung Kilz offiziell 11\" data-e-action-hash=\"#elementor-action%3Aaction%3Dlightbox%26settings%3DeyJpZCI6MTg2ODksInVybCI6Imh0dHBzOlwvXC93d3cud2lsbGktZ3JhZi1zY2h1bGVuLmRlXC9neW1uYXNpdW1cL3dwLWNvbnRlbnRcL3VwbG9hZHNcL3NpdGVzXC81XC8yMDI1XC8wOVwvVmVyYWJzY2hpZWR1bmctS2lsei1vZmZpemllbGwtMTEuanBnIiwic2xpZGVzaG93IjoiZGRjMWM0NSJ9\">\n\t\t\t\t\t<div class=\"e-gallery-image elementor-gallery-item__image\" data-thumbnail=\"https:\/\/www.willi-graf-schulen.de\/gymnasium\/wp-content\/uploads\/sites\/5\/2025\/09\/Verabschiedung-Kilz-offiziell-11-300x225.jpg\" data-width=\"300\" data-height=\"225\" aria-label=\"\" role=\"img\" ><\/div>\n\t\t\t\t\t\t\t\t\t\t\t<div class=\"elementor-gallery-item__overlay\"><\/div>\n\t\t\t\t\t\t\t\t\t\t\t\t\t\t<\/a>\n\t\t\t\t\t\t\t<a class=\"e-gallery-item elementor-gallery-item elementor-animated-content\" href=\"https:\/\/www.willi-graf-schulen.de\/gymnasium\/wp-content\/uploads\/sites\/5\/2025\/09\/Verabschiedung-Kilz-offiziell-12.jpg\" data-elementor-open-lightbox=\"yes\" data-elementor-lightbox-slideshow=\"ddc1c45\" data-elementor-lightbox-title=\"Verabschiedung Kilz offiziell 12\" data-e-action-hash=\"#elementor-action%3Aaction%3Dlightbox%26settings%3DeyJpZCI6MTg2OTAsInVybCI6Imh0dHBzOlwvXC93d3cud2lsbGktZ3JhZi1zY2h1bGVuLmRlXC9neW1uYXNpdW1cL3dwLWNvbnRlbnRcL3VwbG9hZHNcL3NpdGVzXC81XC8yMDI1XC8wOVwvVmVyYWJzY2hpZWR1bmctS2lsei1vZmZpemllbGwtMTIuanBnIiwic2xpZGVzaG93IjoiZGRjMWM0NSJ9\">\n\t\t\t\t\t<div class=\"e-gallery-image elementor-gallery-item__image\" data-thumbnail=\"https:\/\/www.willi-graf-schulen.de\/gymnasium\/wp-content\/uploads\/sites\/5\/2025\/09\/Verabschiedung-Kilz-offiziell-12-300x225.jpg\" data-width=\"300\" data-height=\"225\" aria-label=\"\" role=\"img\" ><\/div>\n\t\t\t\t\t\t\t\t\t\t\t<div class=\"elementor-gallery-item__overlay\"><\/div>\n\t\t\t\t\t\t\t\t\t\t\t\t\t\t<\/a>\n\t\t\t\t\t\t\t<a class=\"e-gallery-item elementor-gallery-item elementor-animated-content\" href=\"https:\/\/www.willi-graf-schulen.de\/gymnasium\/wp-content\/uploads\/sites\/5\/2025\/09\/Verabschiedung-Kilz-offiziell-13.jpg\" data-elementor-open-lightbox=\"yes\" data-elementor-lightbox-slideshow=\"ddc1c45\" data-elementor-lightbox-title=\"Verabschiedung Kilz offiziell 13\" data-e-action-hash=\"#elementor-action%3Aaction%3Dlightbox%26settings%3DeyJpZCI6MTg2OTEsInVybCI6Imh0dHBzOlwvXC93d3cud2lsbGktZ3JhZi1zY2h1bGVuLmRlXC9neW1uYXNpdW1cL3dwLWNvbnRlbnRcL3VwbG9hZHNcL3NpdGVzXC81XC8yMDI1XC8wOVwvVmVyYWJzY2hpZWR1bmctS2lsei1vZmZpemllbGwtMTMuanBnIiwic2xpZGVzaG93IjoiZGRjMWM0NSJ9\">\n\t\t\t\t\t<div class=\"e-gallery-image elementor-gallery-item__image\" data-thumbnail=\"https:\/\/www.willi-graf-schulen.de\/gymnasium\/wp-content\/uploads\/sites\/5\/2025\/09\/Verabschiedung-Kilz-offiziell-13-300x225.jpg\" data-width=\"300\" data-height=\"225\" aria-label=\"\" role=\"img\" ><\/div>\n\t\t\t\t\t\t\t\t\t\t\t<div class=\"elementor-gallery-item__overlay\"><\/div>\n\t\t\t\t\t\t\t\t\t\t\t\t\t\t<\/a>\n\t\t\t\t\t\t\t<a class=\"e-gallery-item elementor-gallery-item elementor-animated-content\" href=\"https:\/\/www.willi-graf-schulen.de\/gymnasium\/wp-content\/uploads\/sites\/5\/2025\/09\/Verabschiedung-Kilz-offiziell-14.jpg\" data-elementor-open-lightbox=\"yes\" data-elementor-lightbox-slideshow=\"ddc1c45\" data-elementor-lightbox-title=\"Verabschiedung Kilz offiziell 14\" data-e-action-hash=\"#elementor-action%3Aaction%3Dlightbox%26settings%3DeyJpZCI6MTg2OTIsInVybCI6Imh0dHBzOlwvXC93d3cud2lsbGktZ3JhZi1zY2h1bGVuLmRlXC9neW1uYXNpdW1cL3dwLWNvbnRlbnRcL3VwbG9hZHNcL3NpdGVzXC81XC8yMDI1XC8wOVwvVmVyYWJzY2hpZWR1bmctS2lsei1vZmZpemllbGwtMTQuanBnIiwic2xpZGVzaG93IjoiZGRjMWM0NSJ9\">\n\t\t\t\t\t<div class=\"e-gallery-image elementor-gallery-item__image\" data-thumbnail=\"https:\/\/www.willi-graf-schulen.de\/gymnasium\/wp-content\/uploads\/sites\/5\/2025\/09\/Verabschiedung-Kilz-offiziell-14-300x225.jpg\" data-width=\"300\" data-height=\"225\" aria-label=\"\" role=\"img\" ><\/div>\n\t\t\t\t\t\t\t\t\t\t\t<div class=\"elementor-gallery-item__overlay\"><\/div>\n\t\t\t\t\t\t\t\t\t\t\t\t\t\t<\/a>\n\t\t\t\t\t\t\t<a class=\"e-gallery-item elementor-gallery-item elementor-animated-content\" href=\"https:\/\/www.willi-graf-schulen.de\/gymnasium\/wp-content\/uploads\/sites\/5\/2025\/09\/Verabschiedung-Kilz-offiziell-15.jpg\" data-elementor-open-lightbox=\"yes\" data-elementor-lightbox-slideshow=\"ddc1c45\" data-elementor-lightbox-title=\"Verabschiedung Kilz offiziell 15\" data-e-action-hash=\"#elementor-action%3Aaction%3Dlightbox%26settings%3DeyJpZCI6MTg2OTMsInVybCI6Imh0dHBzOlwvXC93d3cud2lsbGktZ3JhZi1zY2h1bGVuLmRlXC9neW1uYXNpdW1cL3dwLWNvbnRlbnRcL3VwbG9hZHNcL3NpdGVzXC81XC8yMDI1XC8wOVwvVmVyYWJzY2hpZWR1bmctS2lsei1vZmZpemllbGwtMTUuanBnIiwic2xpZGVzaG93IjoiZGRjMWM0NSJ9\">\n\t\t\t\t\t<div class=\"e-gallery-image elementor-gallery-item__image\" data-thumbnail=\"https:\/\/www.willi-graf-schulen.de\/gymnasium\/wp-content\/uploads\/sites\/5\/2025\/09\/Verabschiedung-Kilz-offiziell-15-300x225.jpg\" data-width=\"300\" data-height=\"225\" aria-label=\"\" role=\"img\" ><\/div>\n\t\t\t\t\t\t\t\t\t\t\t<div class=\"elementor-gallery-item__overlay\"><\/div>\n\t\t\t\t\t\t\t\t\t\t\t\t\t\t<\/a>\n\t\t\t\t\t\t\t<a class=\"e-gallery-item elementor-gallery-item elementor-animated-content\" href=\"https:\/\/www.willi-graf-schulen.de\/gymnasium\/wp-content\/uploads\/sites\/5\/2025\/09\/Verabschiedung-Kilz-offiziell-16.jpg\" data-elementor-open-lightbox=\"yes\" data-elementor-lightbox-slideshow=\"ddc1c45\" data-elementor-lightbox-title=\"Verabschiedung Kilz offiziell 16\" data-e-action-hash=\"#elementor-action%3Aaction%3Dlightbox%26settings%3DeyJpZCI6MTg2OTQsInVybCI6Imh0dHBzOlwvXC93d3cud2lsbGktZ3JhZi1zY2h1bGVuLmRlXC9neW1uYXNpdW1cL3dwLWNvbnRlbnRcL3VwbG9hZHNcL3NpdGVzXC81XC8yMDI1XC8wOVwvVmVyYWJzY2hpZWR1bmctS2lsei1vZmZpemllbGwtMTYuanBnIiwic2xpZGVzaG93IjoiZGRjMWM0NSJ9\">\n\t\t\t\t\t<div class=\"e-gallery-image elementor-gallery-item__image\" data-thumbnail=\"https:\/\/www.willi-graf-schulen.de\/gymnasium\/wp-content\/uploads\/sites\/5\/2025\/09\/Verabschiedung-Kilz-offiziell-16-300x225.jpg\" data-width=\"300\" data-height=\"225\" aria-label=\"\" role=\"img\" ><\/div>\n\t\t\t\t\t\t\t\t\t\t\t<div class=\"elementor-gallery-item__overlay\"><\/div>\n\t\t\t\t\t\t\t\t\t\t\t\t\t\t<\/a>\n\t\t\t\t\t\t\t<a class=\"e-gallery-item elementor-gallery-item elementor-animated-content\" href=\"https:\/\/www.willi-graf-schulen.de\/gymnasium\/wp-content\/uploads\/sites\/5\/2025\/09\/Verabschiedung-Kilz-offiziell-17.jpg\" data-elementor-open-lightbox=\"yes\" data-elementor-lightbox-slideshow=\"ddc1c45\" data-elementor-lightbox-title=\"Verabschiedung Kilz offiziell 17\" data-e-action-hash=\"#elementor-action%3Aaction%3Dlightbox%26settings%3DeyJpZCI6MTg2OTUsInVybCI6Imh0dHBzOlwvXC93d3cud2lsbGktZ3JhZi1zY2h1bGVuLmRlXC9neW1uYXNpdW1cL3dwLWNvbnRlbnRcL3VwbG9hZHNcL3NpdGVzXC81XC8yMDI1XC8wOVwvVmVyYWJzY2hpZWR1bmctS2lsei1vZmZpemllbGwtMTcuanBnIiwic2xpZGVzaG93IjoiZGRjMWM0NSJ9\">\n\t\t\t\t\t<div class=\"e-gallery-image elementor-gallery-item__image\" data-thumbnail=\"https:\/\/www.willi-graf-schulen.de\/gymnasium\/wp-content\/uploads\/sites\/5\/2025\/09\/Verabschiedung-Kilz-offiziell-17-300x225.jpg\" data-width=\"300\" data-height=\"225\" aria-label=\"\" role=\"img\" ><\/div>\n\t\t\t\t\t\t\t\t\t\t\t<div class=\"elementor-gallery-item__overlay\"><\/div>\n\t\t\t\t\t\t\t\t\t\t\t\t\t\t<\/a>\n\t\t\t\t\t\t\t<a class=\"e-gallery-item elementor-gallery-item elementor-animated-content\" href=\"https:\/\/www.willi-graf-schulen.de\/gymnasium\/wp-content\/uploads\/sites\/5\/2025\/09\/Verabschiedung-Kilz-offiziell-18.jpg\" data-elementor-open-lightbox=\"yes\" data-elementor-lightbox-slideshow=\"ddc1c45\" data-elementor-lightbox-title=\"Verabschiedung Kilz offiziell 18\" data-e-action-hash=\"#elementor-action%3Aaction%3Dlightbox%26settings%3DeyJpZCI6MTg2OTYsInVybCI6Imh0dHBzOlwvXC93d3cud2lsbGktZ3JhZi1zY2h1bGVuLmRlXC9neW1uYXNpdW1cL3dwLWNvbnRlbnRcL3VwbG9hZHNcL3NpdGVzXC81XC8yMDI1XC8wOVwvVmVyYWJzY2hpZWR1bmctS2lsei1vZmZpemllbGwtMTguanBnIiwic2xpZGVzaG93IjoiZGRjMWM0NSJ9\">\n\t\t\t\t\t<div class=\"e-gallery-image elementor-gallery-item__image\" data-thumbnail=\"https:\/\/www.willi-graf-schulen.de\/gymnasium\/wp-content\/uploads\/sites\/5\/2025\/09\/Verabschiedung-Kilz-offiziell-18-300x225.jpg\" data-width=\"300\" data-height=\"225\" aria-label=\"\" role=\"img\" ><\/div>\n\t\t\t\t\t\t\t\t\t\t\t<div class=\"elementor-gallery-item__overlay\"><\/div>\n\t\t\t\t\t\t\t\t\t\t\t\t\t\t<\/a>\n\t\t\t\t\t\t\t<a class=\"e-gallery-item elementor-gallery-item elementor-animated-content\" href=\"https:\/\/www.willi-graf-schulen.de\/gymnasium\/wp-content\/uploads\/sites\/5\/2025\/09\/Verabschiedung-Kilz-offiziell-19.jpg\" data-elementor-open-lightbox=\"yes\" data-elementor-lightbox-slideshow=\"ddc1c45\" data-elementor-lightbox-title=\"Verabschiedung Kilz offiziell 19\" data-e-action-hash=\"#elementor-action%3Aaction%3Dlightbox%26settings%3DeyJpZCI6MTg2OTcsInVybCI6Imh0dHBzOlwvXC93d3cud2lsbGktZ3JhZi1zY2h1bGVuLmRlXC9neW1uYXNpdW1cL3dwLWNvbnRlbnRcL3VwbG9hZHNcL3NpdGVzXC81XC8yMDI1XC8wOVwvVmVyYWJzY2hpZWR1bmctS2lsei1vZmZpemllbGwtMTkuanBnIiwic2xpZGVzaG93IjoiZGRjMWM0NSJ9\">\n\t\t\t\t\t<div class=\"e-gallery-image elementor-gallery-item__image\" data-thumbnail=\"https:\/\/www.willi-graf-schulen.de\/gymnasium\/wp-content\/uploads\/sites\/5\/2025\/09\/Verabschiedung-Kilz-offiziell-19-300x225.jpg\" data-width=\"300\" data-height=\"225\" aria-label=\"\" role=\"img\" ><\/div>\n\t\t\t\t\t\t\t\t\t\t\t<div class=\"elementor-gallery-item__overlay\"><\/div>\n\t\t\t\t\t\t\t\t\t\t\t\t\t\t<\/a>\n\t\t\t\t\t\t\t<a class=\"e-gallery-item elementor-gallery-item elementor-animated-content\" href=\"https:\/\/www.willi-graf-schulen.de\/gymnasium\/wp-content\/uploads\/sites\/5\/2025\/09\/Verabschiedung-Kilz-offiziell-20.jpg\" data-elementor-open-lightbox=\"yes\" data-elementor-lightbox-slideshow=\"ddc1c45\" data-elementor-lightbox-title=\"Verabschiedung Kilz offiziell 20\" data-e-action-hash=\"#elementor-action%3Aaction%3Dlightbox%26settings%3DeyJpZCI6MTg2OTgsInVybCI6Imh0dHBzOlwvXC93d3cud2lsbGktZ3JhZi1zY2h1bGVuLmRlXC9neW1uYXNpdW1cL3dwLWNvbnRlbnRcL3VwbG9hZHNcL3NpdGVzXC81XC8yMDI1XC8wOVwvVmVyYWJzY2hpZWR1bmctS2lsei1vZmZpemllbGwtMjAuanBnIiwic2xpZGVzaG93IjoiZGRjMWM0NSJ9\">\n\t\t\t\t\t<div class=\"e-gallery-image elementor-gallery-item__image\" data-thumbnail=\"https:\/\/www.willi-graf-schulen.de\/gymnasium\/wp-content\/uploads\/sites\/5\/2025\/09\/Verabschiedung-Kilz-offiziell-20-300x225.jpg\" data-width=\"300\" data-height=\"225\" aria-label=\"\" role=\"img\" ><\/div>\n\t\t\t\t\t\t\t\t\t\t\t<div class=\"elementor-gallery-item__overlay\"><\/div>\n\t\t\t\t\t\t\t\t\t\t\t\t\t\t<\/a>\n\t\t\t\t\t\t\t<a class=\"e-gallery-item elementor-gallery-item elementor-animated-content\" href=\"https:\/\/www.willi-graf-schulen.de\/gymnasium\/wp-content\/uploads\/sites\/5\/2025\/09\/Verabschiedung-Kilz-offiziell-21.jpg\" data-elementor-open-lightbox=\"yes\" data-elementor-lightbox-slideshow=\"ddc1c45\" data-elementor-lightbox-title=\"Verabschiedung Kilz offiziell 21\" data-e-action-hash=\"#elementor-action%3Aaction%3Dlightbox%26settings%3DeyJpZCI6MTg2OTksInVybCI6Imh0dHBzOlwvXC93d3cud2lsbGktZ3JhZi1zY2h1bGVuLmRlXC9neW1uYXNpdW1cL3dwLWNvbnRlbnRcL3VwbG9hZHNcL3NpdGVzXC81XC8yMDI1XC8wOVwvVmVyYWJzY2hpZWR1bmctS2lsei1vZmZpemllbGwtMjEuanBnIiwic2xpZGVzaG93IjoiZGRjMWM0NSJ9\">\n\t\t\t\t\t<div class=\"e-gallery-image elementor-gallery-item__image\" data-thumbnail=\"https:\/\/www.willi-graf-schulen.de\/gymnasium\/wp-content\/uploads\/sites\/5\/2025\/09\/Verabschiedung-Kilz-offiziell-21-300x225.jpg\" data-width=\"300\" data-height=\"225\" aria-label=\"\" role=\"img\" ><\/div>\n\t\t\t\t\t\t\t\t\t\t\t<div class=\"elementor-gallery-item__overlay\"><\/div>\n\t\t\t\t\t\t\t\t\t\t\t\t\t\t<\/a>\n\t\t\t\t\t<\/div>\n\t\t\t\t\t<\/div>\n\t\t\t\t<\/div>\n\t\t\t\t<div class=\"elementor-element elementor-element-31e4e35 elementor-widget elementor-widget-text-editor\" data-id=\"31e4e35\" data-element_type=\"widget\" data-e-type=\"widget\" data-widget_type=\"text-editor.default\">\n\t\t\t\t<div class=\"elementor-widget-container\">\n\t\t\t\t\t\t\t\t\t<p>Am letzten Schultag vor den Sommerferien wurde Stefan Kilz von Sch\u00fclern und Kollegen mit Liedern und Sketchen verabschiedet. Dazu auch einige fotografische Erinnerungen.<\/p>\t\t\t\t\t\t\t\t<\/div>\n\t\t\t\t<\/div>\n\t\t\t\t<div class=\"elementor-element elementor-element-4d5a680 elementor-widget elementor-widget-gallery\" data-id=\"4d5a680\" data-element_type=\"widget\" data-e-type=\"widget\" data-settings=\"{&quot;columns&quot;:&quot;5&quot;,&quot;gap&quot;:{&quot;unit&quot;:&quot;px&quot;,&quot;size&quot;:&quot;2&quot;,&quot;sizes&quot;:[]},&quot;lazyload&quot;:&quot;yes&quot;,&quot;gallery_layout&quot;:&quot;grid&quot;,&quot;columns_tablet&quot;:2,&quot;columns_mobile&quot;:1,&quot;gap_tablet&quot;:{&quot;unit&quot;:&quot;px&quot;,&quot;size&quot;:10,&quot;sizes&quot;:[]},&quot;gap_mobile&quot;:{&quot;unit&quot;:&quot;px&quot;,&quot;size&quot;:10,&quot;sizes&quot;:[]},&quot;link_to&quot;:&quot;file&quot;,&quot;aspect_ratio&quot;:&quot;3:2&quot;,&quot;overlay_background&quot;:&quot;yes&quot;,&quot;content_hover_animation&quot;:&quot;fade-in&quot;}\" data-widget_type=\"gallery.default\">\n\t\t\t\t<div class=\"elementor-widget-container\">\n\t\t\t\t\t\t\t<div class=\"elementor-gallery__container\">\n\t\t\t\t\t\t\t<a class=\"e-gallery-item elementor-gallery-item elementor-animated-content\" href=\"https:\/\/www.willi-graf-schulen.de\/gymnasium\/wp-content\/uploads\/sites\/5\/2025\/09\/Verabschiedung-Kilz-inoffiziell-01.jpg\" data-elementor-open-lightbox=\"yes\" data-elementor-lightbox-slideshow=\"4d5a680\" data-elementor-lightbox-title=\"Verabschiedung Kilz inoffiziell 01\" data-e-action-hash=\"#elementor-action%3Aaction%3Dlightbox%26settings%3DeyJpZCI6MTg3MDAsInVybCI6Imh0dHBzOlwvXC93d3cud2lsbGktZ3JhZi1zY2h1bGVuLmRlXC9neW1uYXNpdW1cL3dwLWNvbnRlbnRcL3VwbG9hZHNcL3NpdGVzXC81XC8yMDI1XC8wOVwvVmVyYWJzY2hpZWR1bmctS2lsei1pbm9mZml6aWVsbC0wMS5qcGciLCJzbGlkZXNob3ciOiI0ZDVhNjgwIn0%3D\">\n\t\t\t\t\t<div class=\"e-gallery-image elementor-gallery-item__image\" data-thumbnail=\"https:\/\/www.willi-graf-schulen.de\/gymnasium\/wp-content\/uploads\/sites\/5\/2025\/09\/Verabschiedung-Kilz-inoffiziell-01-300x169.jpg\" data-width=\"300\" data-height=\"169\" aria-label=\"\" role=\"img\" ><\/div>\n\t\t\t\t\t\t\t\t\t\t\t<div class=\"elementor-gallery-item__overlay\"><\/div>\n\t\t\t\t\t\t\t\t\t\t\t\t\t\t<\/a>\n\t\t\t\t\t\t\t<a class=\"e-gallery-item elementor-gallery-item elementor-animated-content\" href=\"https:\/\/www.willi-graf-schulen.de\/gymnasium\/wp-content\/uploads\/sites\/5\/2025\/09\/Verabschiedung-Kilz-inoffiziell-02-e1756829063556.jpg\" data-elementor-open-lightbox=\"yes\" data-elementor-lightbox-slideshow=\"4d5a680\" data-elementor-lightbox-title=\"Verabschiedung Kilz inoffiziell 02\" data-e-action-hash=\"#elementor-action%3Aaction%3Dlightbox%26settings%3DeyJpZCI6MTg3MDEsInVybCI6Imh0dHBzOlwvXC93d3cud2lsbGktZ3JhZi1zY2h1bGVuLmRlXC9neW1uYXNpdW1cL3dwLWNvbnRlbnRcL3VwbG9hZHNcL3NpdGVzXC81XC8yMDI1XC8wOVwvVmVyYWJzY2hpZWR1bmctS2lsei1pbm9mZml6aWVsbC0wMi1lMTc1NjgyOTA2MzU1Ni5qcGciLCJzbGlkZXNob3ciOiI0ZDVhNjgwIn0%3D\">\n\t\t\t\t\t<div class=\"e-gallery-image elementor-gallery-item__image\" data-thumbnail=\"https:\/\/www.willi-graf-schulen.de\/gymnasium\/wp-content\/uploads\/sites\/5\/2025\/09\/Verabschiedung-Kilz-inoffiziell-02-e1756829063556-300x202.jpg\" data-width=\"300\" data-height=\"202\" aria-label=\"\" role=\"img\" ><\/div>\n\t\t\t\t\t\t\t\t\t\t\t<div class=\"elementor-gallery-item__overlay\"><\/div>\n\t\t\t\t\t\t\t\t\t\t\t\t\t\t<\/a>\n\t\t\t\t\t\t\t<a class=\"e-gallery-item elementor-gallery-item elementor-animated-content\" href=\"https:\/\/www.willi-graf-schulen.de\/gymnasium\/wp-content\/uploads\/sites\/5\/2025\/09\/Verabschiedung-Kilz-inoffiziell-03.jpg\" data-elementor-open-lightbox=\"yes\" data-elementor-lightbox-slideshow=\"4d5a680\" data-elementor-lightbox-title=\"Verabschiedung Kilz inoffiziell 03\" data-e-action-hash=\"#elementor-action%3Aaction%3Dlightbox%26settings%3DeyJpZCI6MTg3MDIsInVybCI6Imh0dHBzOlwvXC93d3cud2lsbGktZ3JhZi1zY2h1bGVuLmRlXC9neW1uYXNpdW1cL3dwLWNvbnRlbnRcL3VwbG9hZHNcL3NpdGVzXC81XC8yMDI1XC8wOVwvVmVyYWJzY2hpZWR1bmctS2lsei1pbm9mZml6aWVsbC0wMy5qcGciLCJzbGlkZXNob3ciOiI0ZDVhNjgwIn0%3D\">\n\t\t\t\t\t<div class=\"e-gallery-image elementor-gallery-item__image\" data-thumbnail=\"https:\/\/www.willi-graf-schulen.de\/gymnasium\/wp-content\/uploads\/sites\/5\/2025\/09\/Verabschiedung-Kilz-inoffiziell-03-300x169.jpg\" data-width=\"300\" data-height=\"169\" aria-label=\"\" role=\"img\" ><\/div>\n\t\t\t\t\t\t\t\t\t\t\t<div class=\"elementor-gallery-item__overlay\"><\/div>\n\t\t\t\t\t\t\t\t\t\t\t\t\t\t<\/a>\n\t\t\t\t\t\t\t<a class=\"e-gallery-item elementor-gallery-item elementor-animated-content\" href=\"https:\/\/www.willi-graf-schulen.de\/gymnasium\/wp-content\/uploads\/sites\/5\/2025\/09\/Verabschiedung-Kilz-inoffiziell-04.jpg\" data-elementor-open-lightbox=\"yes\" data-elementor-lightbox-slideshow=\"4d5a680\" data-elementor-lightbox-title=\"Verabschiedung Kilz inoffiziell 04\" data-e-action-hash=\"#elementor-action%3Aaction%3Dlightbox%26settings%3DeyJpZCI6MTg3MDMsInVybCI6Imh0dHBzOlwvXC93d3cud2lsbGktZ3JhZi1zY2h1bGVuLmRlXC9neW1uYXNpdW1cL3dwLWNvbnRlbnRcL3VwbG9hZHNcL3NpdGVzXC81XC8yMDI1XC8wOVwvVmVyYWJzY2hpZWR1bmctS2lsei1pbm9mZml6aWVsbC0wNC5qcGciLCJzbGlkZXNob3ciOiI0ZDVhNjgwIn0%3D\">\n\t\t\t\t\t<div class=\"e-gallery-image elementor-gallery-item__image\" data-thumbnail=\"https:\/\/www.willi-graf-schulen.de\/gymnasium\/wp-content\/uploads\/sites\/5\/2025\/09\/Verabschiedung-Kilz-inoffiziell-04-300x169.jpg\" data-width=\"300\" data-height=\"169\" aria-label=\"\" role=\"img\" ><\/div>\n\t\t\t\t\t\t\t\t\t\t\t<div class=\"elementor-gallery-item__overlay\"><\/div>\n\t\t\t\t\t\t\t\t\t\t\t\t\t\t<\/a>\n\t\t\t\t\t\t\t<a class=\"e-gallery-item elementor-gallery-item elementor-animated-content\" href=\"https:\/\/www.willi-graf-schulen.de\/gymnasium\/wp-content\/uploads\/sites\/5\/2025\/09\/Verabschiedung-Kilz-inoffiziell-05.jpg\" data-elementor-open-lightbox=\"yes\" data-elementor-lightbox-slideshow=\"4d5a680\" data-elementor-lightbox-title=\"Verabschiedung Kilz inoffiziell 05\" data-e-action-hash=\"#elementor-action%3Aaction%3Dlightbox%26settings%3DeyJpZCI6MTg3MDQsInVybCI6Imh0dHBzOlwvXC93d3cud2lsbGktZ3JhZi1zY2h1bGVuLmRlXC9neW1uYXNpdW1cL3dwLWNvbnRlbnRcL3VwbG9hZHNcL3NpdGVzXC81XC8yMDI1XC8wOVwvVmVyYWJzY2hpZWR1bmctS2lsei1pbm9mZml6aWVsbC0wNS5qcGciLCJzbGlkZXNob3ciOiI0ZDVhNjgwIn0%3D\">\n\t\t\t\t\t<div class=\"e-gallery-image elementor-gallery-item__image\" data-thumbnail=\"https:\/\/www.willi-graf-schulen.de\/gymnasium\/wp-content\/uploads\/sites\/5\/2025\/09\/Verabschiedung-Kilz-inoffiziell-05-300x169.jpg\" data-width=\"300\" data-height=\"169\" aria-label=\"\" role=\"img\" ><\/div>\n\t\t\t\t\t\t\t\t\t\t\t<div class=\"elementor-gallery-item__overlay\"><\/div>\n\t\t\t\t\t\t\t\t\t\t\t\t\t\t<\/a>\n\t\t\t\t\t\t\t<a class=\"e-gallery-item elementor-gallery-item elementor-animated-content\" href=\"https:\/\/www.willi-graf-schulen.de\/gymnasium\/wp-content\/uploads\/sites\/5\/2025\/09\/Verabschiedung-Kilz-inoffiziell-06.jpg\" data-elementor-open-lightbox=\"yes\" data-elementor-lightbox-slideshow=\"4d5a680\" data-elementor-lightbox-title=\"Verabschiedung Kilz inoffiziell 06\" data-e-action-hash=\"#elementor-action%3Aaction%3Dlightbox%26settings%3DeyJpZCI6MTg3MDUsInVybCI6Imh0dHBzOlwvXC93d3cud2lsbGktZ3JhZi1zY2h1bGVuLmRlXC9neW1uYXNpdW1cL3dwLWNvbnRlbnRcL3VwbG9hZHNcL3NpdGVzXC81XC8yMDI1XC8wOVwvVmVyYWJzY2hpZWR1bmctS2lsei1pbm9mZml6aWVsbC0wNi5qcGciLCJzbGlkZXNob3ciOiI0ZDVhNjgwIn0%3D\">\n\t\t\t\t\t<div class=\"e-gallery-image elementor-gallery-item__image\" data-thumbnail=\"https:\/\/www.willi-graf-schulen.de\/gymnasium\/wp-content\/uploads\/sites\/5\/2025\/09\/Verabschiedung-Kilz-inoffiziell-06-300x169.jpg\" data-width=\"300\" data-height=\"169\" aria-label=\"\" role=\"img\" ><\/div>\n\t\t\t\t\t\t\t\t\t\t\t<div class=\"elementor-gallery-item__overlay\"><\/div>\n\t\t\t\t\t\t\t\t\t\t\t\t\t\t<\/a>\n\t\t\t\t\t\t\t<a class=\"e-gallery-item elementor-gallery-item elementor-animated-content\" href=\"https:\/\/www.willi-graf-schulen.de\/gymnasium\/wp-content\/uploads\/sites\/5\/2025\/09\/Verabschiedung-Kilz-inoffiziell-07.jpg\" data-elementor-open-lightbox=\"yes\" data-elementor-lightbox-slideshow=\"4d5a680\" data-elementor-lightbox-title=\"Verabschiedung Kilz inoffiziell 07\" data-e-action-hash=\"#elementor-action%3Aaction%3Dlightbox%26settings%3DeyJpZCI6MTg3MDYsInVybCI6Imh0dHBzOlwvXC93d3cud2lsbGktZ3JhZi1zY2h1bGVuLmRlXC9neW1uYXNpdW1cL3dwLWNvbnRlbnRcL3VwbG9hZHNcL3NpdGVzXC81XC8yMDI1XC8wOVwvVmVyYWJzY2hpZWR1bmctS2lsei1pbm9mZml6aWVsbC0wNy5qcGciLCJzbGlkZXNob3ciOiI0ZDVhNjgwIn0%3D\">\n\t\t\t\t\t<div class=\"e-gallery-image elementor-gallery-item__image\" data-thumbnail=\"https:\/\/www.willi-graf-schulen.de\/gymnasium\/wp-content\/uploads\/sites\/5\/2025\/09\/Verabschiedung-Kilz-inoffiziell-07-300x169.jpg\" data-width=\"300\" data-height=\"169\" aria-label=\"\" role=\"img\" ><\/div>\n\t\t\t\t\t\t\t\t\t\t\t<div class=\"elementor-gallery-item__overlay\"><\/div>\n\t\t\t\t\t\t\t\t\t\t\t\t\t\t<\/a>\n\t\t\t\t\t\t\t<a class=\"e-gallery-item elementor-gallery-item elementor-animated-content\" href=\"https:\/\/www.willi-graf-schulen.de\/gymnasium\/wp-content\/uploads\/sites\/5\/2025\/09\/Verabschiedung-Kilz-inoffiziell-08.jpg\" data-elementor-open-lightbox=\"yes\" data-elementor-lightbox-slideshow=\"4d5a680\" data-elementor-lightbox-title=\"Verabschiedung Kilz inoffiziell 08\" data-e-action-hash=\"#elementor-action%3Aaction%3Dlightbox%26settings%3DeyJpZCI6MTg3MDcsInVybCI6Imh0dHBzOlwvXC93d3cud2lsbGktZ3JhZi1zY2h1bGVuLmRlXC9neW1uYXNpdW1cL3dwLWNvbnRlbnRcL3VwbG9hZHNcL3NpdGVzXC81XC8yMDI1XC8wOVwvVmVyYWJzY2hpZWR1bmctS2lsei1pbm9mZml6aWVsbC0wOC5qcGciLCJzbGlkZXNob3ciOiI0ZDVhNjgwIn0%3D\">\n\t\t\t\t\t<div class=\"e-gallery-image elementor-gallery-item__image\" data-thumbnail=\"https:\/\/www.willi-graf-schulen.de\/gymnasium\/wp-content\/uploads\/sites\/5\/2025\/09\/Verabschiedung-Kilz-inoffiziell-08-300x169.jpg\" data-width=\"300\" data-height=\"169\" aria-label=\"\" role=\"img\" ><\/div>\n\t\t\t\t\t\t\t\t\t\t\t<div class=\"elementor-gallery-item__overlay\"><\/div>\n\t\t\t\t\t\t\t\t\t\t\t\t\t\t<\/a>\n\t\t\t\t\t\t\t<a class=\"e-gallery-item elementor-gallery-item elementor-animated-content\" href=\"https:\/\/www.willi-graf-schulen.de\/gymnasium\/wp-content\/uploads\/sites\/5\/2025\/09\/Verabschiedung-Kilz-inoffiziell-09.jpg\" data-elementor-open-lightbox=\"yes\" data-elementor-lightbox-slideshow=\"4d5a680\" data-elementor-lightbox-title=\"Verabschiedung Kilz inoffiziell 09\" data-e-action-hash=\"#elementor-action%3Aaction%3Dlightbox%26settings%3DeyJpZCI6MTg3MDgsInVybCI6Imh0dHBzOlwvXC93d3cud2lsbGktZ3JhZi1zY2h1bGVuLmRlXC9neW1uYXNpdW1cL3dwLWNvbnRlbnRcL3VwbG9hZHNcL3NpdGVzXC81XC8yMDI1XC8wOVwvVmVyYWJzY2hpZWR1bmctS2lsei1pbm9mZml6aWVsbC0wOS5qcGciLCJzbGlkZXNob3ciOiI0ZDVhNjgwIn0%3D\">\n\t\t\t\t\t<div class=\"e-gallery-image elementor-gallery-item__image\" data-thumbnail=\"https:\/\/www.willi-graf-schulen.de\/gymnasium\/wp-content\/uploads\/sites\/5\/2025\/09\/Verabschiedung-Kilz-inoffiziell-09-300x169.jpg\" data-width=\"300\" data-height=\"169\" aria-label=\"\" role=\"img\" ><\/div>\n\t\t\t\t\t\t\t\t\t\t\t<div class=\"elementor-gallery-item__overlay\"><\/div>\n\t\t\t\t\t\t\t\t\t\t\t\t\t\t<\/a>\n\t\t\t\t\t\t\t<a class=\"e-gallery-item elementor-gallery-item elementor-animated-content\" href=\"https:\/\/www.willi-graf-schulen.de\/gymnasium\/wp-content\/uploads\/sites\/5\/2025\/09\/Verabschiedung-Kilz-inoffiziell-10.jpg\" data-elementor-open-lightbox=\"yes\" data-elementor-lightbox-slideshow=\"4d5a680\" data-elementor-lightbox-title=\"Verabschiedung Kilz inoffiziell 10\" data-e-action-hash=\"#elementor-action%3Aaction%3Dlightbox%26settings%3DeyJpZCI6MTg3MDksInVybCI6Imh0dHBzOlwvXC93d3cud2lsbGktZ3JhZi1zY2h1bGVuLmRlXC9neW1uYXNpdW1cL3dwLWNvbnRlbnRcL3VwbG9hZHNcL3NpdGVzXC81XC8yMDI1XC8wOVwvVmVyYWJzY2hpZWR1bmctS2lsei1pbm9mZml6aWVsbC0xMC5qcGciLCJzbGlkZXNob3ciOiI0ZDVhNjgwIn0%3D\">\n\t\t\t\t\t<div class=\"e-gallery-image elementor-gallery-item__image\" data-thumbnail=\"https:\/\/www.willi-graf-schulen.de\/gymnasium\/wp-content\/uploads\/sites\/5\/2025\/09\/Verabschiedung-Kilz-inoffiziell-10-300x169.jpg\" data-width=\"300\" data-height=\"169\" aria-label=\"\" role=\"img\" ><\/div>\n\t\t\t\t\t\t\t\t\t\t\t<div class=\"elementor-gallery-item__overlay\"><\/div>\n\t\t\t\t\t\t\t\t\t\t\t\t\t\t<\/a>\n\t\t\t\t\t<\/div>\n\t\t\t\t\t<\/div>\n\t\t\t\t<\/div>\n\t\t\t\t\t<\/div>\n\t\t<\/div>\n\t\t\t\t\t<\/div>\n\t\t<\/section>\n\t\t\t\t<\/div>\n\t\t","protected":false},"excerpt":{"rendered":"<p>Saarbr\u00fccken \u2013 Im Bisch\u00f6flichen Willi-Graf-Gymnasium endet eine \u00c4ra: Nach 16 Jahren als Schulleiter ist Stefan Kilz am Freitag, 27. Juni, in den Ruhestand verabschiedet worden. Bei einem Gottesdienst in der Schulkapelle mit anschlie\u00dfender Feier im Pavillon haben Vertreterinnen und Vertreter aus Bistum, Politik und Kollegenkreis die Verdienste des scheidenden Rektors gew\u00fcrdigt. Kilz\u2018 Nachfolger als Schulleiter [&hellip;]<\/p>\n","protected":false},"author":8,"featured_media":18701,"comment_status":"open","ping_status":"open","sticky":false,"template":"","format":"standard","meta":{"footnotes":""},"categories":[94],"tags":[],"class_list":["post-18714","post","type-post","status-publish","format-standard","has-post-thumbnail","hentry","category-aktuelles"],"_links":{"self":[{"href":"https:\/\/www.willi-graf-schulen.de\/gymnasium\/wp-json\/wp\/v2\/posts\/18714","targetHints":{"allow":["GET"]}}],"collection":[{"href":"https:\/\/www.willi-graf-schulen.de\/gymnasium\/wp-json\/wp\/v2\/posts"}],"about":[{"href":"https:\/\/www.willi-graf-schulen.de\/gymnasium\/wp-json\/wp\/v2\/types\/post"}],"author":[{"embeddable":true,"href":"https:\/\/www.willi-graf-schulen.de\/gymnasium\/wp-json\/wp\/v2\/users\/8"}],"replies":[{"embeddable":true,"href":"https:\/\/www.willi-graf-schulen.de\/gymnasium\/wp-json\/wp\/v2\/comments?post=18714"}],"version-history":[{"count":16,"href":"https:\/\/www.willi-graf-schulen.de\/gymnasium\/wp-json\/wp\/v2\/posts\/18714\/revisions"}],"predecessor-version":[{"id":18732,"href":"https:\/\/www.willi-graf-schulen.de\/gymnasium\/wp-json\/wp\/v2\/posts\/18714\/revisions\/18732"}],"wp:featuredmedia":[{"embeddable":true,"href":"https:\/\/www.willi-graf-schulen.de\/gymnasium\/wp-json\/wp\/v2\/media\/18701"}],"wp:attachment":[{"href":"https:\/\/www.willi-graf-schulen.de\/gymnasium\/wp-json\/wp\/v2\/media?parent=18714"}],"wp:term":[{"taxonomy":"category","embeddable":true,"href":"https:\/\/www.willi-graf-schulen.de\/gymnasium\/wp-json\/wp\/v2\/categories?post=18714"},{"taxonomy":"post_tag","embeddable":true,"href":"https:\/\/www.willi-graf-schulen.de\/gymnasium\/wp-json\/wp\/v2\/tags?post=18714"}],"curies":[{"name":"wp","href":"https:\/\/api.w.org\/{rel}","templated":true}]}}