{"id":18927,"date":"2025-10-08T11:42:38","date_gmt":"2025-10-08T09:42:38","guid":{"rendered":"https:\/\/www.willi-graf-schulen.de\/gymnasium\/?p=18927"},"modified":"2025-10-13T12:24:28","modified_gmt":"2025-10-13T10:24:28","slug":"delf-diplome-ueberreicht","status":"publish","type":"post","link":"https:\/\/www.willi-graf-schulen.de\/gymnasium\/delf-diplome-ueberreicht\/","title":{"rendered":"DELF Diplome \u00fcberreicht"},"content":{"rendered":"\t\t<div data-elementor-type=\"wp-post\" data-elementor-id=\"18927\" class=\"elementor elementor-18927\" data-elementor-post-type=\"post\">\n\t\t\t\t\t\t<section class=\"elementor-section elementor-top-section elementor-element elementor-element-d012ad1 elementor-section-boxed elementor-section-height-default elementor-section-height-default\" data-id=\"d012ad1\" data-element_type=\"section\" data-e-type=\"section\" data-settings=\"{&quot;jet_parallax_layout_list&quot;:[]}\">\n\t\t\t\t\t\t<div class=\"elementor-container elementor-column-gap-default\">\n\t\t\t\t\t<div class=\"elementor-column elementor-col-100 elementor-top-column elementor-element elementor-element-6a85a25\" data-id=\"6a85a25\" data-element_type=\"column\" data-e-type=\"column\">\n\t\t\t<div class=\"elementor-widget-wrap elementor-element-populated\">\n\t\t\t\t\t\t<div class=\"elementor-element elementor-element-b69a889 elementor-widget elementor-widget-text-editor\" data-id=\"b69a889\" data-element_type=\"widget\" data-e-type=\"widget\" data-widget_type=\"text-editor.default\">\n\t\t\t\t<div class=\"elementor-widget-container\">\n\t\t\t\t\t\t\t\t\t<p>Auch in diesem Jahr sind 13 Sch\u00fclerinnen und Sch\u00fcler des Willi-Graf-Gymnasiums zu den DELF-Pr\u00fcfungen angetreten. Sie haben im Sommer ihre Sprachkompetenzen in Franz\u00f6sisch erfolgreich unter Beweis gestellt und wurden daher mit den DELF-Diplomen ausgezeichnet. &#8211; F\u00fcr 2026 haben sich bereits 27 Interessierte gemeldet! \ud83d\ude42.\u00a0<\/p><p>Euch allen herzlichen Gl\u00fcckwunsch! \u00a0<\/p><p>Julia Bramer &amp; Christian Dahlke<\/p>\t\t\t\t\t\t\t\t<\/div>\n\t\t\t\t<\/div>\n\t\t\t\t\t<\/div>\n\t\t<\/div>\n\t\t\t\t\t<\/div>\n\t\t<\/section>\n\t\t\t\t<\/div>\n\t\t","protected":false},"excerpt":{"rendered":"<p>Auch in diesem Jahr sind 13 Sch\u00fclerinnen und Sch\u00fcler des Willi-Graf-Gymnasiums zu den DELF-Pr\u00fcfungen angetreten. Sie haben im Sommer ihre Sprachkompetenzen in Franz\u00f6sisch erfolgreich unter Beweis gestellt und wurden daher mit den DELF-Diplomen ausgezeichnet. &#8211; F\u00fcr 2026 haben sich bereits 27 Interessierte gemeldet! \ud83d\ude42.\u00a0 Euch allen herzlichen Gl\u00fcckwunsch! \u00a0 Julia Bramer &amp; Christian Dahlke<\/p>\n","protected":false},"author":8,"featured_media":18928,"comment_status":"open","ping_status":"open","sticky":false,"template":"","format":"standard","meta":{"footnotes":""},"categories":[94],"tags":[],"class_list":["post-18927","post","type-post","status-publish","format-standard","has-post-thumbnail","hentry","category-aktuelles"],"_links":{"self":[{"href":"https:\/\/www.willi-graf-schulen.de\/gymnasium\/wp-json\/wp\/v2\/posts\/18927","targetHints":{"allow":["GET"]}}],"collection":[{"href":"https:\/\/www.willi-graf-schulen.de\/gymnasium\/wp-json\/wp\/v2\/posts"}],"about":[{"href":"https:\/\/www.willi-graf-schulen.de\/gymnasium\/wp-json\/wp\/v2\/types\/post"}],"author":[{"embeddable":true,"href":"https:\/\/www.willi-graf-schulen.de\/gymnasium\/wp-json\/wp\/v2\/users\/8"}],"replies":[{"embeddable":true,"href":"https:\/\/www.willi-graf-schulen.de\/gymnasium\/wp-json\/wp\/v2\/comments?post=18927"}],"version-history":[{"count":7,"href":"https:\/\/www.willi-graf-schulen.de\/gymnasium\/wp-json\/wp\/v2\/posts\/18927\/revisions"}],"predecessor-version":[{"id":18962,"href":"https:\/\/www.willi-graf-schulen.de\/gymnasium\/wp-json\/wp\/v2\/posts\/18927\/revisions\/18962"}],"wp:featuredmedia":[{"embeddable":true,"href":"https:\/\/www.willi-graf-schulen.de\/gymnasium\/wp-json\/wp\/v2\/media\/18928"}],"wp:attachment":[{"href":"https:\/\/www.willi-graf-schulen.de\/gymnasium\/wp-json\/wp\/v2\/media?parent=18927"}],"wp:term":[{"taxonomy":"category","embeddable":true,"href":"https:\/\/www.willi-graf-schulen.de\/gymnasium\/wp-json\/wp\/v2\/categories?post=18927"},{"taxonomy":"post_tag","embeddable":true,"href":"https:\/\/www.willi-graf-schulen.de\/gymnasium\/wp-json\/wp\/v2\/tags?post=18927"}],"curies":[{"name":"wp","href":"https:\/\/api.w.org\/{rel}","templated":true}]}}