{"id":19903,"date":"2026-03-21T07:13:15","date_gmt":"2026-03-21T06:13:15","guid":{"rendered":"https:\/\/www.willi-graf-schulen.de\/gymnasium\/?p=19903"},"modified":"2026-04-03T07:18:47","modified_gmt":"2026-04-03T05:18:47","slug":"chemie-die-stimmt-2","status":"publish","type":"post","link":"https:\/\/www.willi-graf-schulen.de\/gymnasium\/chemie-die-stimmt-2\/","title":{"rendered":"Chemie, die stimmt"},"content":{"rendered":"\t\t<div data-elementor-type=\"wp-post\" data-elementor-id=\"19903\" class=\"elementor elementor-19903\" data-elementor-post-type=\"post\">\n\t\t\t\t\t\t<section class=\"elementor-section elementor-top-section elementor-element elementor-element-75cf47f elementor-section-boxed elementor-section-height-default elementor-section-height-default\" data-id=\"75cf47f\" data-element_type=\"section\" data-e-type=\"section\" data-settings=\"{&quot;jet_parallax_layout_list&quot;:[]}\">\n\t\t\t\t\t\t<div class=\"elementor-container elementor-column-gap-default\">\n\t\t\t\t\t<div class=\"elementor-column elementor-col-100 elementor-top-column elementor-element elementor-element-87a5d42\" data-id=\"87a5d42\" data-element_type=\"column\" data-e-type=\"column\">\n\t\t\t<div class=\"elementor-widget-wrap elementor-element-populated\">\n\t\t\t\t\t\t<div class=\"elementor-element elementor-element-9794526 elementor-widget elementor-widget-text-editor\" data-id=\"9794526\" data-element_type=\"widget\" data-e-type=\"widget\" data-widget_type=\"text-editor.default\">\n\t\t\t\t<div class=\"elementor-widget-container\">\n\t\t\t\t\t\t\t\t\t<p style=\"font-weight: 400\">Am Mittwoch, den 18. M\u00e4rz 2026, fand die zweite Runde des Wettbewerbs \u201eChemie \u2013 die stimmt! \u201e\u00a0 statt. Insgesamt sechs Sch\u00fclerinnen und Sch\u00fcler unserer Schule machten sich daf\u00fcr zusammen mit Frau Potel und Herrn Friedrichs auf den Weg zur Universit\u00e4t des Saarlandes in Saarbr\u00fccken. Aus der 10. Klasse repr\u00e4sentierten Layla Alame und Pauline Hussinger unsere Schule beim Wettbewerb. Aus der 9. Klasse waren Olivia Peters, Friederike Kruchten, Helene Krauth und Elias Schneider mit dabei. \u00a0<\/p><p style=\"font-weight: 400\">Um 10 Uhr begann f\u00fcr die Sch\u00fclerinnen und Sch\u00fcler im H\u00f6rsaal der Chemie die bisher erste Klausur an einer Universit\u00e4t. Das echte H\u00f6rsaal-Feeling und die ungewohnte Atmosph\u00e4re machten den Wettbewerb zu einer besonderen Erfahrung.<\/p><p style=\"font-weight: 400\">Nach der fast dreist\u00fcndigen Klausur konnten sich alle Teilnehmerinnen und Teilnehmer in der Mensa st\u00e4rken. Das Mittagessen wurde freundlicherweise kostenlos bereitgestellt. F\u00fcr unsere Teilnehmerinnen und Teilnehmer war auch dies sicherlich ein erster Einblick in das Studentenleben.<\/p><p style=\"font-weight: 400\">Am Nachmittag folgte eine Vorlesung \u00fcber Naturstoffe von Professor Jauch, die speziell f\u00fcr die Teilnehmenden organisiert war. Damit war der Einblick ins Studentenleben f\u00fcr die Teilnehmenden dann komplett.<\/p><p style=\"font-weight: 400\">Den Abschluss des Tages bildete die Siegerehrung. Die besten sechs Sch\u00fclerinnen und Sch\u00fcler jeder Kategorie erhielten Buchpreise, dabei handelte es sich um doch eher schwerwiegende Fach- und Lehrb\u00fccher aus dem Universit\u00e4tsbereich, die den Sch\u00fclern einen weiteren Einstieg in die Welt der Chemie erm\u00f6glichen sollen. In der Kategorie Klasse 9 belegte Helene Krauth den 4. Platz und Friederike Kruchten den 5. Platz. Mit diesen hervorragenden Ergebnissen haben sich beide f\u00fcr die 3. Wettbewerbsrunde qualifiziert. In der n\u00e4chsten Runde treten Sch\u00fclerinnen und Sch\u00fcler aus den Bundesl\u00e4ndern Rheinland-Pfalz, Saarland, Nordrhein-Westfalen, Niedersachsen und Bremen gegeneinander an. Diese wird im Juni in M\u00fcnster stattfinden.<\/p><p style=\"font-weight: 400\">Wir sind sehr stolz auf die Leistungen aller unserer teilnehmenden Sch\u00fclerinnen und Sch\u00fclern und dr\u00fccken Helene und Friederike f\u00fcr die n\u00e4chste Runde fest die Daumen!<\/p>\t\t\t\t\t\t\t\t<\/div>\n\t\t\t\t<\/div>\n\t\t\t\t<div class=\"elementor-element elementor-element-f84c99f elementor-widget elementor-widget-image\" data-id=\"f84c99f\" data-element_type=\"widget\" data-e-type=\"widget\" data-widget_type=\"image.default\">\n\t\t\t\t<div class=\"elementor-widget-container\">\n\t\t\t\t\t\t\t\t\t\t\t\t\t\t\t<img fetchpriority=\"high\" decoding=\"async\" width=\"1024\" height=\"682\" src=\"https:\/\/www.willi-graf-schulen.de\/gymnasium\/wp-content\/uploads\/sites\/5\/2026\/04\/Chemie-die-stimmt-2026-03-1024x682.jpg\" class=\"attachment-large size-large wp-image-19889\" alt=\"\" srcset=\"https:\/\/www.willi-graf-schulen.de\/gymnasium\/wp-content\/uploads\/sites\/5\/2026\/04\/Chemie-die-stimmt-2026-03-1024x682.jpg 1024w, https:\/\/www.willi-graf-schulen.de\/gymnasium\/wp-content\/uploads\/sites\/5\/2026\/04\/Chemie-die-stimmt-2026-03-300x200.jpg 300w, https:\/\/www.willi-graf-schulen.de\/gymnasium\/wp-content\/uploads\/sites\/5\/2026\/04\/Chemie-die-stimmt-2026-03-768x512.jpg 768w, https:\/\/www.willi-graf-schulen.de\/gymnasium\/wp-content\/uploads\/sites\/5\/2026\/04\/Chemie-die-stimmt-2026-03-1536x1023.jpg 1536w, https:\/\/www.willi-graf-schulen.de\/gymnasium\/wp-content\/uploads\/sites\/5\/2026\/04\/Chemie-die-stimmt-2026-03-600x400.jpg 600w, https:\/\/www.willi-graf-schulen.de\/gymnasium\/wp-content\/uploads\/sites\/5\/2026\/04\/Chemie-die-stimmt-2026-03.jpg 1600w\" sizes=\"(max-width: 1024px) 100vw, 1024px\" \/>\t\t\t\t\t\t\t\t\t\t\t\t\t\t\t<\/div>\n\t\t\t\t<\/div>\n\t\t\t\t\t<\/div>\n\t\t<\/div>\n\t\t\t\t\t<\/div>\n\t\t<\/section>\n\t\t\t\t<\/div>\n\t\t","protected":false},"excerpt":{"rendered":"<p>Am Mittwoch, den 18. M\u00e4rz 2026, fand die zweite Runde des Wettbewerbs \u201eChemie \u2013 die stimmt! \u201e\u00a0 statt. Insgesamt sechs Sch\u00fclerinnen und Sch\u00fcler unserer Schule machten sich daf\u00fcr zusammen mit Frau Potel und Herrn Friedrichs auf den Weg zur Universit\u00e4t des Saarlandes in Saarbr\u00fccken. Aus der 10. Klasse repr\u00e4sentierten Layla Alame und Pauline Hussinger unsere [&hellip;]<\/p>\n","protected":false},"author":8,"featured_media":19887,"comment_status":"open","ping_status":"open","sticky":false,"template":"","format":"standard","meta":{"footnotes":""},"categories":[94],"tags":[],"class_list":["post-19903","post","type-post","status-publish","format-standard","has-post-thumbnail","hentry","category-aktuelles"],"_links":{"self":[{"href":"https:\/\/www.willi-graf-schulen.de\/gymnasium\/wp-json\/wp\/v2\/posts\/19903","targetHints":{"allow":["GET"]}}],"collection":[{"href":"https:\/\/www.willi-graf-schulen.de\/gymnasium\/wp-json\/wp\/v2\/posts"}],"about":[{"href":"https:\/\/www.willi-graf-schulen.de\/gymnasium\/wp-json\/wp\/v2\/types\/post"}],"author":[{"embeddable":true,"href":"https:\/\/www.willi-graf-schulen.de\/gymnasium\/wp-json\/wp\/v2\/users\/8"}],"replies":[{"embeddable":true,"href":"https:\/\/www.willi-graf-schulen.de\/gymnasium\/wp-json\/wp\/v2\/comments?post=19903"}],"version-history":[{"count":10,"href":"https:\/\/www.willi-graf-schulen.de\/gymnasium\/wp-json\/wp\/v2\/posts\/19903\/revisions"}],"predecessor-version":[{"id":19913,"href":"https:\/\/www.willi-graf-schulen.de\/gymnasium\/wp-json\/wp\/v2\/posts\/19903\/revisions\/19913"}],"wp:featuredmedia":[{"embeddable":true,"href":"https:\/\/www.willi-graf-schulen.de\/gymnasium\/wp-json\/wp\/v2\/media\/19887"}],"wp:attachment":[{"href":"https:\/\/www.willi-graf-schulen.de\/gymnasium\/wp-json\/wp\/v2\/media?parent=19903"}],"wp:term":[{"taxonomy":"category","embeddable":true,"href":"https:\/\/www.willi-graf-schulen.de\/gymnasium\/wp-json\/wp\/v2\/categories?post=19903"},{"taxonomy":"post_tag","embeddable":true,"href":"https:\/\/www.willi-graf-schulen.de\/gymnasium\/wp-json\/wp\/v2\/tags?post=19903"}],"curies":[{"name":"wp","href":"https:\/\/api.w.org\/{rel}","templated":true}]}}