{"id":19914,"date":"2026-03-22T07:18:56","date_gmt":"2026-03-22T06:18:56","guid":{"rendered":"https:\/\/www.willi-graf-schulen.de\/gymnasium\/?p=19914"},"modified":"2026-04-03T07:35:53","modified_gmt":"2026-04-03T05:35:53","slug":"theaterbesuch-stufe-11","status":"publish","type":"post","link":"https:\/\/www.willi-graf-schulen.de\/gymnasium\/theaterbesuch-stufe-11\/","title":{"rendered":"Theaterbesuch Stufe 11"},"content":{"rendered":"\t\t<div data-elementor-type=\"wp-post\" data-elementor-id=\"19914\" class=\"elementor elementor-19914\" data-elementor-post-type=\"post\">\n\t\t\t\t\t\t<section class=\"elementor-section elementor-top-section elementor-element elementor-element-0b5fc98 elementor-section-boxed elementor-section-height-default elementor-section-height-default\" data-id=\"0b5fc98\" data-element_type=\"section\" data-e-type=\"section\" data-settings=\"{&quot;jet_parallax_layout_list&quot;:[]}\">\n\t\t\t\t\t\t<div class=\"elementor-container elementor-column-gap-default\">\n\t\t\t\t\t<div class=\"elementor-column elementor-col-100 elementor-top-column elementor-element elementor-element-64ed543\" data-id=\"64ed543\" data-element_type=\"column\" data-e-type=\"column\">\n\t\t\t<div class=\"elementor-widget-wrap elementor-element-populated\">\n\t\t\t\t\t\t<div class=\"elementor-element elementor-element-527864b elementor-widget elementor-widget-text-editor\" data-id=\"527864b\" data-element_type=\"widget\" data-e-type=\"widget\" data-widget_type=\"text-editor.default\">\n\t\t\t\t<div class=\"elementor-widget-container\">\n\t\t\t\t\t\t\t\t\t<p style=\"font-weight: 400\">Am 20. M\u00e4rz besuchte die Stufe 11 passend zum Lehrplan Englisch HP2 die Auff\u00fchrung der American Drama Group \u201e<em>The Life and Death of Martin Luther King\u201c <strong>\u00a0<\/strong><\/em>im Theater am Ring in Saarlouis. Ein besonderer Dank gilt dem F\u00f6rderkreis, der den Besuch zu einem gro\u00dfen Teil finanziert hat. \u00a0<\/p><p style=\"font-weight: 400\">\u201eF\u00fcnf turbulente Jahre sind vergangen, seit die Worte \u201eIch habe einen Traum\u201c Washington und die Welt ersch\u00fctterten. Martin Luther King steht ersch\u00f6pft und verzweifelt auf dem Balkon eines Motels in Memphis. Seine liberalen Verb\u00fcndeten in der Regierung haben ihn wegen seiner Opposition gegen den Vietnamkrieg im Stich gelassen. Seine F\u00fchrungsrolle in der B\u00fcrgerrechtsbewegung wird von den radikalen Anh\u00e4ngern Malcolm X\u2019 infrage gestellt, die ihm vorwerfen, sich dem wei\u00dfen Establishment verkauft zu haben. Seine eigenen Mitarbeiter bef\u00fcrchten, er habe die Richtung verloren, da er seine Ziele auf die Armut selbst ausweitet. Und vor allem wird sein Credo der Gewaltlosigkeit von Extremisten und jenen, die darin nichts anderes als Kapitulation sehen, verh\u00f6hnt und \u00fcberrumpelt. Unterdessen h\u00e4lt der intrigante FBI-Agent Edgar Hoover eine Akte \u00fcber sein Privatleben in H\u00e4nden, die jederzeit an die Presse und den Pr\u00e4sidenten gelangen k\u00f6nnte \u2013 mit ungewissem Ausgang f\u00fcr seinen Ruf. Und was macht er in Memphis, um einen kleinen Streik zu unterst\u00fctzen, wo er doch in Washington gebraucht wird, um seinen landesweiten Kampf gegen die Armut zu koordinieren? Sekunden nachdem er den Balkon erreicht hat, um frische Luft zu schnappen, f\u00e4llt ein Schuss. Martin Luther King st\u00fcrzt und stirbt in den Armen seiner Freunde. Der gr\u00f6\u00dfte politische Vision\u00e4r des 20. Jahrhunderts liegt tot da.<\/p><p style=\"font-weight: 400\">Wie es dazu kam, wird der spirituelle und politische Weg dieses einst bescheidenen Predigers zur Ikone und tragischerweise zum M\u00e4rtyrer nachgezeichnet. Und dies ist der Stoff, aus dem Tragik ist, denn Martin Luther King war ein Mann, zerrissen von inneren D\u00e4monen und geplagt von Schuldgef\u00fchlen; ein Mann, der nach dem Credo der Gewaltlosigkeit lebte und mitansehen musste, wie seine Anh\u00e4nger brutal geschlagen, unrechtm\u00e4\u00dfig eingesperrt, gedem\u00fctigt und allzu oft ermordet wurden. Die Inszenierung w\u00e4hlt einige wenige Schl\u00fcsselmomente aus, die die ganze Geschichte beleuchten: Rosa Parks&#8216; Protest gegen die Rassentrennung in Bussen, die M\u00e4rsche zur W\u00e4hlerregistrierung in Selma und der letzte Kampf f\u00fcr eine umfassendere Vision, der die gesamte wirtschaftliche und milit\u00e4risch-industrielle Macht der USA herausforderte. Martin Luther King hatte einen Traum, und ein Teil seines Traums von Rassengleichheit wurde verwirklicht, doch sein umfassenderer Traum von Frieden und der \u00dcberwindung der Armut in der reichsten Nation der Welt blieb unerf\u00fcllt. Die Widerspr\u00fcche Amerikas und seines gro\u00dfen Mythos vom Land der unbegrenzten M\u00f6glichkeiten werden in diesem St\u00fcck auf eindringliche und dramatische Weise beleuchtet: Es ist Dokumentation, Thriller und letztlich eine moderne Trag\u00f6die mit weitreichenden Implikationen, die weit \u00fcber die USA hinausreichen.\u201c<\/p><p style=\"font-weight: 400\">( Quelle: <a href=\"https:\/\/www.adg-europe.com\/the-life-and-death-of-martin-luther-king\/\">https:\/\/www.adg-europe.com\/the-life-and-death-of-martin-luther-king\/<\/a> )<\/p>\t\t\t\t\t\t\t\t<\/div>\n\t\t\t\t<\/div>\n\t\t\t\t\t<\/div>\n\t\t<\/div>\n\t\t\t\t\t<\/div>\n\t\t<\/section>\n\t\t\t\t<\/div>\n\t\t","protected":false},"excerpt":{"rendered":"<p>Am 20. M\u00e4rz besuchte die Stufe 11 passend zum Lehrplan Englisch HP2 die Auff\u00fchrung der American Drama Group \u201eThe Life and Death of Martin Luther King\u201c \u00a0im Theater am Ring in Saarlouis. Ein besonderer Dank gilt dem F\u00f6rderkreis, der den Besuch zu einem gro\u00dfen Teil finanziert hat. \u00a0 \u201eF\u00fcnf turbulente Jahre sind vergangen, seit die [&hellip;]<\/p>\n","protected":false},"author":8,"featured_media":19890,"comment_status":"open","ping_status":"open","sticky":false,"template":"","format":"standard","meta":{"footnotes":""},"categories":[94],"tags":[],"class_list":["post-19914","post","type-post","status-publish","format-standard","has-post-thumbnail","hentry","category-aktuelles"],"_links":{"self":[{"href":"https:\/\/www.willi-graf-schulen.de\/gymnasium\/wp-json\/wp\/v2\/posts\/19914","targetHints":{"allow":["GET"]}}],"collection":[{"href":"https:\/\/www.willi-graf-schulen.de\/gymnasium\/wp-json\/wp\/v2\/posts"}],"about":[{"href":"https:\/\/www.willi-graf-schulen.de\/gymnasium\/wp-json\/wp\/v2\/types\/post"}],"author":[{"embeddable":true,"href":"https:\/\/www.willi-graf-schulen.de\/gymnasium\/wp-json\/wp\/v2\/users\/8"}],"replies":[{"embeddable":true,"href":"https:\/\/www.willi-graf-schulen.de\/gymnasium\/wp-json\/wp\/v2\/comments?post=19914"}],"version-history":[{"count":7,"href":"https:\/\/www.willi-graf-schulen.de\/gymnasium\/wp-json\/wp\/v2\/posts\/19914\/revisions"}],"predecessor-version":[{"id":19921,"href":"https:\/\/www.willi-graf-schulen.de\/gymnasium\/wp-json\/wp\/v2\/posts\/19914\/revisions\/19921"}],"wp:featuredmedia":[{"embeddable":true,"href":"https:\/\/www.willi-graf-schulen.de\/gymnasium\/wp-json\/wp\/v2\/media\/19890"}],"wp:attachment":[{"href":"https:\/\/www.willi-graf-schulen.de\/gymnasium\/wp-json\/wp\/v2\/media?parent=19914"}],"wp:term":[{"taxonomy":"category","embeddable":true,"href":"https:\/\/www.willi-graf-schulen.de\/gymnasium\/wp-json\/wp\/v2\/categories?post=19914"},{"taxonomy":"post_tag","embeddable":true,"href":"https:\/\/www.willi-graf-schulen.de\/gymnasium\/wp-json\/wp\/v2\/tags?post=19914"}],"curies":[{"name":"wp","href":"https:\/\/api.w.org\/{rel}","templated":true}]}}