{"id":19958,"date":"2026-03-30T14:11:11","date_gmt":"2026-03-30T12:11:11","guid":{"rendered":"https:\/\/www.willi-graf-schulen.de\/gymnasium\/?p=19958"},"modified":"2026-04-26T14:21:37","modified_gmt":"2026-04-26T12:21:37","slug":"franzoesisch-austausch-2026","status":"publish","type":"post","link":"https:\/\/www.willi-graf-schulen.de\/gymnasium\/franzoesisch-austausch-2026\/","title":{"rendered":"Franz\u00f6sisch-Austausch 2026"},"content":{"rendered":"\t\t<div data-elementor-type=\"wp-post\" data-elementor-id=\"19958\" class=\"elementor elementor-19958\" data-elementor-post-type=\"post\">\n\t\t\t\t\t\t<section class=\"elementor-section elementor-top-section elementor-element elementor-element-627727a elementor-section-boxed elementor-section-height-default elementor-section-height-default\" data-id=\"627727a\" data-element_type=\"section\" data-e-type=\"section\" data-settings=\"{&quot;jet_parallax_layout_list&quot;:[]}\">\n\t\t\t\t\t\t<div class=\"elementor-container elementor-column-gap-default\">\n\t\t\t\t\t<div class=\"elementor-column elementor-col-100 elementor-top-column elementor-element elementor-element-0c2b878\" data-id=\"0c2b878\" data-element_type=\"column\" data-e-type=\"column\">\n\t\t\t<div class=\"elementor-widget-wrap elementor-element-populated\">\n\t\t\t\t\t\t<div class=\"elementor-element elementor-element-306313c elementor-widget elementor-widget-text-editor\" data-id=\"306313c\" data-element_type=\"widget\" data-e-type=\"widget\" data-widget_type=\"text-editor.default\">\n\t\t\t\t<div class=\"elementor-widget-container\">\n\t\t\t\t\t\t\t\t\t<p>Am 26. M\u00e4rz 2026 reisten die Austauschpartner aus R\u00e9milly an. Zun\u00e4chst wurden sie von Herr Dahlke<span class=\"Apple-converted-space\">\u00a0 <\/span>herzlich in der Bibliothek empfangen. Anschlie\u00dfend wurde es sportlich, in Turnhalle tobten sich die Sch\u00fclerinnen und Sch\u00fcler der 7a und 7c mit ihren Austauschpartnern aus. In einem Sporthallenteil wurde Brennball gespielt und in einem anderen absolvierten die Teilnehmerinnen und Teilnehmer einen Parcours, der zuvor aufgebaut worden war. Zur St\u00e4rkung gab es im Anschluss ein Picknick im Klassenraum, zu dem jeder etwas beigesteuert hatte. Daraufhin l\u00f6sten die Sch\u00fclerinnen und Sch\u00fcler mit ihrem jeweiligen Austauschpartner die Schul-Rallye, bei der die Aufgaben auf Franz\u00f6sisch sowie auf Deutsch zu beantworten waren.<span class=\"Apple-converted-space\">\u00a0<\/span><\/p><p>Am Nachmittag gingen die Austauschpartner zu der jeweiligen Gastfamilie, die <span class=\"Apple-converted-space\">\u00a0 <\/span>Unterschiedlichstes unternommen haben. Manche gingen in die Bowling- oder Kletterhalle, andere zeigten ihren Freunden aus Frankreich ihre Hobbys und wieder andere backten, kochten oder malten etwas zusammen. Am n\u00e4chsten Morgen kamen die Sch\u00fclerinnen und Sch\u00fcler wie gew\u00f6hnlich um 8 Uhr in die Schule, dort wurde die Schul-Rallye vom Vortag besprochen.<span class=\"Apple-converted-space\">\u00a0<\/span><\/p><p>Danach machten sich die Teilnehmerinnen und Teilnehmer sowie Lehrpersonen auf den Weg in die Innenstadt von Saarbr\u00fccken. An der Ludwigskirche startete in Kleingruppen die Stadt-Rallye, bei der die Jugendlichen an der Ludwigskirche, an dem Saarbr\u00fccker Schloss , am Staden und am St. Johanner Markt vorbeikamen. Nachdem alle die Stadt-Rallye abgegeben hatten, durften die Sch\u00fclerinnen und Sch\u00fcler noch Freizeit in der Innenstadt von Saarbr\u00fccken genie\u00dfen. Zur\u00fcck in der Schule gab es eine Siegerehrung, dann war es schon soweit und die Austauschpartner fuhren zur\u00fcck nach R\u00e9milly. F\u00fcr alle Teilnehmerinnen und Teilnehmer waren es zwei sch\u00f6ne und erlebnisreiche Tage.<\/p><p>Christa Kardahi 7a<span class=\"Apple-converted-space\">\u00a0<\/span><\/p>\t\t\t\t\t\t\t\t<\/div>\n\t\t\t\t<\/div>\n\t\t\t\t<div class=\"elementor-element elementor-element-4fb0e96 elementor-widget elementor-widget-gallery\" data-id=\"4fb0e96\" data-element_type=\"widget\" data-e-type=\"widget\" data-settings=\"{&quot;columns&quot;:&quot;3&quot;,&quot;gap&quot;:{&quot;unit&quot;:&quot;px&quot;,&quot;size&quot;:&quot;2&quot;,&quot;sizes&quot;:[]},&quot;lazyload&quot;:&quot;yes&quot;,&quot;gallery_layout&quot;:&quot;grid&quot;,&quot;columns_tablet&quot;:2,&quot;columns_mobile&quot;:1,&quot;gap_tablet&quot;:{&quot;unit&quot;:&quot;px&quot;,&quot;size&quot;:10,&quot;sizes&quot;:[]},&quot;gap_mobile&quot;:{&quot;unit&quot;:&quot;px&quot;,&quot;size&quot;:10,&quot;sizes&quot;:[]},&quot;link_to&quot;:&quot;file&quot;,&quot;aspect_ratio&quot;:&quot;3:2&quot;,&quot;overlay_background&quot;:&quot;yes&quot;,&quot;content_hover_animation&quot;:&quot;fade-in&quot;}\" data-widget_type=\"gallery.default\">\n\t\t\t\t<div class=\"elementor-widget-container\">\n\t\t\t\t\t\t\t<div class=\"elementor-gallery__container\">\n\t\t\t\t\t\t\t<a class=\"e-gallery-item elementor-gallery-item elementor-animated-content\" href=\"https:\/\/www.willi-graf-schulen.de\/gymnasium\/wp-content\/uploads\/sites\/5\/2026\/04\/Franzoesisch-Austausch-2026-01.jpeg\" data-elementor-open-lightbox=\"yes\" data-elementor-lightbox-slideshow=\"4fb0e96\" data-elementor-lightbox-title=\"Franz\u00f6sisch-Austausch 2026 01\" data-e-action-hash=\"#elementor-action%3Aaction%3Dlightbox%26settings%3DeyJpZCI6MTk5NjYsInVybCI6Imh0dHBzOlwvXC93d3cud2lsbGktZ3JhZi1zY2h1bGVuLmRlXC9neW1uYXNpdW1cL3dwLWNvbnRlbnRcL3VwbG9hZHNcL3NpdGVzXC81XC8yMDI2XC8wNFwvRnJhbnpvZXNpc2NoLUF1c3RhdXNjaC0yMDI2LTAxLmpwZWciLCJzbGlkZXNob3ciOiI0ZmIwZTk2In0%3D\">\n\t\t\t\t\t<div class=\"e-gallery-image elementor-gallery-item__image\" data-thumbnail=\"https:\/\/www.willi-graf-schulen.de\/gymnasium\/wp-content\/uploads\/sites\/5\/2026\/04\/Franzoesisch-Austausch-2026-01-300x200.jpeg\" data-width=\"300\" data-height=\"200\" aria-label=\"\" role=\"img\" ><\/div>\n\t\t\t\t\t\t\t\t\t\t\t<div class=\"elementor-gallery-item__overlay\"><\/div>\n\t\t\t\t\t\t\t\t\t\t\t\t\t\t<\/a>\n\t\t\t\t\t\t\t<a class=\"e-gallery-item elementor-gallery-item elementor-animated-content\" href=\"https:\/\/www.willi-graf-schulen.de\/gymnasium\/wp-content\/uploads\/sites\/5\/2026\/04\/Franzoesisch-Austausch-2026-07.jpg\" data-elementor-open-lightbox=\"yes\" data-elementor-lightbox-slideshow=\"4fb0e96\" data-elementor-lightbox-title=\"Franz\u00f6sisch-Austausch 2026 07\" data-e-action-hash=\"#elementor-action%3Aaction%3Dlightbox%26settings%3DeyJpZCI6MTk5NjcsInVybCI6Imh0dHBzOlwvXC93d3cud2lsbGktZ3JhZi1zY2h1bGVuLmRlXC9neW1uYXNpdW1cL3dwLWNvbnRlbnRcL3VwbG9hZHNcL3NpdGVzXC81XC8yMDI2XC8wNFwvRnJhbnpvZXNpc2NoLUF1c3RhdXNjaC0yMDI2LTA3LmpwZyIsInNsaWRlc2hvdyI6IjRmYjBlOTYifQ%3D%3D\">\n\t\t\t\t\t<div class=\"e-gallery-image elementor-gallery-item__image\" data-thumbnail=\"https:\/\/www.willi-graf-schulen.de\/gymnasium\/wp-content\/uploads\/sites\/5\/2026\/04\/Franzoesisch-Austausch-2026-07-300x200.jpg\" data-width=\"300\" data-height=\"200\" aria-label=\"\" role=\"img\" ><\/div>\n\t\t\t\t\t\t\t\t\t\t\t<div class=\"elementor-gallery-item__overlay\"><\/div>\n\t\t\t\t\t\t\t\t\t\t\t\t\t\t<\/a>\n\t\t\t\t\t\t\t<a class=\"e-gallery-item elementor-gallery-item elementor-animated-content\" href=\"https:\/\/www.willi-graf-schulen.de\/gymnasium\/wp-content\/uploads\/sites\/5\/2026\/04\/Franzoesisch-Austausch-2026-04.jpg\" data-elementor-open-lightbox=\"yes\" data-elementor-lightbox-slideshow=\"4fb0e96\" data-elementor-lightbox-title=\"Franz\u00f6sisch-Austausch 2026 04\" data-e-action-hash=\"#elementor-action%3Aaction%3Dlightbox%26settings%3DeyJpZCI6MTk5NjgsInVybCI6Imh0dHBzOlwvXC93d3cud2lsbGktZ3JhZi1zY2h1bGVuLmRlXC9neW1uYXNpdW1cL3dwLWNvbnRlbnRcL3VwbG9hZHNcL3NpdGVzXC81XC8yMDI2XC8wNFwvRnJhbnpvZXNpc2NoLUF1c3RhdXNjaC0yMDI2LTA0LmpwZyIsInNsaWRlc2hvdyI6IjRmYjBlOTYifQ%3D%3D\">\n\t\t\t\t\t<div class=\"e-gallery-image elementor-gallery-item__image\" data-thumbnail=\"https:\/\/www.willi-graf-schulen.de\/gymnasium\/wp-content\/uploads\/sites\/5\/2026\/04\/Franzoesisch-Austausch-2026-04-300x200.jpg\" data-width=\"300\" data-height=\"200\" aria-label=\"\" role=\"img\" ><\/div>\n\t\t\t\t\t\t\t\t\t\t\t<div class=\"elementor-gallery-item__overlay\"><\/div>\n\t\t\t\t\t\t\t\t\t\t\t\t\t\t<\/a>\n\t\t\t\t\t\t\t<a class=\"e-gallery-item elementor-gallery-item elementor-animated-content\" href=\"https:\/\/www.willi-graf-schulen.de\/gymnasium\/wp-content\/uploads\/sites\/5\/2026\/04\/Franzoesisch-Austausch-2026-06.jpg\" data-elementor-open-lightbox=\"yes\" data-elementor-lightbox-slideshow=\"4fb0e96\" data-elementor-lightbox-title=\"Franz\u00f6sisch-Austausch 2026 06\" data-e-action-hash=\"#elementor-action%3Aaction%3Dlightbox%26settings%3DeyJpZCI6MTk5NzAsInVybCI6Imh0dHBzOlwvXC93d3cud2lsbGktZ3JhZi1zY2h1bGVuLmRlXC9neW1uYXNpdW1cL3dwLWNvbnRlbnRcL3VwbG9hZHNcL3NpdGVzXC81XC8yMDI2XC8wNFwvRnJhbnpvZXNpc2NoLUF1c3RhdXNjaC0yMDI2LTA2LmpwZyIsInNsaWRlc2hvdyI6IjRmYjBlOTYifQ%3D%3D\">\n\t\t\t\t\t<div class=\"e-gallery-image elementor-gallery-item__image\" data-thumbnail=\"https:\/\/www.willi-graf-schulen.de\/gymnasium\/wp-content\/uploads\/sites\/5\/2026\/04\/Franzoesisch-Austausch-2026-06-300x200.jpg\" data-width=\"300\" data-height=\"200\" aria-label=\"\" role=\"img\" ><\/div>\n\t\t\t\t\t\t\t\t\t\t\t<div class=\"elementor-gallery-item__overlay\"><\/div>\n\t\t\t\t\t\t\t\t\t\t\t\t\t\t<\/a>\n\t\t\t\t\t\t\t<a class=\"e-gallery-item elementor-gallery-item elementor-animated-content\" href=\"https:\/\/www.willi-graf-schulen.de\/gymnasium\/wp-content\/uploads\/sites\/5\/2026\/04\/Franzoesisch-Austausch-2026-05.jpg\" data-elementor-open-lightbox=\"yes\" data-elementor-lightbox-slideshow=\"4fb0e96\" data-elementor-lightbox-title=\"Franz\u00f6sisch-Austausch 2026 05\" data-e-action-hash=\"#elementor-action%3Aaction%3Dlightbox%26settings%3DeyJpZCI6MTk5NzEsInVybCI6Imh0dHBzOlwvXC93d3cud2lsbGktZ3JhZi1zY2h1bGVuLmRlXC9neW1uYXNpdW1cL3dwLWNvbnRlbnRcL3VwbG9hZHNcL3NpdGVzXC81XC8yMDI2XC8wNFwvRnJhbnpvZXNpc2NoLUF1c3RhdXNjaC0yMDI2LTA1LmpwZyIsInNsaWRlc2hvdyI6IjRmYjBlOTYifQ%3D%3D\">\n\t\t\t\t\t<div class=\"e-gallery-image elementor-gallery-item__image\" data-thumbnail=\"https:\/\/www.willi-graf-schulen.de\/gymnasium\/wp-content\/uploads\/sites\/5\/2026\/04\/Franzoesisch-Austausch-2026-05-300x200.jpg\" data-width=\"300\" data-height=\"200\" aria-label=\"\" role=\"img\" ><\/div>\n\t\t\t\t\t\t\t\t\t\t\t<div class=\"elementor-gallery-item__overlay\"><\/div>\n\t\t\t\t\t\t\t\t\t\t\t\t\t\t<\/a>\n\t\t\t\t\t\t\t<a class=\"e-gallery-item elementor-gallery-item elementor-animated-content\" href=\"https:\/\/www.willi-graf-schulen.de\/gymnasium\/wp-content\/uploads\/sites\/5\/2026\/04\/Franzoesisch-Austausch-2026-02.jpg\" data-elementor-open-lightbox=\"yes\" data-elementor-lightbox-slideshow=\"4fb0e96\" data-elementor-lightbox-title=\"Franz\u00f6sisch-Austausch 2026 02\" data-e-action-hash=\"#elementor-action%3Aaction%3Dlightbox%26settings%3DeyJpZCI6MTk5NjksInVybCI6Imh0dHBzOlwvXC93d3cud2lsbGktZ3JhZi1zY2h1bGVuLmRlXC9neW1uYXNpdW1cL3dwLWNvbnRlbnRcL3VwbG9hZHNcL3NpdGVzXC81XC8yMDI2XC8wNFwvRnJhbnpvZXNpc2NoLUF1c3RhdXNjaC0yMDI2LTAyLmpwZyIsInNsaWRlc2hvdyI6IjRmYjBlOTYifQ%3D%3D\">\n\t\t\t\t\t<div class=\"e-gallery-image elementor-gallery-item__image\" data-thumbnail=\"https:\/\/www.willi-graf-schulen.de\/gymnasium\/wp-content\/uploads\/sites\/5\/2026\/04\/Franzoesisch-Austausch-2026-02-300x200.jpg\" data-width=\"300\" data-height=\"200\" aria-label=\"\" role=\"img\" ><\/div>\n\t\t\t\t\t\t\t\t\t\t\t<div class=\"elementor-gallery-item__overlay\"><\/div>\n\t\t\t\t\t\t\t\t\t\t\t\t\t\t<\/a>\n\t\t\t\t\t<\/div>\n\t\t\t\t\t<\/div>\n\t\t\t\t<\/div>\n\t\t\t\t\t<\/div>\n\t\t<\/div>\n\t\t\t\t\t<\/div>\n\t\t<\/section>\n\t\t\t\t<\/div>\n\t\t","protected":false},"excerpt":{"rendered":"<p>Am 26. M\u00e4rz 2026 reisten die Austauschpartner aus R\u00e9milly an. Zun\u00e4chst wurden sie von Herr Dahlke\u00a0 herzlich in der Bibliothek empfangen. Anschlie\u00dfend wurde es sportlich, in Turnhalle tobten sich die Sch\u00fclerinnen und Sch\u00fcler der 7a und 7c mit ihren Austauschpartnern aus. In einem Sporthallenteil wurde Brennball gespielt und in einem anderen absolvierten die Teilnehmerinnen und [&hellip;]<\/p>\n","protected":false},"author":8,"featured_media":19961,"comment_status":"open","ping_status":"open","sticky":false,"template":"","format":"standard","meta":{"footnotes":""},"categories":[94],"tags":[],"class_list":["post-19958","post","type-post","status-publish","format-standard","has-post-thumbnail","hentry","category-aktuelles"],"_links":{"self":[{"href":"https:\/\/www.willi-graf-schulen.de\/gymnasium\/wp-json\/wp\/v2\/posts\/19958","targetHints":{"allow":["GET"]}}],"collection":[{"href":"https:\/\/www.willi-graf-schulen.de\/gymnasium\/wp-json\/wp\/v2\/posts"}],"about":[{"href":"https:\/\/www.willi-graf-schulen.de\/gymnasium\/wp-json\/wp\/v2\/types\/post"}],"author":[{"embeddable":true,"href":"https:\/\/www.willi-graf-schulen.de\/gymnasium\/wp-json\/wp\/v2\/users\/8"}],"replies":[{"embeddable":true,"href":"https:\/\/www.willi-graf-schulen.de\/gymnasium\/wp-json\/wp\/v2\/comments?post=19958"}],"version-history":[{"count":7,"href":"https:\/\/www.willi-graf-schulen.de\/gymnasium\/wp-json\/wp\/v2\/posts\/19958\/revisions"}],"predecessor-version":[{"id":19975,"href":"https:\/\/www.willi-graf-schulen.de\/gymnasium\/wp-json\/wp\/v2\/posts\/19958\/revisions\/19975"}],"wp:featuredmedia":[{"embeddable":true,"href":"https:\/\/www.willi-graf-schulen.de\/gymnasium\/wp-json\/wp\/v2\/media\/19961"}],"wp:attachment":[{"href":"https:\/\/www.willi-graf-schulen.de\/gymnasium\/wp-json\/wp\/v2\/media?parent=19958"}],"wp:term":[{"taxonomy":"category","embeddable":true,"href":"https:\/\/www.willi-graf-schulen.de\/gymnasium\/wp-json\/wp\/v2\/categories?post=19958"},{"taxonomy":"post_tag","embeddable":true,"href":"https:\/\/www.willi-graf-schulen.de\/gymnasium\/wp-json\/wp\/v2\/tags?post=19958"}],"curies":[{"name":"wp","href":"https:\/\/api.w.org\/{rel}","templated":true}]}}