{"id":19976,"date":"2026-03-21T14:29:23","date_gmt":"2026-03-21T13:29:23","guid":{"rendered":"https:\/\/www.willi-graf-schulen.de\/gymnasium\/?p=19976"},"modified":"2026-04-26T14:34:00","modified_gmt":"2026-04-26T12:34:00","slug":"mathematik-ohne-grenzen","status":"publish","type":"post","link":"https:\/\/www.willi-graf-schulen.de\/gymnasium\/mathematik-ohne-grenzen\/","title":{"rendered":"Mathematik ohne Grenzen"},"content":{"rendered":"\t\t<div data-elementor-type=\"wp-post\" data-elementor-id=\"19976\" class=\"elementor elementor-19976\" data-elementor-post-type=\"post\">\n\t\t\t\t\t\t<section class=\"elementor-section elementor-top-section elementor-element elementor-element-910086b elementor-section-boxed elementor-section-height-default elementor-section-height-default\" data-id=\"910086b\" data-element_type=\"section\" data-e-type=\"section\" data-settings=\"{&quot;jet_parallax_layout_list&quot;:[]}\">\n\t\t\t\t\t\t<div class=\"elementor-container elementor-column-gap-default\">\n\t\t\t\t\t<div class=\"elementor-column elementor-col-100 elementor-top-column elementor-element elementor-element-20d26ff\" data-id=\"20d26ff\" data-element_type=\"column\" data-e-type=\"column\">\n\t\t\t<div class=\"elementor-widget-wrap elementor-element-populated\">\n\t\t\t\t\t\t<div class=\"elementor-element elementor-element-c19b96c elementor-widget elementor-widget-text-editor\" data-id=\"c19b96c\" data-element_type=\"widget\" data-e-type=\"widget\" data-widget_type=\"text-editor.default\">\n\t\t\t\t<div class=\"elementor-widget-container\">\n\t\t\t\t\t\t\t\t\t<p style=\"font-weight: 400\">Am 5. M\u00e4rz 2026 fand der 20. Hauptwettbewerb \u201eMathe ohne Grenzen\u201c statt, an dem das Willi-Graf-Gymnasium mit allen neunten und zehnten Klassen teilnahm. Es handelt sich hier um einen Klassenwettbewerb, bei dem die ganze Klasse zusammen innerhalb einer Doppelstunde 13 Aufgabe l\u00f6sen muss. Der Wettbewerb ist so konzipiert, dass sowohl sehr gute als auch etwas schw\u00e4chere Sch\u00fclerInnen angesprochen werden. Eine Besonderheit ist au\u00dferdem, dass eine Aufgabe in einer Fremdsprache (Englisch, Franz\u00f6sisch, Spanisch, Italienisch) gestellt wird und auch in einer gel\u00f6st werden muss. Zudem sind die Aufgaben sehr praxisorientiert.<\/p><p style=\"font-weight: 400\">Insgesamt nahmen 17 Gymnasien und eine Gemeinschaftsschule am Wettbewerb teil, 46 Klassen der Klassenstufe 9 und 49 Klassen der Klassenstufe 10. Alle neunten Klassen des Willi-Graf-Gymnasiums haben Platzierungen im oberen Drittel erreicht: Die beste Klasse am Willi-Graf-Gymnasium war die Klasse 9c mit dem grandiosen 6. Platz! Herzlichen Gl\u00fcckwunsch! Wir gratulieren au\u00dferdem der Klasse 9b zu ihrem 9. Platz und der Klasse 9a zu ihrem 16. Platz! Unter den teilnehmenden 10. Klassen hat die Klasse 10b mit ihrem 12. Platz am besten abgeschnitten.<\/p><p style=\"font-weight: 400\">Die Mathe- Fachschaft dankt den 9. und 10. Klassen f\u00fcr ihre erfolgreiche und engagierte Teilnahme am Wettbewerb \u201eMathe ohne Grenzen\u201c!<\/p><p style=\"font-weight: 400\">Elisa Fried<\/p>\t\t\t\t\t\t\t\t<\/div>\n\t\t\t\t<\/div>\n\t\t\t\t\t<\/div>\n\t\t<\/div>\n\t\t\t\t\t<\/div>\n\t\t<\/section>\n\t\t\t\t<\/div>\n\t\t","protected":false},"excerpt":{"rendered":"<p>Am 5. M\u00e4rz 2026 fand der 20. Hauptwettbewerb \u201eMathe ohne Grenzen\u201c statt, an dem das Willi-Graf-Gymnasium mit allen neunten und zehnten Klassen teilnahm. Es handelt sich hier um einen Klassenwettbewerb, bei dem die ganze Klasse zusammen innerhalb einer Doppelstunde 13 Aufgabe l\u00f6sen muss. Der Wettbewerb ist so konzipiert, dass sowohl sehr gute als auch etwas [&hellip;]<\/p>\n","protected":false},"author":8,"featured_media":19977,"comment_status":"open","ping_status":"open","sticky":false,"template":"","format":"standard","meta":{"footnotes":""},"categories":[94],"tags":[],"class_list":["post-19976","post","type-post","status-publish","format-standard","has-post-thumbnail","hentry","category-aktuelles"],"_links":{"self":[{"href":"https:\/\/www.willi-graf-schulen.de\/gymnasium\/wp-json\/wp\/v2\/posts\/19976","targetHints":{"allow":["GET"]}}],"collection":[{"href":"https:\/\/www.willi-graf-schulen.de\/gymnasium\/wp-json\/wp\/v2\/posts"}],"about":[{"href":"https:\/\/www.willi-graf-schulen.de\/gymnasium\/wp-json\/wp\/v2\/types\/post"}],"author":[{"embeddable":true,"href":"https:\/\/www.willi-graf-schulen.de\/gymnasium\/wp-json\/wp\/v2\/users\/8"}],"replies":[{"embeddable":true,"href":"https:\/\/www.willi-graf-schulen.de\/gymnasium\/wp-json\/wp\/v2\/comments?post=19976"}],"version-history":[{"count":4,"href":"https:\/\/www.willi-graf-schulen.de\/gymnasium\/wp-json\/wp\/v2\/posts\/19976\/revisions"}],"predecessor-version":[{"id":19981,"href":"https:\/\/www.willi-graf-schulen.de\/gymnasium\/wp-json\/wp\/v2\/posts\/19976\/revisions\/19981"}],"wp:featuredmedia":[{"embeddable":true,"href":"https:\/\/www.willi-graf-schulen.de\/gymnasium\/wp-json\/wp\/v2\/media\/19977"}],"wp:attachment":[{"href":"https:\/\/www.willi-graf-schulen.de\/gymnasium\/wp-json\/wp\/v2\/media?parent=19976"}],"wp:term":[{"taxonomy":"category","embeddable":true,"href":"https:\/\/www.willi-graf-schulen.de\/gymnasium\/wp-json\/wp\/v2\/categories?post=19976"},{"taxonomy":"post_tag","embeddable":true,"href":"https:\/\/www.willi-graf-schulen.de\/gymnasium\/wp-json\/wp\/v2\/tags?post=19976"}],"curies":[{"name":"wp","href":"https:\/\/api.w.org\/{rel}","templated":true}]}}