{"id":2707,"date":"2015-03-28T16:42:27","date_gmt":"2015-03-28T15:42:27","guid":{"rendered":"https:\/\/www.willi-graf-schulen.de\/gymnasium\/schulleitung\/"},"modified":"2026-01-23T06:37:56","modified_gmt":"2026-01-23T05:37:56","slug":"schulleitung","status":"publish","type":"post","link":"https:\/\/www.willi-graf-schulen.de\/gymnasium\/schulleitung\/","title":{"rendered":"Schulleitung"},"content":{"rendered":"\t\t<div data-elementor-type=\"wp-post\" data-elementor-id=\"2707\" class=\"elementor elementor-2707\" data-elementor-post-type=\"post\">\n\t\t\t\t\t\t<section class=\"elementor-section elementor-top-section elementor-element elementor-element-6958eba elementor-section-boxed elementor-section-height-default elementor-section-height-default\" data-id=\"6958eba\" data-element_type=\"section\" data-e-type=\"section\" data-settings=\"{&quot;jet_parallax_layout_list&quot;:[]}\">\n\t\t\t\t\t\t<div class=\"elementor-container elementor-column-gap-default\">\n\t\t\t\t\t<div class=\"elementor-column elementor-col-25 elementor-top-column elementor-element elementor-element-50acb23\" data-id=\"50acb23\" data-element_type=\"column\" data-e-type=\"column\">\n\t\t\t<div class=\"elementor-widget-wrap elementor-element-populated\">\n\t\t\t\t\t\t<div class=\"elementor-element elementor-element-f8fcb02 elementor-widget elementor-widget-image\" data-id=\"f8fcb02\" data-element_type=\"widget\" data-e-type=\"widget\" data-widget_type=\"image.default\">\n\t\t\t\t<div class=\"elementor-widget-container\">\n\t\t\t\t\t\t\t\t\t\t\t\t\t\t\t<img fetchpriority=\"high\" decoding=\"async\" width=\"683\" height=\"1024\" src=\"https:\/\/www.willi-graf-schulen.de\/gymnasium\/wp-content\/uploads\/sites\/5\/2022\/09\/willi-graf-39-683x1024.jpg\" class=\"attachment-large size-large wp-image-9389\" alt=\"\" srcset=\"https:\/\/www.willi-graf-schulen.de\/gymnasium\/wp-content\/uploads\/sites\/5\/2022\/09\/willi-graf-39-683x1024.jpg 683w, https:\/\/www.willi-graf-schulen.de\/gymnasium\/wp-content\/uploads\/sites\/5\/2022\/09\/willi-graf-39-200x300.jpg 200w, https:\/\/www.willi-graf-schulen.de\/gymnasium\/wp-content\/uploads\/sites\/5\/2022\/09\/willi-graf-39-768x1152.jpg 768w, https:\/\/www.willi-graf-schulen.de\/gymnasium\/wp-content\/uploads\/sites\/5\/2022\/09\/willi-graf-39-600x900.jpg 600w, https:\/\/www.willi-graf-schulen.de\/gymnasium\/wp-content\/uploads\/sites\/5\/2022\/09\/willi-graf-39.jpg 867w\" sizes=\"(max-width: 683px) 100vw, 683px\" \/>\t\t\t\t\t\t\t\t\t\t\t\t\t\t\t<\/div>\n\t\t\t\t<\/div>\n\t\t\t\t<div class=\"elementor-element elementor-element-82c4c3f elementor-widget elementor-widget-text-editor\" data-id=\"82c4c3f\" data-element_type=\"widget\" data-e-type=\"widget\" data-widget_type=\"text-editor.default\">\n\t\t\t\t<div class=\"elementor-widget-container\">\n\t\t\t\t\t\t\t\t\t<p>Christian Dahlke<br \/>Schulleiter<\/p>\t\t\t\t\t\t\t\t<\/div>\n\t\t\t\t<\/div>\n\t\t\t\t\t<\/div>\n\t\t<\/div>\n\t\t\t\t<div class=\"elementor-column elementor-col-25 elementor-top-column elementor-element elementor-element-a0e19d2\" data-id=\"a0e19d2\" data-element_type=\"column\" data-e-type=\"column\">\n\t\t\t<div class=\"elementor-widget-wrap elementor-element-populated\">\n\t\t\t\t\t\t<div class=\"elementor-element elementor-element-9e82ecd elementor-widget elementor-widget-image\" data-id=\"9e82ecd\" data-element_type=\"widget\" data-e-type=\"widget\" data-widget_type=\"image.default\">\n\t\t\t\t<div class=\"elementor-widget-container\">\n\t\t\t\t\t\t\t\t\t\t\t\t\t\t\t<img decoding=\"async\" width=\"400\" height=\"600\" src=\"https:\/\/www.willi-graf-schulen.de\/gymnasium\/wp-content\/uploads\/sites\/5\/2015\/03\/reimers.jpg\" class=\"attachment-large size-large wp-image-10357\" alt=\"\" srcset=\"https:\/\/www.willi-graf-schulen.de\/gymnasium\/wp-content\/uploads\/sites\/5\/2015\/03\/reimers.jpg 400w, https:\/\/www.willi-graf-schulen.de\/gymnasium\/wp-content\/uploads\/sites\/5\/2015\/03\/reimers-200x300.jpg 200w\" sizes=\"(max-width: 400px) 100vw, 400px\" \/>\t\t\t\t\t\t\t\t\t\t\t\t\t\t\t<\/div>\n\t\t\t\t<\/div>\n\t\t\t\t<div class=\"elementor-element elementor-element-d41914f elementor-widget elementor-widget-text-editor\" data-id=\"d41914f\" data-element_type=\"widget\" data-e-type=\"widget\" data-widget_type=\"text-editor.default\">\n\t\t\t\t<div class=\"elementor-widget-container\">\n\t\t\t\t\t\t\t\t\t<p>Annemarie Reimers<br \/>Didaktische Leitung<\/p>\t\t\t\t\t\t\t\t<\/div>\n\t\t\t\t<\/div>\n\t\t\t\t\t<\/div>\n\t\t<\/div>\n\t\t\t\t<div class=\"elementor-column elementor-col-25 elementor-top-column elementor-element elementor-element-77c72f1\" data-id=\"77c72f1\" data-element_type=\"column\" data-e-type=\"column\">\n\t\t\t<div class=\"elementor-widget-wrap elementor-element-populated\">\n\t\t\t\t\t\t<div class=\"elementor-element elementor-element-5b5b157 elementor-widget elementor-widget-text-editor\" data-id=\"5b5b157\" data-element_type=\"widget\" data-e-type=\"widget\" data-widget_type=\"text-editor.default\">\n\t\t\t\t<div class=\"elementor-widget-container\">\n\t\t\t\t\t\t\t\t\t<p>Christine Wilksch<br \/>Stellvertretende Schulleiterin<\/p>\t\t\t\t\t\t\t\t<\/div>\n\t\t\t\t<\/div>\n\t\t\t\t\t<\/div>\n\t\t<\/div>\n\t\t\t\t<div class=\"elementor-column elementor-col-25 elementor-top-column elementor-element elementor-element-4968576\" data-id=\"4968576\" data-element_type=\"column\" data-e-type=\"column\">\n\t\t\t<div class=\"elementor-widget-wrap elementor-element-populated\">\n\t\t\t\t\t\t<div class=\"elementor-element elementor-element-f931729 elementor-widget elementor-widget-image\" data-id=\"f931729\" data-element_type=\"widget\" data-e-type=\"widget\" data-widget_type=\"image.default\">\n\t\t\t\t<div class=\"elementor-widget-container\">\n\t\t\t\t\t\t\t\t\t\t\t\t\t\t\t<img decoding=\"async\" width=\"400\" height=\"600\" src=\"https:\/\/www.willi-graf-schulen.de\/gymnasium\/wp-content\/uploads\/sites\/5\/2015\/03\/bramer.jpg\" class=\"attachment-large size-large wp-image-10354\" alt=\"\" srcset=\"https:\/\/www.willi-graf-schulen.de\/gymnasium\/wp-content\/uploads\/sites\/5\/2015\/03\/bramer.jpg 400w, https:\/\/www.willi-graf-schulen.de\/gymnasium\/wp-content\/uploads\/sites\/5\/2015\/03\/bramer-200x300.jpg 200w\" sizes=\"(max-width: 400px) 100vw, 400px\" \/>\t\t\t\t\t\t\t\t\t\t\t\t\t\t\t<\/div>\n\t\t\t\t<\/div>\n\t\t\t\t<div class=\"elementor-element elementor-element-5931a88 elementor-widget elementor-widget-text-editor\" data-id=\"5931a88\" data-element_type=\"widget\" data-e-type=\"widget\" data-widget_type=\"text-editor.default\">\n\t\t\t\t<div class=\"elementor-widget-container\">\n\t\t\t\t\t\t\t\t\t<p>Julia Bramer<br \/>Oberstufenleitung<\/p>\t\t\t\t\t\t\t\t<\/div>\n\t\t\t\t<\/div>\n\t\t\t\t\t<\/div>\n\t\t<\/div>\n\t\t\t\t\t<\/div>\n\t\t<\/section>\n\t\t\t\t<section class=\"elementor-section elementor-top-section elementor-element elementor-element-584129cc elementor-section-boxed elementor-section-height-default elementor-section-height-default\" data-id=\"584129cc\" data-element_type=\"section\" data-e-type=\"section\" data-settings=\"{&quot;jet_parallax_layout_list&quot;:[]}\">\n\t\t\t\t\t\t<div class=\"elementor-container elementor-column-gap-default\">\n\t\t\t\t\t<div class=\"elementor-column elementor-col-100 elementor-top-column elementor-element elementor-element-79c1c35c\" data-id=\"79c1c35c\" data-element_type=\"column\" data-e-type=\"column\">\n\t\t\t<div class=\"elementor-widget-wrap elementor-element-populated\">\n\t\t\t\t\t\t<div class=\"elementor-element elementor-element-6ffad7e7 elementor-widget elementor-widget-text-editor\" data-id=\"6ffad7e7\" data-element_type=\"widget\" data-e-type=\"widget\" data-widget_type=\"text-editor.default\">\n\t\t\t\t<div class=\"elementor-widget-container\">\n\t\t\t\t\t\t\t\t\t<h4>Koordinatoren:<\/h4><ul><li>Koordinatorin Unterstufe:<a href=\"mailto:julia.arbogast-kunkler@bistum-trier.de\"> Julia Arbogast-Kunkler<\/a><\/li><li>Koordinatorin Mittelstufe: <a href=\"mailto:christina.radermacher@bistum-trier.de\">Christina Radermacher<\/a><\/li><li>Koordinator Oberstufe: <a href=\"mailto:mark.kopp@bistum-trier.de\">Mark Kopp<\/a><a href=\"mailto:raoul.meurer@bistum-trier.de\"><br \/><\/a><\/li><li>Koordinatorin Mathematik: <a href=\"mailto:elisa.fried@bistum-trier.de\">Elisa Fried<\/a><\/li><li>Koordinator*in Franz\u00f6sisch\/Latein:\u00a0N.N.<\/li><li>Koordinatorin Deutsch: <a href=\"mailto:kerstin.rehlinger@bistum-trier.de\">Kerstin Rehlinger<\/a><\/li><li>Koordinatorin Englisch\/Sprachen: <a href=\"mailto:carolin.rauber@bistum-trier.de\">Carolin Rauber<\/a><\/li><li>Koordinatorin Naturwissenschaften: <a href=\"mailto:dorothea.potel@bistum-trier.de\">Dorothea Potel<\/a><\/li><li>Koordinatorin Schulverwaltung: <a href=\"mailto:sarah.jaeckels@bistum-trier.de\">Sarah J\u00e4ckels<\/a><\/li><li>Koordinator f\u00fcr besondere Aufgaben: <a href=\"mailto:holger.ringeisen@bistum-trier.de\">Holger Ringeisen<\/a><\/li><li>Koordinatorin Qualit\u00e4tsentwicklung und Berufsorientierung: <a href=\"mailto:christine.wilksch@bistum-trier.de\">Christine Wilksch<\/a><\/li><li>Koordinator IT &amp; Digitalisierung: Tim Kallenborn<\/li><\/ul>\t\t\t\t\t\t\t\t<\/div>\n\t\t\t\t<\/div>\n\t\t\t\t\t<\/div>\n\t\t<\/div>\n\t\t\t\t\t<\/div>\n\t\t<\/section>\n\t\t\t\t<section class=\"elementor-section elementor-top-section elementor-element elementor-element-2973d25d elementor-section-boxed elementor-section-height-default elementor-section-height-default\" data-id=\"2973d25d\" data-element_type=\"section\" data-e-type=\"section\" data-settings=\"{&quot;jet_parallax_layout_list&quot;:[]}\">\n\t\t\t\t\t\t<div class=\"elementor-container elementor-column-gap-default\">\n\t\t\t\t\t<div class=\"elementor-column elementor-col-100 elementor-top-column elementor-element elementor-element-5dbbed3\" data-id=\"5dbbed3\" data-element_type=\"column\" data-e-type=\"column\">\n\t\t\t<div class=\"elementor-widget-wrap\">\n\t\t\t\t\t\t\t<\/div>\n\t\t<\/div>\n\t\t\t\t\t<\/div>\n\t\t<\/section>\n\t\t\t\t<\/div>\n\t\t","protected":false},"excerpt":{"rendered":"<p>Christian DahlkeSchulleiter Annemarie ReimersDidaktische Leitung Christine WilkschStellvertretende Schulleiterin Julia BramerOberstufenleitung Koordinatoren: Koordinatorin Unterstufe: Julia Arbogast-Kunkler Koordinatorin Mittelstufe: Christina Radermacher Koordinator Oberstufe: Mark Kopp Koordinatorin Mathematik: Elisa Fried Koordinator*in Franz\u00f6sisch\/Latein:\u00a0N.N. Koordinatorin Deutsch: Kerstin Rehlinger Koordinatorin Englisch\/Sprachen: Carolin Rauber Koordinatorin Naturwissenschaften: Dorothea Potel Koordinatorin Schulverwaltung: Sarah J\u00e4ckels Koordinator f\u00fcr besondere Aufgaben: Holger Ringeisen Koordinatorin Qualit\u00e4tsentwicklung und Berufsorientierung: [&hellip;]<\/p>\n","protected":false},"author":1,"featured_media":0,"comment_status":"open","ping_status":"open","sticky":false,"template":"","format":"standard","meta":{"footnotes":""},"categories":[20],"tags":[],"class_list":["post-2707","post","type-post","status-publish","format-standard","hentry","category-gemeinsam-stark"],"_links":{"self":[{"href":"https:\/\/www.willi-graf-schulen.de\/gymnasium\/wp-json\/wp\/v2\/posts\/2707","targetHints":{"allow":["GET"]}}],"collection":[{"href":"https:\/\/www.willi-graf-schulen.de\/gymnasium\/wp-json\/wp\/v2\/posts"}],"about":[{"href":"https:\/\/www.willi-graf-schulen.de\/gymnasium\/wp-json\/wp\/v2\/types\/post"}],"author":[{"embeddable":true,"href":"https:\/\/www.willi-graf-schulen.de\/gymnasium\/wp-json\/wp\/v2\/users\/1"}],"replies":[{"embeddable":true,"href":"https:\/\/www.willi-graf-schulen.de\/gymnasium\/wp-json\/wp\/v2\/comments?post=2707"}],"version-history":[{"count":61,"href":"https:\/\/www.willi-graf-schulen.de\/gymnasium\/wp-json\/wp\/v2\/posts\/2707\/revisions"}],"predecessor-version":[{"id":19505,"href":"https:\/\/www.willi-graf-schulen.de\/gymnasium\/wp-json\/wp\/v2\/posts\/2707\/revisions\/19505"}],"wp:attachment":[{"href":"https:\/\/www.willi-graf-schulen.de\/gymnasium\/wp-json\/wp\/v2\/media?parent=2707"}],"wp:term":[{"taxonomy":"category","embeddable":true,"href":"https:\/\/www.willi-graf-schulen.de\/gymnasium\/wp-json\/wp\/v2\/categories?post=2707"},{"taxonomy":"post_tag","embeddable":true,"href":"https:\/\/www.willi-graf-schulen.de\/gymnasium\/wp-json\/wp\/v2\/tags?post=2707"}],"curies":[{"name":"wp","href":"https:\/\/api.w.org\/{rel}","templated":true}]}}