{"id":2733,"date":"2015-03-28T16:57:02","date_gmt":"2015-03-28T15:57:02","guid":{"rendered":"https:\/\/www.willi-graf-schulen.de\/gymnasium\/elternvertretung\/"},"modified":"2026-04-27T19:18:01","modified_gmt":"2026-04-27T17:18:01","slug":"elternvertretung","status":"publish","type":"post","link":"https:\/\/www.willi-graf-schulen.de\/gymnasium\/elternvertretung\/","title":{"rendered":"Elternvertretung"},"content":{"rendered":"\t\t<div data-elementor-type=\"wp-post\" data-elementor-id=\"2733\" class=\"elementor elementor-2733\" data-elementor-post-type=\"post\">\n\t\t\t\t\t\t<section class=\"elementor-section elementor-top-section elementor-element elementor-element-5e6677f elementor-section-boxed elementor-section-height-default elementor-section-height-default\" data-id=\"5e6677f\" data-element_type=\"section\" data-e-type=\"section\" data-settings=\"{&quot;jet_parallax_layout_list&quot;:[]}\">\n\t\t\t\t\t\t<div class=\"elementor-container elementor-column-gap-default\">\n\t\t\t\t\t<div class=\"elementor-column elementor-col-100 elementor-top-column elementor-element elementor-element-bf90f3f\" data-id=\"bf90f3f\" data-element_type=\"column\" data-e-type=\"column\">\n\t\t\t<div class=\"elementor-widget-wrap elementor-element-populated\">\n\t\t\t\t\t\t<section class=\"elementor-section elementor-inner-section elementor-element elementor-element-7cdf0e1 elementor-section-boxed elementor-section-height-default elementor-section-height-default\" data-id=\"7cdf0e1\" data-element_type=\"section\" data-e-type=\"section\" data-settings=\"{&quot;jet_parallax_layout_list&quot;:[]}\">\n\t\t\t\t\t\t<div class=\"elementor-container elementor-column-gap-default\">\n\t\t\t\t\t<div class=\"elementor-column elementor-col-50 elementor-inner-column elementor-element elementor-element-8d7b819\" data-id=\"8d7b819\" data-element_type=\"column\" data-e-type=\"column\">\n\t\t\t<div class=\"elementor-widget-wrap elementor-element-populated\">\n\t\t\t\t\t\t\t<\/div>\n\t\t<\/div>\n\t\t\t\t<div class=\"elementor-column elementor-col-50 elementor-inner-column elementor-element elementor-element-a1fb061\" data-id=\"a1fb061\" data-element_type=\"column\" data-e-type=\"column\">\n\t\t\t<div class=\"elementor-widget-wrap elementor-element-populated\">\n\t\t\t\t\t\t<div class=\"elementor-element elementor-element-999967c elementor-widget__width-initial elementor-widget elementor-widget-text-editor\" data-id=\"999967c\" data-element_type=\"widget\" data-e-type=\"widget\" data-widget_type=\"text-editor.default\">\n\t\t\t\t<div class=\"elementor-widget-container\">\n\t\t\t\t\t\t\t\t\t<h3 style=\"text-align: center\">Carlo Emmerich &amp; Sandra Braun<\/h3>\n<p>Gemeinsam mit den Elternvertretern aller Klassen m\u00f6chten wir uns an der Planung von Veranstaltungen der Schule und der Erweiterung des p\u00e4dagogischen Konzepts des Willi-Graf-Gymnasiums in Zusammenarbeit mit der Sch\u00fclervertretung, dem Kollegium und der Schulleitung aktiv beteiligen.<\/p>\n<p>In den verschiedenen Gremien der Schule sind wir Elternvertreter als beratende oder stimmberechtigte Mitglieder beteiligt. Dadurch ergeben sich vielf\u00e4ltige M\u00f6glichkeiten am schulischen Leben mitzuwirken in:<\/p>\n<p>&#8211; Fachkonferenzen<\/p>\n<p>&#8211; Gesamtkonferenz<\/p>\n<p>&#8211; Schulkonferenz<\/p>\n<p>&#8211; Elternversammlung.<\/p>\n<p>\u00dcber diese Arbeit in den Gremien hinaus m\u00f6chten wir uns vor allem in die kulturell-geselligen als auch p\u00e4dagogischen Angebote der Schule einbringen. So ist eine Mitarbeit am Schulfest, am Tag der offenen T\u00fcr, an den Konzerten der Schule und in Elternseminaren selbstverst\u00e4ndlich.<\/p>\n<p>Das Motto des Namensgebers unserer Schule, Willi Graf, ist auch f\u00fcr uns Verpflichtung:\u00a0Jeder Einzelne tr\u00e4gt die ganze Verantwortung.\u00a0Und wir leisten gerne unseren Beitrag gem\u00e4\u00df dem Leitbild unserer Schule:\u00a0Den ganzen Menschen bilden.<\/p>\t\t\t\t\t\t\t\t<\/div>\n\t\t\t\t<\/div>\n\t\t\t\t\t<\/div>\n\t\t<\/div>\n\t\t\t\t\t<\/div>\n\t\t<\/section>\n\t\t\t\t\t<\/div>\n\t\t<\/div>\n\t\t\t\t\t<\/div>\n\t\t<\/section>\n\t\t\t\t<\/div>\n\t\t","protected":false},"excerpt":{"rendered":"<p>Carlo Emmerich &amp; Sandra Braun Gemeinsam mit den Elternvertretern aller Klassen m\u00f6chten wir uns an der Planung von Veranstaltungen der Schule und der Erweiterung des p\u00e4dagogischen Konzepts des Willi-Graf-Gymnasiums in Zusammenarbeit mit der Sch\u00fclervertretung, dem Kollegium und der Schulleitung aktiv beteiligen. In den verschiedenen Gremien der Schule sind wir Elternvertreter als beratende oder stimmberechtigte Mitglieder [&hellip;]<\/p>\n","protected":false},"author":1,"featured_media":19988,"comment_status":"open","ping_status":"open","sticky":false,"template":"","format":"standard","meta":{"footnotes":""},"categories":[20],"tags":[],"class_list":["post-2733","post","type-post","status-publish","format-standard","has-post-thumbnail","hentry","category-gemeinsam-stark"],"_links":{"self":[{"href":"https:\/\/www.willi-graf-schulen.de\/gymnasium\/wp-json\/wp\/v2\/posts\/2733","targetHints":{"allow":["GET"]}}],"collection":[{"href":"https:\/\/www.willi-graf-schulen.de\/gymnasium\/wp-json\/wp\/v2\/posts"}],"about":[{"href":"https:\/\/www.willi-graf-schulen.de\/gymnasium\/wp-json\/wp\/v2\/types\/post"}],"author":[{"embeddable":true,"href":"https:\/\/www.willi-graf-schulen.de\/gymnasium\/wp-json\/wp\/v2\/users\/1"}],"replies":[{"embeddable":true,"href":"https:\/\/www.willi-graf-schulen.de\/gymnasium\/wp-json\/wp\/v2\/comments?post=2733"}],"version-history":[{"count":38,"href":"https:\/\/www.willi-graf-schulen.de\/gymnasium\/wp-json\/wp\/v2\/posts\/2733\/revisions"}],"predecessor-version":[{"id":19992,"href":"https:\/\/www.willi-graf-schulen.de\/gymnasium\/wp-json\/wp\/v2\/posts\/2733\/revisions\/19992"}],"wp:featuredmedia":[{"embeddable":true,"href":"https:\/\/www.willi-graf-schulen.de\/gymnasium\/wp-json\/wp\/v2\/media\/19988"}],"wp:attachment":[{"href":"https:\/\/www.willi-graf-schulen.de\/gymnasium\/wp-json\/wp\/v2\/media?parent=2733"}],"wp:term":[{"taxonomy":"category","embeddable":true,"href":"https:\/\/www.willi-graf-schulen.de\/gymnasium\/wp-json\/wp\/v2\/categories?post=2733"},{"taxonomy":"post_tag","embeddable":true,"href":"https:\/\/www.willi-graf-schulen.de\/gymnasium\/wp-json\/wp\/v2\/tags?post=2733"}],"curies":[{"name":"wp","href":"https:\/\/api.w.org\/{rel}","templated":true}]}}