{"id":2785,"date":"2015-03-28T17:22:57","date_gmt":"2015-03-28T16:22:57","guid":{"rendered":"https:\/\/www.willi-graf-schulen.de\/gymnasium\/mathewerkstatt\/"},"modified":"2023-01-03T17:21:03","modified_gmt":"2023-01-03T16:21:03","slug":"mathewerkstatt","status":"publish","type":"post","link":"https:\/\/www.willi-graf-schulen.de\/gymnasium\/mathewerkstatt\/","title":{"rendered":"Mathewerkstatt"},"content":{"rendered":"\t\t<div data-elementor-type=\"wp-post\" data-elementor-id=\"2785\" class=\"elementor elementor-2785\" data-elementor-post-type=\"post\">\n\t\t\t\t\t\t<section class=\"elementor-section elementor-top-section elementor-element elementor-element-7fa30c0d elementor-section-boxed elementor-section-height-default elementor-section-height-default\" data-id=\"7fa30c0d\" data-element_type=\"section\" data-e-type=\"section\" data-settings=\"{&quot;jet_parallax_layout_list&quot;:[]}\">\n\t\t\t\t\t\t<div class=\"elementor-container elementor-column-gap-default\">\n\t\t\t\t\t<div class=\"elementor-column elementor-col-100 elementor-top-column elementor-element elementor-element-f96d1b4\" data-id=\"f96d1b4\" data-element_type=\"column\" data-e-type=\"column\">\n\t\t\t<div class=\"elementor-widget-wrap\">\n\t\t\t\t\t\t\t<\/div>\n\t\t<\/div>\n\t\t\t\t\t<\/div>\n\t\t<\/section>\n\t\t\t\t<section class=\"elementor-section elementor-top-section elementor-element elementor-element-9b67e0f elementor-section-boxed elementor-section-height-default elementor-section-height-default\" data-id=\"9b67e0f\" data-element_type=\"section\" data-e-type=\"section\" data-settings=\"{&quot;jet_parallax_layout_list&quot;:[]}\">\n\t\t\t\t\t\t<div class=\"elementor-container elementor-column-gap-default\">\n\t\t\t\t\t<div class=\"elementor-column elementor-col-100 elementor-top-column elementor-element elementor-element-99add83\" data-id=\"99add83\" data-element_type=\"column\" data-e-type=\"column\">\n\t\t\t<div class=\"elementor-widget-wrap elementor-element-populated\">\n\t\t\t\t\t\t<div class=\"elementor-element elementor-element-1fd97df elementor-widget elementor-widget-text-editor\" data-id=\"1fd97df\" data-element_type=\"widget\" data-e-type=\"widget\" data-widget_type=\"text-editor.default\">\n\t\t\t\t<div class=\"elementor-widget-container\">\n\t\t\t\t\t\t\t\t\t<p><span style=\"font-weight: 400\">Mit Beginn des Schuljahres 2012\/2013 ist am Willi-Graf-Gymnasium eine \u201eMathewerkstatt\u201c gestartet.\u00a0<\/span><\/p><p><span style=\"font-weight: 400\">Idee des Projektes ist<\/span><\/p><ul><li style=\"font-weight: 400\"><span style=\"font-weight: 400\">mathematisch interessierten Sch\u00fclerinnen und Sch\u00fclern Gelegenheit zu geben, sich \u00fcber den Unterrichtsstoff hinaus mit weiterf\u00fchrenden Fragestellungen der Mathematik zu besch\u00e4ftigen und\u00a0<\/span><\/li><li style=\"font-weight: 400\"><span style=\"font-weight: 400\">Hilfe anzubieten, wenn Unterrichtsstoff vertieft oder gefestigt werden soll.<\/span><\/li><\/ul><p><span style=\"font-weight: 400\">Die Mathewerkstatt ist offen f\u00fcr alle Sch\u00fclerinnen und Sch\u00fcler von Klasse 5 bis 12. Die Teilnahme ist vollkommen freiwillig. Man muss sich nicht anmelden und man bleibt so lange man will.\u00a0<\/span><\/p><p><b>\u00a0Alle, die Spa\u00df an Mathe haben, treffen sich<\/b><\/p><p><b>Wann<\/b><span style=\"font-weight: 400\">:\u00a0 montags und donnerstags, 7. und 8. Stunde<\/span><\/p><p><b>Wo<\/b><span style=\"font-weight: 400\">: \u00a0\u00a0\u00a0\u00a0\u00a0Raum O41<\/span><\/p><p><b>W\u00e4hrend der \u00d6ffnungszeiten sind immer ein oder zwei Mathematiklehrer als Ansprechpartner anwesend, die weiterhelfen, wenn Fragen auftauchen.<\/b><\/p><p><span style=\"font-weight: 400\">In der Mathewerkstatt bietet sich die Gelegenheit:<\/span><\/p><ul><li style=\"font-weight: 400\"><span style=\"font-weight: 400\">nachzufragen, wenn morgens im Unterricht etwas nicht verstanden wurde,<\/span><\/li><li style=\"font-weight: 400\"><span style=\"font-weight: 400\">mit Arbeitsbl\u00e4ttern zu arbeiten z. B. zur Vorbereitung auf Klassenarbeiten, zum Wiederholen wichtiger mathematischer Inhalte und zum \u00dcben und Festigen der Themenstellungen,<\/span><\/li><li style=\"font-weight: 400\"><span style=\"font-weight: 400\">sich auf die Abiturpr\u00fcfung vorzubereiten (mit Aufgabensammlungen, abitur\u00e4hnlichen Aufgaben, Abituraufgaben aus anderen Bundesl\u00e4ndern),<\/span><\/li><\/ul>\t\t\t\t\t\t\t\t<\/div>\n\t\t\t\t<\/div>\n\t\t\t\t\t<\/div>\n\t\t<\/div>\n\t\t\t\t\t<\/div>\n\t\t<\/section>\n\t\t\t\t<section class=\"elementor-section elementor-top-section elementor-element elementor-element-36fa9e9 elementor-section-boxed elementor-section-height-default elementor-section-height-default\" data-id=\"36fa9e9\" data-element_type=\"section\" data-e-type=\"section\" data-settings=\"{&quot;jet_parallax_layout_list&quot;:[]}\">\n\t\t\t\t\t\t<div class=\"elementor-container elementor-column-gap-default\">\n\t\t\t\t\t<div class=\"elementor-column elementor-col-100 elementor-top-column elementor-element elementor-element-4b088a0\" data-id=\"4b088a0\" data-element_type=\"column\" data-e-type=\"column\">\n\t\t\t<div class=\"elementor-widget-wrap elementor-element-populated\">\n\t\t\t\t\t\t<div class=\"elementor-element elementor-element-9280b7a elementor-widget elementor-widget-gallery\" data-id=\"9280b7a\" data-element_type=\"widget\" data-e-type=\"widget\" data-settings=\"{&quot;gap&quot;:{&quot;unit&quot;:&quot;px&quot;,&quot;size&quot;:&quot;1&quot;,&quot;sizes&quot;:[]},&quot;lazyload&quot;:&quot;yes&quot;,&quot;gallery_layout&quot;:&quot;grid&quot;,&quot;columns&quot;:4,&quot;columns_tablet&quot;:2,&quot;columns_mobile&quot;:1,&quot;gap_tablet&quot;:{&quot;unit&quot;:&quot;px&quot;,&quot;size&quot;:10,&quot;sizes&quot;:[]},&quot;gap_mobile&quot;:{&quot;unit&quot;:&quot;px&quot;,&quot;size&quot;:10,&quot;sizes&quot;:[]},&quot;link_to&quot;:&quot;file&quot;,&quot;aspect_ratio&quot;:&quot;3:2&quot;,&quot;overlay_background&quot;:&quot;yes&quot;,&quot;content_hover_animation&quot;:&quot;fade-in&quot;}\" data-widget_type=\"gallery.default\">\n\t\t\t\t<div class=\"elementor-widget-container\">\n\t\t\t\t\t\t\t<div class=\"elementor-gallery__container\">\n\t\t\t\t\t\t\t<a class=\"e-gallery-item elementor-gallery-item elementor-animated-content\" href=\"https:\/\/www.willi-graf-schulen.de\/gymnasium\/wp-content\/uploads\/sites\/5\/2015\/03\/2019_Mathewerkstatt_3.jpeg\" data-elementor-open-lightbox=\"yes\" data-elementor-lightbox-slideshow=\"9280b7a\" data-elementor-lightbox-title=\"2019 Mathewerkstatt 3\" data-e-action-hash=\"#elementor-action%3Aaction%3Dlightbox%26settings%3DeyJpZCI6Mjc4MywidXJsIjoiaHR0cHM6XC9cL3d3dy53aWxsaS1ncmFmLXNjaHVsZW4uZGVcL2d5bW5hc2l1bVwvd3AtY29udGVudFwvdXBsb2Fkc1wvc2l0ZXNcLzVcLzIwMTVcLzAzXC8yMDE5X01hdGhld2Vya3N0YXR0XzMuanBlZyIsInNsaWRlc2hvdyI6IjkyODBiN2EifQ%3D%3D\">\n\t\t\t\t\t<div class=\"e-gallery-image elementor-gallery-item__image\" data-thumbnail=\"https:\/\/www.willi-graf-schulen.de\/gymnasium\/wp-content\/uploads\/sites\/5\/2015\/03\/2019_Mathewerkstatt_3-300x223.jpeg\" data-width=\"300\" data-height=\"223\" aria-label=\"2019 Mathewerkstatt 3\" role=\"img\" ><\/div>\n\t\t\t\t\t\t\t\t\t\t\t<div class=\"elementor-gallery-item__overlay\"><\/div>\n\t\t\t\t\t\t\t\t\t\t\t\t\t\t<\/a>\n\t\t\t\t\t\t\t<a class=\"e-gallery-item elementor-gallery-item elementor-animated-content\" href=\"https:\/\/www.willi-graf-schulen.de\/gymnasium\/wp-content\/uploads\/sites\/5\/2015\/03\/2019_Mathewerkstatt_2.jpeg\" data-elementor-open-lightbox=\"yes\" data-elementor-lightbox-slideshow=\"9280b7a\" data-elementor-lightbox-title=\"2019 Mathewerkstatt 2\" data-e-action-hash=\"#elementor-action%3Aaction%3Dlightbox%26settings%3DeyJpZCI6Mjc4NCwidXJsIjoiaHR0cHM6XC9cL3d3dy53aWxsaS1ncmFmLXNjaHVsZW4uZGVcL2d5bW5hc2l1bVwvd3AtY29udGVudFwvdXBsb2Fkc1wvc2l0ZXNcLzVcLzIwMTVcLzAzXC8yMDE5X01hdGhld2Vya3N0YXR0XzIuanBlZyIsInNsaWRlc2hvdyI6IjkyODBiN2EifQ%3D%3D\">\n\t\t\t\t\t<div class=\"e-gallery-image elementor-gallery-item__image\" data-thumbnail=\"https:\/\/www.willi-graf-schulen.de\/gymnasium\/wp-content\/uploads\/sites\/5\/2015\/03\/2019_Mathewerkstatt_2-300x225.jpeg\" data-width=\"300\" data-height=\"225\" aria-label=\"2019 Mathewerkstatt 2\" role=\"img\" ><\/div>\n\t\t\t\t\t\t\t\t\t\t\t<div class=\"elementor-gallery-item__overlay\"><\/div>\n\t\t\t\t\t\t\t\t\t\t\t\t\t\t<\/a>\n\t\t\t\t\t\t\t<a class=\"e-gallery-item elementor-gallery-item elementor-animated-content\" href=\"https:\/\/www.willi-graf-schulen.de\/gymnasium\/wp-content\/uploads\/sites\/5\/2020\/02\/Mathewerkstatt_2020_01_Titel.jpeg\" data-elementor-open-lightbox=\"yes\" data-elementor-lightbox-slideshow=\"9280b7a\" data-elementor-lightbox-title=\"Mathewerkstatt 2020 01 Titel\" data-e-action-hash=\"#elementor-action%3Aaction%3Dlightbox%26settings%3DeyJpZCI6Mzk1NiwidXJsIjoiaHR0cHM6XC9cL3d3dy53aWxsaS1ncmFmLXNjaHVsZW4uZGVcL2d5bW5hc2l1bVwvd3AtY29udGVudFwvdXBsb2Fkc1wvc2l0ZXNcLzVcLzIwMjBcLzAyXC9NYXRoZXdlcmtzdGF0dF8yMDIwXzAxX1RpdGVsLmpwZWciLCJzbGlkZXNob3ciOiI5MjgwYjdhIn0%3D\">\n\t\t\t\t\t<div class=\"e-gallery-image elementor-gallery-item__image\" data-thumbnail=\"https:\/\/www.willi-graf-schulen.de\/gymnasium\/wp-content\/uploads\/sites\/5\/2020\/02\/Mathewerkstatt_2020_01_Titel-300x225.jpeg\" data-width=\"300\" data-height=\"225\" aria-label=\"Mathewerkstatt 2020 01 Titel\" role=\"img\" ><\/div>\n\t\t\t\t\t\t\t\t\t\t\t<div class=\"elementor-gallery-item__overlay\"><\/div>\n\t\t\t\t\t\t\t\t\t\t\t\t\t\t<\/a>\n\t\t\t\t\t\t\t<a class=\"e-gallery-item elementor-gallery-item elementor-animated-content\" href=\"https:\/\/www.willi-graf-schulen.de\/gymnasium\/wp-content\/uploads\/sites\/5\/2022\/08\/Mathe_2017_7.jpg\" data-elementor-open-lightbox=\"yes\" data-elementor-lightbox-slideshow=\"9280b7a\" data-elementor-lightbox-title=\"Mathe_2017_7\" data-e-action-hash=\"#elementor-action%3Aaction%3Dlightbox%26settings%3DeyJpZCI6Njk5NCwidXJsIjoiaHR0cHM6XC9cL3d3dy53aWxsaS1ncmFmLXNjaHVsZW4uZGVcL2d5bW5hc2l1bVwvd3AtY29udGVudFwvdXBsb2Fkc1wvc2l0ZXNcLzVcLzIwMjJcLzA4XC9NYXRoZV8yMDE3XzcuanBnIiwic2xpZGVzaG93IjoiOTI4MGI3YSJ9\">\n\t\t\t\t\t<div class=\"e-gallery-image elementor-gallery-item__image\" data-thumbnail=\"https:\/\/www.willi-graf-schulen.de\/gymnasium\/wp-content\/uploads\/sites\/5\/2022\/08\/Mathe_2017_7-225x300.jpg\" data-width=\"225\" data-height=\"300\" aria-label=\"\" role=\"img\" ><\/div>\n\t\t\t\t\t\t\t\t\t\t\t<div class=\"elementor-gallery-item__overlay\"><\/div>\n\t\t\t\t\t\t\t\t\t\t\t\t\t\t<\/a>\n\t\t\t\t\t<\/div>\n\t\t\t\t\t<\/div>\n\t\t\t\t<\/div>\n\t\t\t\t\t<\/div>\n\t\t<\/div>\n\t\t\t\t\t<\/div>\n\t\t<\/section>\n\t\t\t\t<\/div>\n\t\t","protected":false},"excerpt":{"rendered":"<p style=\"color: #000000;font-family: Arial, Helvetica, sans-serif;font-size: 14px;line-height: 18.719999313354492px\"><span style=\"font-size: 10pt\"><span style=\"font-family: arial, helvetica, sans-serif\"><img fetchpriority=\"high\" decoding=\"async\" class=\" alignleft size-full wp-image-2781\" src=\"https:\/\/www.willi-graf-schulen.de\/gymnasium\/wp-content\/uploads\/sites\/5\/2015\/03\/2019_Mathewerkstatt_1.jpeg\" alt=\"2019 Mathewerkstatt 1\" width=\"337\" height=\"253\" style=\"margin-right: 30px;margin-bottom: 10px;float: left\" srcset=\"https:\/\/www.willi-graf-schulen.de\/gymnasium\/wp-content\/uploads\/sites\/5\/2015\/03\/2019_Mathewerkstatt_1.jpeg 1000w, https:\/\/www.willi-graf-schulen.de\/gymnasium\/wp-content\/uploads\/sites\/5\/2015\/03\/2019_Mathewerkstatt_1-300x225.jpeg 300w, https:\/\/www.willi-graf-schulen.de\/gymnasium\/wp-content\/uploads\/sites\/5\/2015\/03\/2019_Mathewerkstatt_1-768x576.jpeg 768w, https:\/\/www.willi-graf-schulen.de\/gymnasium\/wp-content\/uploads\/sites\/5\/2015\/03\/2019_Mathewerkstatt_1-600x450.jpeg 600w\" sizes=\"(max-width: 337px) 100vw, 337px\" \/>Mit Beginn des Schuljahres 2012\/2013 ist am Willi-Graf-Gymnasium eine &bdquo;Mathewerkstatt&ldquo; gestartet.&nbsp;<\/span><\/span><\/p>\n<p><span style=\"font-size: 10pt;font-family: arial, helvetica, sans-serif\">Idee des Projektes ist<\/span><\/p>\n<ul style=\"color: #000000;font-family: Arial, Helvetica, sans-serif;font-size: 14px;line-height: 18.719999313354492px\">\n<li><span style=\"font-size: 10pt;font-family: arial, helvetica, sans-serif\">mathematisch interessierten Sch&uuml;lerinnen und Sch&uuml;lern Gelegenheit zu geben, sich &uuml;ber den Unterrichtsstoff hinaus mit weiterf&uuml;hrenden Fragestellungen der Mathematik zu besch&auml;ftigen und&nbsp;<\/span><\/li>\n<li><span style=\"font-size: 10pt;font-family: arial, helvetica, sans-serif\"><\/span><span style=\"font-size: 10pt;font-family: arial, helvetica, sans-serif\">Hilfe anzubieten, wenn Unterrichtsstoff vertieft oder gefestigt werden soll.<\/span><\/li>\n<\/ul>\n<p style=\"color: #000000;font-family: Arial, Helvetica, sans-serif;font-size: 14px;line-height: 18.719999313354492px\"><span style=\"font-size: 10pt;font-family: arial, helvetica, sans-serif\">Die Mathewerkstatt ist offen f&uuml;r alle Sch&uuml;lerinnen und Sch&uuml;ler von Klasse 5 bis 12. Die Teilnahme ist vollkommen freiwillig. Man muss sich nicht anmelden und man bleibt solange man will.<\/span><\/p>\n","protected":false},"author":1,"featured_media":2781,"comment_status":"open","ping_status":"open","sticky":false,"template":"","format":"standard","meta":{"footnotes":""},"categories":[1],"tags":[],"class_list":["post-2785","post","type-post","status-publish","format-standard","has-post-thumbnail","hentry","category-dein-weg-am-wgg"],"_links":{"self":[{"href":"https:\/\/www.willi-graf-schulen.de\/gymnasium\/wp-json\/wp\/v2\/posts\/2785","targetHints":{"allow":["GET"]}}],"collection":[{"href":"https:\/\/www.willi-graf-schulen.de\/gymnasium\/wp-json\/wp\/v2\/posts"}],"about":[{"href":"https:\/\/www.willi-graf-schulen.de\/gymnasium\/wp-json\/wp\/v2\/types\/post"}],"author":[{"embeddable":true,"href":"https:\/\/www.willi-graf-schulen.de\/gymnasium\/wp-json\/wp\/v2\/users\/1"}],"replies":[{"embeddable":true,"href":"https:\/\/www.willi-graf-schulen.de\/gymnasium\/wp-json\/wp\/v2\/comments?post=2785"}],"version-history":[{"count":13,"href":"https:\/\/www.willi-graf-schulen.de\/gymnasium\/wp-json\/wp\/v2\/posts\/2785\/revisions"}],"predecessor-version":[{"id":12411,"href":"https:\/\/www.willi-graf-schulen.de\/gymnasium\/wp-json\/wp\/v2\/posts\/2785\/revisions\/12411"}],"wp:featuredmedia":[{"embeddable":true,"href":"https:\/\/www.willi-graf-schulen.de\/gymnasium\/wp-json\/wp\/v2\/media\/2781"}],"wp:attachment":[{"href":"https:\/\/www.willi-graf-schulen.de\/gymnasium\/wp-json\/wp\/v2\/media?parent=2785"}],"wp:term":[{"taxonomy":"category","embeddable":true,"href":"https:\/\/www.willi-graf-schulen.de\/gymnasium\/wp-json\/wp\/v2\/categories?post=2785"},{"taxonomy":"post_tag","embeddable":true,"href":"https:\/\/www.willi-graf-schulen.de\/gymnasium\/wp-json\/wp\/v2\/tags?post=2785"}],"curies":[{"name":"wp","href":"https:\/\/api.w.org\/{rel}","templated":true}]}}