{"id":2894,"date":"2015-03-28T19:45:09","date_gmt":"2015-03-28T18:45:09","guid":{"rendered":"https:\/\/www.willi-graf-schulen.de\/gymnasium\/gos-einfuehrungsphase-stufe-10\/"},"modified":"2026-01-26T06:03:38","modified_gmt":"2026-01-26T05:03:38","slug":"gos-einfuehrungsphase-stufe-10","status":"publish","type":"post","link":"https:\/\/www.willi-graf-schulen.de\/gymnasium\/gos-einfuehrungsphase-stufe-10\/","title":{"rendered":"GOS Einf\u00fchrungsphase: Stufe 10"},"content":{"rendered":"\t\t<div data-elementor-type=\"wp-post\" data-elementor-id=\"2894\" class=\"elementor elementor-2894\" data-elementor-post-type=\"post\">\n\t\t\t\t\t\t<section class=\"elementor-section elementor-top-section elementor-element elementor-element-2c5b4a2c elementor-section-boxed elementor-section-height-default elementor-section-height-default\" data-id=\"2c5b4a2c\" data-element_type=\"section\" data-e-type=\"section\" data-settings=\"{&quot;jet_parallax_layout_list&quot;:[]}\">\n\t\t\t\t\t\t<div class=\"elementor-container elementor-column-gap-default\">\n\t\t\t\t\t<div class=\"elementor-column elementor-col-100 elementor-top-column elementor-element elementor-element-1e4cf83a\" data-id=\"1e4cf83a\" data-element_type=\"column\" data-e-type=\"column\">\n\t\t\t<div class=\"elementor-widget-wrap elementor-element-populated\">\n\t\t\t\t\t\t<section class=\"elementor-section elementor-inner-section elementor-element elementor-element-ef5ec28 elementor-section-boxed elementor-section-height-default elementor-section-height-default\" data-id=\"ef5ec28\" data-element_type=\"section\" data-e-type=\"section\" data-settings=\"{&quot;jet_parallax_layout_list&quot;:[]}\">\n\t\t\t\t\t\t<div class=\"elementor-container elementor-column-gap-default\">\n\t\t\t\t\t<div class=\"elementor-column elementor-col-100 elementor-inner-column elementor-element elementor-element-c235d81\" data-id=\"c235d81\" data-element_type=\"column\" data-e-type=\"column\">\n\t\t\t<div class=\"elementor-widget-wrap elementor-element-populated\">\n\t\t\t\t\t\t<div class=\"elementor-element elementor-element-234e71c elementor-widget elementor-widget-text-editor\" data-id=\"234e71c\" data-element_type=\"widget\" data-e-type=\"widget\" data-widget_type=\"text-editor.default\">\n\t\t\t\t<div class=\"elementor-widget-container\">\n\t\t\t\t\t\t\t\t\t<p>Im Schuljahr 2026\/27 tritt der letzte G8 Jahrgang in die Hauptphase der GOS ein. <a href=\"https:\/\/www.willi-graf-schulen.de\/gymnasium\/wp-content\/uploads\/sites\/5\/2026\/01\/GOS_HP_Kurswahl_Info_10_OSS_WEB-2026-v3.pdf\">Hier<\/a> finden Sie die wichtigsten Regelungen bez\u00fcglich der Kurswahl.<\/p>\t\t\t\t\t\t\t\t<\/div>\n\t\t\t\t<\/div>\n\t\t\t\t\t<\/div>\n\t\t<\/div>\n\t\t\t\t\t<\/div>\n\t\t<\/section>\n\t\t\t\t\t<\/div>\n\t\t<\/div>\n\t\t\t\t\t<\/div>\n\t\t<\/section>\n\t\t\t\t<section class=\"elementor-section elementor-top-section elementor-element elementor-element-7d90b8a elementor-section-boxed elementor-section-height-default elementor-section-height-default\" data-id=\"7d90b8a\" data-element_type=\"section\" data-e-type=\"section\" data-settings=\"{&quot;jet_parallax_layout_list&quot;:[]}\">\n\t\t\t\t\t\t<div class=\"elementor-container elementor-column-gap-default\">\n\t\t\t\t\t<div class=\"elementor-column elementor-col-100 elementor-top-column elementor-element elementor-element-aab05b7\" data-id=\"aab05b7\" data-element_type=\"column\" data-e-type=\"column\">\n\t\t\t<div class=\"elementor-widget-wrap elementor-element-populated\">\n\t\t\t\t\t\t<div class=\"elementor-element elementor-element-5d95403 elementor-widget elementor-widget-accordion\" data-id=\"5d95403\" data-element_type=\"widget\" data-e-type=\"widget\" data-widget_type=\"accordion.default\">\n\t\t\t\t<div class=\"elementor-widget-container\">\n\t\t\t\t\t\t\t<div class=\"elementor-accordion\">\n\t\t\t\t\t\t\t<div class=\"elementor-accordion-item\">\n\t\t\t\t\t<div id=\"elementor-tab-title-9811\" class=\"elementor-tab-title\" data-tab=\"1\" role=\"button\" aria-controls=\"elementor-tab-content-9811\" aria-expanded=\"false\">\n\t\t\t\t\t\t\t\t\t\t\t\t\t<span class=\"elementor-accordion-icon elementor-accordion-icon-left\" aria-hidden=\"true\">\n\t\t\t\t\t\t\t\t\t\t\t\t\t\t\t<span class=\"elementor-accordion-icon-closed\"><i class=\"fas fa-plus\"><\/i><\/span>\n\t\t\t\t\t\t\t\t<span class=\"elementor-accordion-icon-opened\"><i class=\"fas fa-minus\"><\/i><\/span>\n\t\t\t\t\t\t\t\t\t\t\t\t\t\t<\/span>\n\t\t\t\t\t\t\t\t\t\t\t\t<a class=\"elementor-accordion-title\" tabindex=\"0\">Wichtige Verordnungen und Erlasse f\u00fcr die Einf\u00fchrungsphase<\/a>\n\t\t\t\t\t<\/div>\n\t\t\t\t\t<div id=\"elementor-tab-content-9811\" class=\"elementor-tab-content elementor-clearfix\" data-tab=\"1\" role=\"region\" aria-labelledby=\"elementor-tab-title-9811\"><div class=\"page\" title=\"Page 25\"><div class=\"section\"><div class=\"layoutArea\"><div class=\"column\"><p><a href=\"https:\/\/recht.saarland.de\/bssl\/document\/jlr-GymZeugnO1SL2002rahmen\">Zeugnis- und Versetzungsordnung<\/a><br \/>&#8211; Schulordnung &#8211;<br \/>fu\u0308r die Klassenstufen 5 bis 10 des Gymnasiums<br \/>(ZVO-Gym.)<br \/>Vom 15. Juli 2002, zuletzt gea\u0308ndert durch die Verordnung vom 08. Dezember 2021<\/p><p>Verordnung<br \/><a href=\"https:\/\/recht.saarland.de\/bssl\/document\/jlr-Schul\u00dcgVSL2004rahmen\">&#8211; Schulordnung &#8211;<\/a><br \/>u\u0308ber den U\u0308bergang von allgemein bildenden und beruflichen Schulen in die gymnasiale Oberstufe<br \/>(Art. 1 der Verordnung) vom 3. Februar 2004<br \/>zuletzt gea\u0308ndert durch die Verordnung vom 30. Juni 2020<\/p><p>Verordnung<br \/><a href=\"https:\/\/recht.saarland.de\/bssl\/document\/jlr-OberStVSL2007V8IVZ\">&#8211; Schul- und Pru\u0308fungsordnung &#8211;<\/a><br \/>u\u0308ber die gymnasiale Oberstufe und die Abiturpru\u0308fung im Saarland (GOS-VO)<br \/>Vom 2. Juli 2007, zuletzt gea\u0308ndert durch die Verordnung vom 02.09.2021<\/p><p><a href=\"https:\/\/www.saarland.de\/SharedDocs\/Downloads\/DE\/mbk\/Bildungsserver\/allgemeine-informationen\/erlass_leistungbewert_2017.pdf?__blob=publicationFile&amp;v=1\">Erlass zur Leistungsbewertung in den Schulen des Saarlandes<\/a><br \/>Vom 16. Juli 2016, Konsolidierte Fassung unter Beru\u0308cksichtigung der A\u0308nderungen des Erlasses vom 8. Ma\u0308rz und vom 21. Juni 2017<\/p><\/div><\/div><\/div><\/div><\/div>\n\t\t\t\t<\/div>\n\t\t\t\t\t\t\t<div class=\"elementor-accordion-item\">\n\t\t\t\t\t<div id=\"elementor-tab-title-9812\" class=\"elementor-tab-title\" data-tab=\"2\" role=\"button\" aria-controls=\"elementor-tab-content-9812\" aria-expanded=\"false\">\n\t\t\t\t\t\t\t\t\t\t\t\t\t<span class=\"elementor-accordion-icon elementor-accordion-icon-left\" aria-hidden=\"true\">\n\t\t\t\t\t\t\t\t\t\t\t\t\t\t\t<span class=\"elementor-accordion-icon-closed\"><i class=\"fas fa-plus\"><\/i><\/span>\n\t\t\t\t\t\t\t\t<span class=\"elementor-accordion-icon-opened\"><i class=\"fas fa-minus\"><\/i><\/span>\n\t\t\t\t\t\t\t\t\t\t\t\t\t\t<\/span>\n\t\t\t\t\t\t\t\t\t\t\t\t<a class=\"elementor-accordion-title\" tabindex=\"0\"><\/a>\n\t\t\t\t\t<\/div>\n\t\t\t\t\t<div id=\"elementor-tab-content-9812\" class=\"elementor-tab-content elementor-clearfix\" data-tab=\"2\" role=\"region\" aria-labelledby=\"elementor-tab-title-9812\"><\/div>\n\t\t\t\t<\/div>\n\t\t\t\t\t\t\t\t<\/div>\n\t\t\t\t\t\t<\/div>\n\t\t\t\t<\/div>\n\t\t\t\t\t<\/div>\n\t\t<\/div>\n\t\t\t\t\t<\/div>\n\t\t<\/section>\n\t\t\t\t<section class=\"elementor-section elementor-top-section elementor-element elementor-element-8d233a0 elementor-section-boxed elementor-section-height-default elementor-section-height-default\" data-id=\"8d233a0\" data-element_type=\"section\" data-e-type=\"section\" data-settings=\"{&quot;jet_parallax_layout_list&quot;:[]}\">\n\t\t\t\t\t\t<div class=\"elementor-container elementor-column-gap-default\">\n\t\t\t\t\t<div class=\"elementor-column elementor-col-100 elementor-top-column elementor-element elementor-element-d10c45c\" data-id=\"d10c45c\" data-element_type=\"column\" data-e-type=\"column\">\n\t\t\t<div class=\"elementor-widget-wrap\">\n\t\t\t\t\t\t\t<\/div>\n\t\t<\/div>\n\t\t\t\t\t<\/div>\n\t\t<\/section>\n\t\t\t\t<\/div>\n\t\t","protected":false},"excerpt":{"rendered":"<p>Im Schuljahr 2026\/27 tritt der letzte G8 Jahrgang in die Hauptphase der GOS ein. Hier finden Sie die wichtigsten Regelungen bez\u00fcglich der Kurswahl. Wichtige Verordnungen und Erlasse f\u00fcr die Einf\u00fchrungsphase Zeugnis- und Versetzungsordnung&#8211; Schulordnung &#8211;fu\u0308r die Klassenstufen 5 bis 10 des Gymnasiums(ZVO-Gym.)Vom 15. Juli 2002, zuletzt gea\u0308ndert durch die Verordnung vom 08. Dezember 2021 Verordnung&#8211; [&hellip;]<\/p>\n","protected":false},"author":1,"featured_media":0,"comment_status":"open","ping_status":"open","sticky":false,"template":"","format":"standard","meta":{"footnotes":""},"categories":[22],"tags":[],"class_list":["post-2894","post","type-post","status-publish","format-standard","hentry","category-wgg-oberstufe"],"_links":{"self":[{"href":"https:\/\/www.willi-graf-schulen.de\/gymnasium\/wp-json\/wp\/v2\/posts\/2894","targetHints":{"allow":["GET"]}}],"collection":[{"href":"https:\/\/www.willi-graf-schulen.de\/gymnasium\/wp-json\/wp\/v2\/posts"}],"about":[{"href":"https:\/\/www.willi-graf-schulen.de\/gymnasium\/wp-json\/wp\/v2\/types\/post"}],"author":[{"embeddable":true,"href":"https:\/\/www.willi-graf-schulen.de\/gymnasium\/wp-json\/wp\/v2\/users\/1"}],"replies":[{"embeddable":true,"href":"https:\/\/www.willi-graf-schulen.de\/gymnasium\/wp-json\/wp\/v2\/comments?post=2894"}],"version-history":[{"count":56,"href":"https:\/\/www.willi-graf-schulen.de\/gymnasium\/wp-json\/wp\/v2\/posts\/2894\/revisions"}],"predecessor-version":[{"id":19581,"href":"https:\/\/www.willi-graf-schulen.de\/gymnasium\/wp-json\/wp\/v2\/posts\/2894\/revisions\/19581"}],"wp:attachment":[{"href":"https:\/\/www.willi-graf-schulen.de\/gymnasium\/wp-json\/wp\/v2\/media?parent=2894"}],"wp:term":[{"taxonomy":"category","embeddable":true,"href":"https:\/\/www.willi-graf-schulen.de\/gymnasium\/wp-json\/wp\/v2\/categories?post=2894"},{"taxonomy":"post_tag","embeddable":true,"href":"https:\/\/www.willi-graf-schulen.de\/gymnasium\/wp-json\/wp\/v2\/tags?post=2894"}],"curies":[{"name":"wp","href":"https:\/\/api.w.org\/{rel}","templated":true}]}}