{"id":2928,"date":"2015-03-28T20:02:32","date_gmt":"2015-03-28T19:02:32","guid":{"rendered":"https:\/\/www.willi-graf-schulen.de\/gymnasium\/franzoesisch\/"},"modified":"2025-05-09T12:32:14","modified_gmt":"2025-05-09T10:32:14","slug":"franzoesisch","status":"publish","type":"post","link":"https:\/\/www.willi-graf-schulen.de\/gymnasium\/franzoesisch\/","title":{"rendered":"Franz\u00f6sisch"},"content":{"rendered":"\t\t<div data-elementor-type=\"wp-post\" data-elementor-id=\"2928\" class=\"elementor elementor-2928\" data-elementor-post-type=\"post\">\n\t\t\t\t\t\t<section class=\"elementor-section elementor-top-section elementor-element elementor-element-6deb327 elementor-section-boxed elementor-section-height-default elementor-section-height-default\" data-id=\"6deb327\" data-element_type=\"section\" data-e-type=\"section\" data-settings=\"{&quot;jet_parallax_layout_list&quot;:[]}\">\n\t\t\t\t\t\t<div class=\"elementor-container elementor-column-gap-default\">\n\t\t\t\t\t<div class=\"elementor-column elementor-col-100 elementor-top-column elementor-element elementor-element-5a72c254\" data-id=\"5a72c254\" data-element_type=\"column\" data-e-type=\"column\">\n\t\t\t<div class=\"elementor-widget-wrap elementor-element-populated\">\n\t\t\t\t\t\t<div class=\"elementor-element elementor-element-6d2ce762 elementor-widget elementor-widget-text-editor\" data-id=\"6d2ce762\" data-element_type=\"widget\" data-e-type=\"widget\" data-widget_type=\"text-editor.default\">\n\t\t\t\t<div class=\"elementor-widget-container\">\n\t\t\t\t\t\t\t\t\t<h3><img fetchpriority=\"high\" decoding=\"async\" class=\"alignleft\" src=\"https:\/\/willi-graf-schulen.de\/gymnasium\/wp-content\/uploads\/sites\/5\/2015\/03\/Paris_2018_3.jpg\" alt=\"Paris 2018 3\" width=\"419\" height=\"314\" data-wp-editing=\"1\" \/><\/h3><h3>\u00a0<\/h3><h3>Ziele des Faches<\/h3><h4>Salut! Bonjour!<\/h4><p>Franz\u00f6sisch wird am Willi-Graf-Gymnasium als erste Fremdsprache unterrichtet.<br \/>Die Beherrschung von Sprache(n) ist konstitutiv f\u00fcr das Menschsein; sie leistet einen wichtigen Beitrag zur Pers\u00f6nlichkeitsentwicklung und Identit\u00e4tsfindung einerseits und zur Sozialisation andererseits, welche letztlich einen Menschen dazu bef\u00e4higt, verantwortungsvoll an gesellschaftlichen Prozessen teilzuhaben. Sprache stellt die Basis f\u00fcr kulturelle, wissenschaftlich-technische und wirtschaftliche Handlungsf\u00e4higkeit dar und dient der Orientierung in der Welt und in der Gemeinschaft derer, die die jeweilige Sprache sprechen.<br \/>In diesen Gegebenheiten liegen auch nicht zu \u00fcbersehende Zukunftsperspektiven f\u00fcr Sch\u00fcler und Sch\u00fclerinnen mit soliden Franz\u00f6sischkenntnissen. Da Frankreich der wichtigste Handelspartner Deutschlands ist, ergeben sich besondere berufliche Perspektiven nicht nur im deutsch-franz\u00f6sischen Kontext, sondern auch im Hinblick auf den Weltmarkt; die franz\u00f6sische Sprachkompetenz wird von den Abnehmern im Stellenmarkt zunehmend als eine nicht zu \u00fcbergehende Qualifikation f\u00fcr Berufseinsteiger angesehen, denn diese Absolventen erf\u00fcllen die Fremdsprachenanforderung: Kompetenz in Englisch + einer weiteren Fremdsprache.<br \/>[Lehrplan Franz\u00f6sisch Gymnasium 2014]<\/p>\t\t\t\t\t\t\t\t<\/div>\n\t\t\t\t<\/div>\n\t\t\t\t\t<\/div>\n\t\t<\/div>\n\t\t\t\t\t<\/div>\n\t\t<\/section>\n\t\t\t\t<section class=\"elementor-section elementor-top-section elementor-element elementor-element-843c41c elementor-section-boxed elementor-section-height-default elementor-section-height-default\" data-id=\"843c41c\" data-element_type=\"section\" data-e-type=\"section\" data-settings=\"{&quot;jet_parallax_layout_list&quot;:[]}\">\n\t\t\t\t\t\t<div class=\"elementor-container elementor-column-gap-default\">\n\t\t\t\t\t<div class=\"elementor-column elementor-col-100 elementor-top-column elementor-element elementor-element-cbad0d2\" data-id=\"cbad0d2\" data-element_type=\"column\" data-e-type=\"column\">\n\t\t\t<div class=\"elementor-widget-wrap elementor-element-populated\">\n\t\t\t\t\t\t<div class=\"elementor-element elementor-element-2d7ac08 elementor-widget elementor-widget-text-editor\" data-id=\"2d7ac08\" data-element_type=\"widget\" data-e-type=\"widget\" data-widget_type=\"text-editor.default\">\n\t\t\t\t<div class=\"elementor-widget-container\">\n\t\t\t\t\t\t\t\t\t<h3>Motivation<\/h3><p><b>Austauschm\u00f6glichkeiten <br \/>Robert-Schuman-Austauschprogramm:<\/b><\/p><p>Sch\u00fclerinnen und Sch\u00fcler des Willi-Graf-Gymnasiums der Stufen 7, \u00a08, 9 und 10 nehmen seit 2006 am bilateral organisierten Robert-Schuman-Austauschprogramm teil.<br \/>Robert Schuman, ehemaliger franz\u00f6sischer Au\u00dfenminister und einer der V\u00e4ter der europ\u00e4ischen Einigung, betonte stets die Notwendigkeit konkreter Ma\u00dfnahmen des kulturellen Austauschs.<br \/>Der \u201eMann aus der Grenzregion\u201c wurde so zum Namensgeber eines Programmes, das es Sch\u00fclerinnen und Sch\u00fclern in unserer Gro\u00dfregion erm\u00f6glicht, einen zweiw\u00f6chigen individuellen Austausch mit einem Partnersch\u00fcler\/einer Partnersch\u00fclerin aus einer der Nachbarregionen durchzuf\u00fchren und damit sprachliche und interkulturelle Fertigkeiten zu erweitern.<br \/>Der Austausch findet j\u00e4hrlich statt. Sch\u00fclerinnen und Sch\u00fcler der Stufen 7, 8, 9 und 10 nehmen Partnersch\u00fclerinnen und Partnersch\u00fcler aus Lothringen, Belgien und Luxemburg in ihren Familien auf, besuchen gemeinsam die Willi-Graf-Schulen und machen den ebenfalls 14t\u00e4gigen Gegenbesuch.<\/p><p>Aktuelle Termine und Anmeldeformulare auf dem saarl\u00e4ndischen\u00a0<a href=\"https:\/\/www.saarland.de\/mbk\/DE\/portale\/bildungsserver\/themen\/unterricht-und-bildungsthemen\/internationalebildung\/austauschbegegnung\/schumanprogramm\/schumanprogramm_node.html\">Bildungsserver<\/a><\/p>\t\t\t\t\t\t\t\t<\/div>\n\t\t\t\t<\/div>\n\t\t\t\t<div class=\"elementor-element elementor-element-a8749f6 elementor-widget elementor-widget-text-editor\" data-id=\"a8749f6\" data-element_type=\"widget\" data-e-type=\"widget\" data-widget_type=\"text-editor.default\">\n\t\t\t\t<div class=\"elementor-widget-container\">\n\t\t\t\t\t\t\t\t\t<p><strong>20-j\u00e4hriges Jubil\u00e4um Robert-Schuman-Austauschprogramm:<\/strong><\/p><p style=\"font-weight: 400\">Bereits seit vielen Jahren wird der Robert-Schuman-Austausch, der Sch\u00fcler\/innen der Grenzregion SaarLorLux einander n\u00e4herbringt, erfolgreich an unserer Schule durchgef\u00fchrt. Als eins von nur vier saarl\u00e4ndischen Gymnasien wurde das Willi-Graf-Gymnasium von der den Austausch koordinierenden Stelle des Ministeriums f\u00fcr Bildung und Kultur ausgew\u00e4hlt, am 20-j\u00e4hrigen Jubil\u00e4um im Centre Europ\u00e9en Robert Schuman bei Metz teilnehmen zu d\u00fcrfen. So konnten drei Willi-Graf-Sch\u00fcler\/innen mit ihren Gastsch\u00fcler\/innen und dem Schuman-Tutor des WGG, Herr Tobias Kutsch, am Freitag, den 10. M\u00e4rz 2023 einen Tag voller deutsch-franz\u00f6sischer Aktivit\u00e4ten erleben und hatten viel Spa\u00df bei der Anwendung der jeweiligen Nachbarsprache.<\/p>\t\t\t\t\t\t\t\t<\/div>\n\t\t\t\t<\/div>\n\t\t\t\t<div class=\"elementor-element elementor-element-b2865db elementor-widget elementor-widget-gallery\" data-id=\"b2865db\" data-element_type=\"widget\" data-e-type=\"widget\" data-settings=\"{&quot;gap&quot;:{&quot;unit&quot;:&quot;px&quot;,&quot;size&quot;:&quot;2&quot;,&quot;sizes&quot;:[]},&quot;lazyload&quot;:&quot;yes&quot;,&quot;gallery_layout&quot;:&quot;grid&quot;,&quot;columns&quot;:4,&quot;columns_tablet&quot;:2,&quot;columns_mobile&quot;:1,&quot;gap_tablet&quot;:{&quot;unit&quot;:&quot;px&quot;,&quot;size&quot;:10,&quot;sizes&quot;:[]},&quot;gap_mobile&quot;:{&quot;unit&quot;:&quot;px&quot;,&quot;size&quot;:10,&quot;sizes&quot;:[]},&quot;link_to&quot;:&quot;file&quot;,&quot;aspect_ratio&quot;:&quot;3:2&quot;,&quot;overlay_background&quot;:&quot;yes&quot;,&quot;content_hover_animation&quot;:&quot;fade-in&quot;}\" data-widget_type=\"gallery.default\">\n\t\t\t\t<div class=\"elementor-widget-container\">\n\t\t\t\t\t\t\t<div class=\"elementor-gallery__container\">\n\t\t\t\t\t\t\t<a class=\"e-gallery-item elementor-gallery-item elementor-animated-content\" href=\"https:\/\/www.willi-graf-schulen.de\/gymnasium\/wp-content\/uploads\/sites\/5\/2023\/04\/Schuman1.jpg\" data-elementor-open-lightbox=\"yes\" data-elementor-lightbox-slideshow=\"b2865db\" data-elementor-lightbox-title=\"20 Jahre Robert Schumann Austauschprogramm\" data-e-action-hash=\"#elementor-action%3Aaction%3Dlightbox%26settings%3DeyJpZCI6MTQxMjQsInVybCI6Imh0dHBzOlwvXC93d3cud2lsbGktZ3JhZi1zY2h1bGVuLmRlXC9neW1uYXNpdW1cL3dwLWNvbnRlbnRcL3VwbG9hZHNcL3NpdGVzXC81XC8yMDIzXC8wNFwvU2NodW1hbjEuanBnIiwic2xpZGVzaG93IjoiYjI4NjVkYiJ9\">\n\t\t\t\t\t<div class=\"e-gallery-image elementor-gallery-item__image\" data-thumbnail=\"https:\/\/www.willi-graf-schulen.de\/gymnasium\/wp-content\/uploads\/sites\/5\/2023\/04\/Schuman1-300x200.jpg\" data-width=\"300\" data-height=\"200\" aria-label=\"\" role=\"img\" ><\/div>\n\t\t\t\t\t\t\t\t\t\t\t<div class=\"elementor-gallery-item__overlay\"><\/div>\n\t\t\t\t\t\t\t\t\t\t\t\t\t\t<\/a>\n\t\t\t\t\t\t\t<a class=\"e-gallery-item elementor-gallery-item elementor-animated-content\" href=\"https:\/\/www.willi-graf-schulen.de\/gymnasium\/wp-content\/uploads\/sites\/5\/2023\/04\/Schuman2.jpg\" data-elementor-open-lightbox=\"yes\" data-elementor-lightbox-slideshow=\"b2865db\" data-elementor-lightbox-title=\"20 Jahre Robert Schumann Austauschprogramm\" data-e-action-hash=\"#elementor-action%3Aaction%3Dlightbox%26settings%3DeyJpZCI6MTQxMjUsInVybCI6Imh0dHBzOlwvXC93d3cud2lsbGktZ3JhZi1zY2h1bGVuLmRlXC9neW1uYXNpdW1cL3dwLWNvbnRlbnRcL3VwbG9hZHNcL3NpdGVzXC81XC8yMDIzXC8wNFwvU2NodW1hbjIuanBnIiwic2xpZGVzaG93IjoiYjI4NjVkYiJ9\">\n\t\t\t\t\t<div class=\"e-gallery-image elementor-gallery-item__image\" data-thumbnail=\"https:\/\/www.willi-graf-schulen.de\/gymnasium\/wp-content\/uploads\/sites\/5\/2023\/04\/Schuman2-300x200.jpg\" data-width=\"300\" data-height=\"200\" aria-label=\"\" role=\"img\" ><\/div>\n\t\t\t\t\t\t\t\t\t\t\t<div class=\"elementor-gallery-item__overlay\"><\/div>\n\t\t\t\t\t\t\t\t\t\t\t\t\t\t<\/a>\n\t\t\t\t\t\t\t<a class=\"e-gallery-item elementor-gallery-item elementor-animated-content\" href=\"https:\/\/www.willi-graf-schulen.de\/gymnasium\/wp-content\/uploads\/sites\/5\/2023\/04\/Schuman3.jpg\" data-elementor-open-lightbox=\"yes\" data-elementor-lightbox-slideshow=\"b2865db\" data-elementor-lightbox-title=\"20 Jahre Robert Schumann Austauschprogramm\" data-e-action-hash=\"#elementor-action%3Aaction%3Dlightbox%26settings%3DeyJpZCI6MTQxMjYsInVybCI6Imh0dHBzOlwvXC93d3cud2lsbGktZ3JhZi1zY2h1bGVuLmRlXC9neW1uYXNpdW1cL3dwLWNvbnRlbnRcL3VwbG9hZHNcL3NpdGVzXC81XC8yMDIzXC8wNFwvU2NodW1hbjMuanBnIiwic2xpZGVzaG93IjoiYjI4NjVkYiJ9\">\n\t\t\t\t\t<div class=\"e-gallery-image elementor-gallery-item__image\" data-thumbnail=\"https:\/\/www.willi-graf-schulen.de\/gymnasium\/wp-content\/uploads\/sites\/5\/2023\/04\/Schuman3-300x200.jpg\" data-width=\"300\" data-height=\"200\" aria-label=\"\" role=\"img\" ><\/div>\n\t\t\t\t\t\t\t\t\t\t\t<div class=\"elementor-gallery-item__overlay\"><\/div>\n\t\t\t\t\t\t\t\t\t\t\t\t\t\t<\/a>\n\t\t\t\t\t\t\t<a class=\"e-gallery-item elementor-gallery-item elementor-animated-content\" href=\"https:\/\/www.willi-graf-schulen.de\/gymnasium\/wp-content\/uploads\/sites\/5\/2023\/04\/Schuman4.jpg\" data-elementor-open-lightbox=\"yes\" data-elementor-lightbox-slideshow=\"b2865db\" data-elementor-lightbox-title=\"20 Jahre Robert Schumann Austauschprogramm\" data-e-action-hash=\"#elementor-action%3Aaction%3Dlightbox%26settings%3DeyJpZCI6MTQxMjcsInVybCI6Imh0dHBzOlwvXC93d3cud2lsbGktZ3JhZi1zY2h1bGVuLmRlXC9neW1uYXNpdW1cL3dwLWNvbnRlbnRcL3VwbG9hZHNcL3NpdGVzXC81XC8yMDIzXC8wNFwvU2NodW1hbjQuanBnIiwic2xpZGVzaG93IjoiYjI4NjVkYiJ9\">\n\t\t\t\t\t<div class=\"e-gallery-image elementor-gallery-item__image\" data-thumbnail=\"https:\/\/www.willi-graf-schulen.de\/gymnasium\/wp-content\/uploads\/sites\/5\/2023\/04\/Schuman4-300x200.jpg\" data-width=\"300\" data-height=\"200\" aria-label=\"\" role=\"img\" ><\/div>\n\t\t\t\t\t\t\t\t\t\t\t<div class=\"elementor-gallery-item__overlay\"><\/div>\n\t\t\t\t\t\t\t\t\t\t\t\t\t\t<\/a>\n\t\t\t\t\t<\/div>\n\t\t\t\t\t<\/div>\n\t\t\t\t<\/div>\n\t\t\t\t<div class=\"elementor-element elementor-element-92901ec elementor-widget elementor-widget-text-editor\" data-id=\"92901ec\" data-element_type=\"widget\" data-e-type=\"widget\" data-widget_type=\"text-editor.default\">\n\t\t\t\t<div class=\"elementor-widget-container\">\n\t\t\t\t\t\t\t\t\t<h3>Unterrichtsthemen<\/h3><p><strong>&#8222;simulation globale&#8220;<\/strong><\/p><p>Im Schuljahr 2021\/22 wagte die Klasse 9c mit ihrem Franz\u00f6sischlehrer Herr Kutsch den Versuch ihre Franz\u00f6sischkenntnisse au\u00dferhalb des Lehrwerkes zu erproben. Die simulation globale ist als gro\u00dfes Rollenspiel angelegt, die Sch\u00fclerinnen und Sch\u00fcler bilden eine Dorfgemeinschaft und entwerfen ihre eigene franz\u00f6sische Pers\u00f6nlichkeit.<\/p>\t\t\t\t\t\t\t\t<\/div>\n\t\t\t\t<\/div>\n\t\t\t\t<div class=\"elementor-element elementor-element-a420b51 elementor-widget elementor-widget-gallery\" data-id=\"a420b51\" data-element_type=\"widget\" data-e-type=\"widget\" data-settings=\"{&quot;gap&quot;:{&quot;unit&quot;:&quot;px&quot;,&quot;size&quot;:&quot;2&quot;,&quot;sizes&quot;:[]},&quot;lazyload&quot;:&quot;yes&quot;,&quot;gallery_layout&quot;:&quot;grid&quot;,&quot;columns&quot;:4,&quot;columns_tablet&quot;:2,&quot;columns_mobile&quot;:1,&quot;gap_tablet&quot;:{&quot;unit&quot;:&quot;px&quot;,&quot;size&quot;:10,&quot;sizes&quot;:[]},&quot;gap_mobile&quot;:{&quot;unit&quot;:&quot;px&quot;,&quot;size&quot;:10,&quot;sizes&quot;:[]},&quot;link_to&quot;:&quot;file&quot;,&quot;aspect_ratio&quot;:&quot;3:2&quot;,&quot;overlay_background&quot;:&quot;yes&quot;,&quot;content_hover_animation&quot;:&quot;fade-in&quot;}\" data-widget_type=\"gallery.default\">\n\t\t\t\t<div class=\"elementor-widget-container\">\n\t\t\t\t\t\t\t<div class=\"elementor-gallery__container\">\n\t\t\t\t\t\t\t<a class=\"e-gallery-item elementor-gallery-item elementor-animated-content\" href=\"https:\/\/www.willi-graf-schulen.de\/gymnasium\/wp-content\/uploads\/sites\/5\/2015\/03\/Fr_simulation_globale_2.jpg\" data-elementor-open-lightbox=\"yes\" data-elementor-lightbox-slideshow=\"a420b51\" data-elementor-lightbox-title=\"Fr_simulation_globale_2\" data-e-action-hash=\"#elementor-action%3Aaction%3Dlightbox%26settings%3DeyJpZCI6OTcwMCwidXJsIjoiaHR0cHM6XC9cL3d3dy53aWxsaS1ncmFmLXNjaHVsZW4uZGVcL2d5bW5hc2l1bVwvd3AtY29udGVudFwvdXBsb2Fkc1wvc2l0ZXNcLzVcLzIwMTVcLzAzXC9Gcl9zaW11bGF0aW9uX2dsb2JhbGVfMi5qcGciLCJzbGlkZXNob3ciOiJhNDIwYjUxIn0%3D\">\n\t\t\t\t\t<div class=\"e-gallery-image elementor-gallery-item__image\" data-thumbnail=\"https:\/\/www.willi-graf-schulen.de\/gymnasium\/wp-content\/uploads\/sites\/5\/2015\/03\/Fr_simulation_globale_2-300x169.jpg\" data-width=\"300\" data-height=\"169\" aria-label=\"\" role=\"img\" ><\/div>\n\t\t\t\t\t\t\t\t\t\t\t<div class=\"elementor-gallery-item__overlay\"><\/div>\n\t\t\t\t\t\t\t\t\t\t\t\t\t\t<\/a>\n\t\t\t\t\t\t\t<a class=\"e-gallery-item elementor-gallery-item elementor-animated-content\" href=\"https:\/\/www.willi-graf-schulen.de\/gymnasium\/wp-content\/uploads\/sites\/5\/2015\/03\/Fr_simulation_globale_1.jpg\" data-elementor-open-lightbox=\"yes\" data-elementor-lightbox-slideshow=\"a420b51\" data-elementor-lightbox-title=\"Fr_simulation_globale_1\" data-e-action-hash=\"#elementor-action%3Aaction%3Dlightbox%26settings%3DeyJpZCI6OTY5OSwidXJsIjoiaHR0cHM6XC9cL3d3dy53aWxsaS1ncmFmLXNjaHVsZW4uZGVcL2d5bW5hc2l1bVwvd3AtY29udGVudFwvdXBsb2Fkc1wvc2l0ZXNcLzVcLzIwMTVcLzAzXC9Gcl9zaW11bGF0aW9uX2dsb2JhbGVfMS5qcGciLCJzbGlkZXNob3ciOiJhNDIwYjUxIn0%3D\">\n\t\t\t\t\t<div class=\"e-gallery-image elementor-gallery-item__image\" data-thumbnail=\"https:\/\/www.willi-graf-schulen.de\/gymnasium\/wp-content\/uploads\/sites\/5\/2015\/03\/Fr_simulation_globale_1-300x169.jpg\" data-width=\"300\" data-height=\"169\" aria-label=\"\" role=\"img\" ><\/div>\n\t\t\t\t\t\t\t\t\t\t\t<div class=\"elementor-gallery-item__overlay\"><\/div>\n\t\t\t\t\t\t\t\t\t\t\t\t\t\t<\/a>\n\t\t\t\t\t<\/div>\n\t\t\t\t\t<\/div>\n\t\t\t\t<\/div>\n\t\t\t\t<div class=\"elementor-element elementor-element-df01e39 elementor-widget elementor-widget-text-editor\" data-id=\"df01e39\" data-element_type=\"widget\" data-e-type=\"widget\" data-widget_type=\"text-editor.default\">\n\t\t\t\t<div class=\"elementor-widget-container\">\n\t\t\t\t\t\t\t\t\t<p style=\"font-weight: 400\"><strong>Interview mit dem Street-Art-K\u00fcnstler C215 in der Jugendkirche eli.ja<\/strong><\/p><p style=\"font-weight: 400\">Am Donnerstag, dem 9. M\u00e4rz 2023, waren die Franz\u00f6sisch-Kurse der Stufe 11 und 12 mit dem Franz\u00f6sischlehrer Tobias Kutsch in der Jugendkirche eli.ja um den franz\u00f6sischen Street-Art-K\u00fcnstler Christian Gu\u00e9my, auch bekannt als C215, zu treffen. Nachdem dieser an die Wand der Kirche ein Bild von Willi Graf gesprayt hatte, setzte er sich f\u00fcr ein deutsch-franz\u00f6sisches Interview mit den Sch\u00fclern zusammen. Er stellte sich vor und beantwortete die Fragen der Willi-Graf-Sch\u00fcler. Diese waren durch die zuvor im Unterricht behandelte Lekt\u00fcre \u201eIl faut d\u00e9sob\u00e9ir\u201c auf die Themen Nationalsozialismus, Occupation und Collaboration vorbereitet und es entstand ein inhaltlich vertieftes Gespr\u00e4ch \u00fcber den Widerstandsk\u00e4mpfer Willi Graf, aber auch \u00fcber das Leben und die Motivation des K\u00fcnstlers. Der franz\u00f6sische K\u00fcnstler war sehr zuvorkommend und \u00fcbersetzte manche Begriffe ins Deutsche, sodass die Sch\u00fcler ihn gut verstehen konnten. Ebenfalls integrierte er jeden Sch\u00fcler ins Gespr\u00e4ch.<\/p><p style=\"font-weight: 400\">(Bericht von Aileen, Klasse 11)<\/p>\t\t\t\t\t\t\t\t<\/div>\n\t\t\t\t<\/div>\n\t\t\t\t<div class=\"elementor-element elementor-element-2bb2696 elementor-widget elementor-widget-gallery\" data-id=\"2bb2696\" data-element_type=\"widget\" data-e-type=\"widget\" data-settings=\"{&quot;gap&quot;:{&quot;unit&quot;:&quot;px&quot;,&quot;size&quot;:&quot;2&quot;,&quot;sizes&quot;:[]},&quot;lazyload&quot;:&quot;yes&quot;,&quot;gallery_layout&quot;:&quot;grid&quot;,&quot;columns&quot;:4,&quot;columns_tablet&quot;:2,&quot;columns_mobile&quot;:1,&quot;gap_tablet&quot;:{&quot;unit&quot;:&quot;px&quot;,&quot;size&quot;:10,&quot;sizes&quot;:[]},&quot;gap_mobile&quot;:{&quot;unit&quot;:&quot;px&quot;,&quot;size&quot;:10,&quot;sizes&quot;:[]},&quot;link_to&quot;:&quot;file&quot;,&quot;aspect_ratio&quot;:&quot;3:2&quot;,&quot;overlay_background&quot;:&quot;yes&quot;,&quot;content_hover_animation&quot;:&quot;fade-in&quot;}\" data-widget_type=\"gallery.default\">\n\t\t\t\t<div class=\"elementor-widget-container\">\n\t\t\t\t\t\t\t<div class=\"elementor-gallery__container\">\n\t\t\t\t\t\t\t<a class=\"e-gallery-item elementor-gallery-item elementor-animated-content\" href=\"https:\/\/www.willi-graf-schulen.de\/gymnasium\/wp-content\/uploads\/sites\/5\/2023\/04\/C215.1.jpg\" data-elementor-open-lightbox=\"yes\" data-elementor-lightbox-slideshow=\"2bb2696\" data-elementor-lightbox-title=\"C215 - Christian Gu\u00e9my beim Sprayen\" data-e-action-hash=\"#elementor-action%3Aaction%3Dlightbox%26settings%3DeyJpZCI6MTQxMjIsInVybCI6Imh0dHBzOlwvXC93d3cud2lsbGktZ3JhZi1zY2h1bGVuLmRlXC9neW1uYXNpdW1cL3dwLWNvbnRlbnRcL3VwbG9hZHNcL3NpdGVzXC81XC8yMDIzXC8wNFwvQzIxNS4xLmpwZyIsInNsaWRlc2hvdyI6IjJiYjI2OTYifQ%3D%3D\">\n\t\t\t\t\t<div class=\"e-gallery-image elementor-gallery-item__image\" data-thumbnail=\"https:\/\/www.willi-graf-schulen.de\/gymnasium\/wp-content\/uploads\/sites\/5\/2023\/04\/C215.1-300x200.jpg\" data-width=\"300\" data-height=\"200\" aria-label=\"\" role=\"img\" ><\/div>\n\t\t\t\t\t\t\t\t\t\t\t<div class=\"elementor-gallery-item__overlay\"><\/div>\n\t\t\t\t\t\t\t\t\t\t\t\t\t\t<\/a>\n\t\t\t\t\t\t\t<a class=\"e-gallery-item elementor-gallery-item elementor-animated-content\" href=\"https:\/\/www.willi-graf-schulen.de\/gymnasium\/wp-content\/uploads\/sites\/5\/2023\/04\/C215.2.jpg\" data-elementor-open-lightbox=\"yes\" data-elementor-lightbox-slideshow=\"2bb2696\" data-elementor-lightbox-title=\"C215 Christian Gu\u00e9my - im Gespr\u00e4ch\" data-e-action-hash=\"#elementor-action%3Aaction%3Dlightbox%26settings%3DeyJpZCI6MTQxMjMsInVybCI6Imh0dHBzOlwvXC93d3cud2lsbGktZ3JhZi1zY2h1bGVuLmRlXC9neW1uYXNpdW1cL3dwLWNvbnRlbnRcL3VwbG9hZHNcL3NpdGVzXC81XC8yMDIzXC8wNFwvQzIxNS4yLmpwZyIsInNsaWRlc2hvdyI6IjJiYjI2OTYifQ%3D%3D\">\n\t\t\t\t\t<div class=\"e-gallery-image elementor-gallery-item__image\" data-thumbnail=\"https:\/\/www.willi-graf-schulen.de\/gymnasium\/wp-content\/uploads\/sites\/5\/2023\/04\/C215.2-300x200.jpg\" data-width=\"300\" data-height=\"200\" aria-label=\"\" role=\"img\" ><\/div>\n\t\t\t\t\t\t\t\t\t\t\t<div class=\"elementor-gallery-item__overlay\"><\/div>\n\t\t\t\t\t\t\t\t\t\t\t\t\t\t<\/a>\n\t\t\t\t\t\t\t<a class=\"e-gallery-item elementor-gallery-item elementor-animated-content\" href=\"https:\/\/www.willi-graf-schulen.de\/gymnasium\/wp-content\/uploads\/sites\/5\/2023\/04\/Willi-Graf-C215-2023.jpg\" data-elementor-open-lightbox=\"yes\" data-elementor-lightbox-slideshow=\"2bb2696\" data-elementor-lightbox-title=\"Willi Graf - von C215 -Christian Gu\u00e9my\" data-e-action-hash=\"#elementor-action%3Aaction%3Dlightbox%26settings%3DeyJpZCI6MTQxNTEsInVybCI6Imh0dHBzOlwvXC93d3cud2lsbGktZ3JhZi1zY2h1bGVuLmRlXC9neW1uYXNpdW1cL3dwLWNvbnRlbnRcL3VwbG9hZHNcL3NpdGVzXC81XC8yMDIzXC8wNFwvV2lsbGktR3JhZi1DMjE1LTIwMjMuanBnIiwic2xpZGVzaG93IjoiMmJiMjY5NiJ9\">\n\t\t\t\t\t<div class=\"e-gallery-image elementor-gallery-item__image\" data-thumbnail=\"https:\/\/www.willi-graf-schulen.de\/gymnasium\/wp-content\/uploads\/sites\/5\/2023\/04\/Willi-Graf-C215-2023-300x225.jpg\" data-width=\"300\" data-height=\"225\" aria-label=\"\" role=\"img\" ><\/div>\n\t\t\t\t\t\t\t\t\t\t\t<div class=\"elementor-gallery-item__overlay\"><\/div>\n\t\t\t\t\t\t\t\t\t\t\t\t\t\t<\/a>\n\t\t\t\t\t<\/div>\n\t\t\t\t\t<\/div>\n\t\t\t\t<\/div>\n\t\t\t\t<div class=\"elementor-element elementor-element-c0dd2dc elementor-widget elementor-widget-text-editor\" data-id=\"c0dd2dc\" data-element_type=\"widget\" data-e-type=\"widget\" data-widget_type=\"text-editor.default\">\n\t\t\t\t<div class=\"elementor-widget-container\">\n\t\t\t\t\t\t\t\t\t<p style=\"font-weight: 400\"><strong>Bericht zum Besuch des march\u00e9 de Sarreguemines der 6c 2025<\/strong><\/p><p>Am Dienstag, dem 8. April, unternahm die Klasse 6c des Willi-Graf-Gymnasiums Saarbr\u00fccken passend zur aktuellen Unterrichtseinheit einen Ausflug auf den Wochenmarkt in Saargem\u00fcnd (le march\u00e9 de Sarreguemines). Dieser Ausflug fand im Rahmen des Franz\u00f6sisch-Unterrichts, auch zur Vorbereitung der Sprechpr\u00fcfung, statt. Herr Kutsch, der Franz\u00f6sischlehrer, gab den Kindern bereits im Vorfeld den Auftrag, dass sie eine Einkaufsliste mitnehmen und diese sp\u00e4ter in Kleingruppen abarbeiten sollten. Dies sollte den Kindern einen direkten Kontakt mit der Sprache und echten Franzosen erm\u00f6glichen.<\/p><div><p>Zun\u00e4chst fanden sich die Sch\u00fclerinnen und Sch\u00fcler mitsamt Lehrern (Herr Kutsch, Frau Lopes) und unserer Schulsozialarbeiterin (Hannah Engel) im Klassenraum der 6c ein. Anschlie\u00dfend lief die Gruppe zum Landwehrplatz, um von dort die Saarbahn in Richtung Saargem\u00fcnd zu nehmen. Nach ungef\u00e4hr 40 Minuten Fahrt und einem kurzen Fu\u00dfweg, erreichte die Gruppe den Wochenmarkt. Nachdem Kleingruppen gebildet worden waren, begannen die Kinder mit ihren Eink\u00e4ufen. Diese konnten sie beispielsweise an Obst- und Gem\u00fcsest\u00e4nden, sowie in den ortsans\u00e4ssigen B\u00e4ckereien, Metzgereien und Souvenirl\u00e4den erledigen. Nach etwa einer Stunde sammelten sich alle wieder auf dem Hauptplatz. Mit vollen Taschen aber leeren Geldbeuteln, ging die Gruppe zum Bahnhof zur\u00fcck und nahm die n\u00e4chste Saarbahn Richtung Saarbr\u00fccken. P\u00fcnktlich zur zweiten gro\u00dfen Pause waren die Sch\u00fclerinnen und Sch\u00fcler wieder in der Schule. So konnte der Unterricht in den letzten beiden Stunden regul\u00e4r stattfinden. Den Kindern hatte dieser Tag viel Spa\u00df gemacht und sie freuen sich schon auf den n\u00e4chsten Ausflug.<\/p><div>(Yanik 6c)<\/div><\/div><div>\u00a0<\/div>\t\t\t\t\t\t\t\t<\/div>\n\t\t\t\t<\/div>\n\t\t\t\t<div class=\"elementor-element elementor-element-1847fba elementor-widget elementor-widget-gallery\" data-id=\"1847fba\" data-element_type=\"widget\" data-e-type=\"widget\" data-settings=\"{&quot;gap&quot;:{&quot;unit&quot;:&quot;px&quot;,&quot;size&quot;:&quot;2&quot;,&quot;sizes&quot;:[]},&quot;lazyload&quot;:&quot;yes&quot;,&quot;gallery_layout&quot;:&quot;grid&quot;,&quot;columns&quot;:4,&quot;columns_tablet&quot;:2,&quot;columns_mobile&quot;:1,&quot;gap_tablet&quot;:{&quot;unit&quot;:&quot;px&quot;,&quot;size&quot;:10,&quot;sizes&quot;:[]},&quot;gap_mobile&quot;:{&quot;unit&quot;:&quot;px&quot;,&quot;size&quot;:10,&quot;sizes&quot;:[]},&quot;link_to&quot;:&quot;file&quot;,&quot;aspect_ratio&quot;:&quot;3:2&quot;,&quot;overlay_background&quot;:&quot;yes&quot;,&quot;content_hover_animation&quot;:&quot;fade-in&quot;}\" data-widget_type=\"gallery.default\">\n\t\t\t\t<div class=\"elementor-widget-container\">\n\t\t\t\t\t\t\t<div class=\"elementor-gallery__container\">\n\t\t\t\t\t\t\t<a class=\"e-gallery-item elementor-gallery-item elementor-animated-content\" href=\"https:\/\/www.willi-graf-schulen.de\/gymnasium\/wp-content\/uploads\/sites\/5\/2025\/05\/marche_Sarreguemines_2025_1.jpg\" data-elementor-open-lightbox=\"yes\" data-elementor-lightbox-slideshow=\"1847fba\" data-elementor-lightbox-title=\"march\u00e9_Sarreguemines_2025_1\" data-e-action-hash=\"#elementor-action%3Aaction%3Dlightbox%26settings%3DeyJpZCI6MTgzNTEsInVybCI6Imh0dHBzOlwvXC93d3cud2lsbGktZ3JhZi1zY2h1bGVuLmRlXC9neW1uYXNpdW1cL3dwLWNvbnRlbnRcL3VwbG9hZHNcL3NpdGVzXC81XC8yMDI1XC8wNVwvbWFyY2hlX1NhcnJlZ3VlbWluZXNfMjAyNV8xLmpwZyIsInNsaWRlc2hvdyI6IjE4NDdmYmEifQ%3D%3D\">\n\t\t\t\t\t<div class=\"e-gallery-image elementor-gallery-item__image\" data-thumbnail=\"https:\/\/www.willi-graf-schulen.de\/gymnasium\/wp-content\/uploads\/sites\/5\/2025\/05\/marche_Sarreguemines_2025_1-300x169.jpg\" data-width=\"300\" data-height=\"169\" aria-label=\"\" role=\"img\" ><\/div>\n\t\t\t\t\t\t\t\t\t\t\t<div class=\"elementor-gallery-item__overlay\"><\/div>\n\t\t\t\t\t\t\t\t\t\t\t\t\t\t<\/a>\n\t\t\t\t\t\t\t<a class=\"e-gallery-item elementor-gallery-item elementor-animated-content\" href=\"https:\/\/www.willi-graf-schulen.de\/gymnasium\/wp-content\/uploads\/sites\/5\/2025\/05\/marche_Sarreguemines_2025_3.jpg\" data-elementor-open-lightbox=\"yes\" data-elementor-lightbox-slideshow=\"1847fba\" data-elementor-lightbox-title=\"march\u00e9_Sarreguemines_2025_3\" data-e-action-hash=\"#elementor-action%3Aaction%3Dlightbox%26settings%3DeyJpZCI6MTgzNTIsInVybCI6Imh0dHBzOlwvXC93d3cud2lsbGktZ3JhZi1zY2h1bGVuLmRlXC9neW1uYXNpdW1cL3dwLWNvbnRlbnRcL3VwbG9hZHNcL3NpdGVzXC81XC8yMDI1XC8wNVwvbWFyY2hlX1NhcnJlZ3VlbWluZXNfMjAyNV8zLmpwZyIsInNsaWRlc2hvdyI6IjE4NDdmYmEifQ%3D%3D\">\n\t\t\t\t\t<div class=\"e-gallery-image elementor-gallery-item__image\" data-thumbnail=\"https:\/\/www.willi-graf-schulen.de\/gymnasium\/wp-content\/uploads\/sites\/5\/2025\/05\/marche_Sarreguemines_2025_3-300x169.jpg\" data-width=\"300\" data-height=\"169\" aria-label=\"\" role=\"img\" ><\/div>\n\t\t\t\t\t\t\t\t\t\t\t<div class=\"elementor-gallery-item__overlay\"><\/div>\n\t\t\t\t\t\t\t\t\t\t\t\t\t\t<\/a>\n\t\t\t\t\t\t\t<a class=\"e-gallery-item elementor-gallery-item elementor-animated-content\" href=\"https:\/\/www.willi-graf-schulen.de\/gymnasium\/wp-content\/uploads\/sites\/5\/2025\/05\/marche_Sarreguemines_2025_2.jpg\" data-elementor-open-lightbox=\"yes\" data-elementor-lightbox-slideshow=\"1847fba\" data-elementor-lightbox-title=\"march\u00e9_Sarreguemines_2025_2\" data-e-action-hash=\"#elementor-action%3Aaction%3Dlightbox%26settings%3DeyJpZCI6MTgzNTAsInVybCI6Imh0dHBzOlwvXC93d3cud2lsbGktZ3JhZi1zY2h1bGVuLmRlXC9neW1uYXNpdW1cL3dwLWNvbnRlbnRcL3VwbG9hZHNcL3NpdGVzXC81XC8yMDI1XC8wNVwvbWFyY2hlX1NhcnJlZ3VlbWluZXNfMjAyNV8yLmpwZyIsInNsaWRlc2hvdyI6IjE4NDdmYmEifQ%3D%3D\">\n\t\t\t\t\t<div class=\"e-gallery-image elementor-gallery-item__image\" data-thumbnail=\"https:\/\/www.willi-graf-schulen.de\/gymnasium\/wp-content\/uploads\/sites\/5\/2025\/05\/marche_Sarreguemines_2025_2-300x169.jpg\" data-width=\"300\" data-height=\"169\" aria-label=\"\" role=\"img\" ><\/div>\n\t\t\t\t\t\t\t\t\t\t\t<div class=\"elementor-gallery-item__overlay\"><\/div>\n\t\t\t\t\t\t\t\t\t\t\t\t\t\t<\/a>\n\t\t\t\t\t\t\t<a class=\"e-gallery-item elementor-gallery-item elementor-animated-content\" href=\"https:\/\/www.willi-graf-schulen.de\/gymnasium\/wp-content\/uploads\/sites\/5\/2025\/05\/marche_Sarreguemines_2025_4-e1746784491672.jpg\" data-elementor-open-lightbox=\"yes\" data-elementor-lightbox-slideshow=\"1847fba\" data-elementor-lightbox-title=\"march\u00e9_Sarreguemines_2025_4\" data-e-action-hash=\"#elementor-action%3Aaction%3Dlightbox%26settings%3DeyJpZCI6MTgzNDksInVybCI6Imh0dHBzOlwvXC93d3cud2lsbGktZ3JhZi1zY2h1bGVuLmRlXC9neW1uYXNpdW1cL3dwLWNvbnRlbnRcL3VwbG9hZHNcL3NpdGVzXC81XC8yMDI1XC8wNVwvbWFyY2hlX1NhcnJlZ3VlbWluZXNfMjAyNV80LWUxNzQ2Nzg0NDkxNjcyLmpwZyIsInNsaWRlc2hvdyI6IjE4NDdmYmEifQ%3D%3D\">\n\t\t\t\t\t<div class=\"e-gallery-image elementor-gallery-item__image\" data-thumbnail=\"https:\/\/www.willi-graf-schulen.de\/gymnasium\/wp-content\/uploads\/sites\/5\/2025\/05\/marche_Sarreguemines_2025_4-e1746784491672-300x193.jpg\" data-width=\"300\" data-height=\"193\" aria-label=\"\" role=\"img\" ><\/div>\n\t\t\t\t\t\t\t\t\t\t\t<div class=\"elementor-gallery-item__overlay\"><\/div>\n\t\t\t\t\t\t\t\t\t\t\t\t\t\t<\/a>\n\t\t\t\t\t<\/div>\n\t\t\t\t\t<\/div>\n\t\t\t\t<\/div>\n\t\t\t\t<div class=\"elementor-element elementor-element-e2c908a elementor-widget elementor-widget-text-editor\" data-id=\"e2c908a\" data-element_type=\"widget\" data-e-type=\"widget\" data-widget_type=\"text-editor.default\">\n\t\t\t\t<div class=\"elementor-widget-container\">\n\t\t\t\t\t\t\t\t\t<h3>Projekte<\/h3><p>Im Rahmen einer AG bereiten wir jedes Jahr interessierte Sch\u00fclerinnen und Sch\u00fcler erfolgreich auf die international anerkannten Sprachpr\u00fcfungen des DELF (scolaire) vor. Abh\u00e4ngig von der Stufe der Interessenten werden die Niveaus A1, A2, B1 oder B2 vorbereitet.<\/p>\t\t\t\t\t\t\t\t<\/div>\n\t\t\t\t<\/div>\n\t\t\t\t\t<\/div>\n\t\t<\/div>\n\t\t\t\t\t<\/div>\n\t\t<\/section>\n\t\t\t\t<section class=\"elementor-section elementor-top-section elementor-element elementor-element-66b8eab elementor-section-boxed elementor-section-height-default elementor-section-height-default\" data-id=\"66b8eab\" data-element_type=\"section\" data-e-type=\"section\" data-settings=\"{&quot;jet_parallax_layout_list&quot;:[]}\">\n\t\t\t\t\t\t<div class=\"elementor-container elementor-column-gap-default\">\n\t\t\t\t\t<div class=\"elementor-column elementor-col-100 elementor-top-column elementor-element elementor-element-99f1298\" data-id=\"99f1298\" data-element_type=\"column\" data-e-type=\"column\">\n\t\t\t<div class=\"elementor-widget-wrap elementor-element-populated\">\n\t\t\t\t\t\t<div class=\"elementor-element elementor-element-f2f5a5b elementor-widget elementor-widget-gallery\" data-id=\"f2f5a5b\" data-element_type=\"widget\" data-e-type=\"widget\" data-settings=\"{&quot;gallery_layout&quot;:&quot;justified&quot;,&quot;gap&quot;:{&quot;unit&quot;:&quot;px&quot;,&quot;size&quot;:&quot;1&quot;,&quot;sizes&quot;:[]},&quot;lazyload&quot;:&quot;yes&quot;,&quot;ideal_row_height&quot;:{&quot;unit&quot;:&quot;px&quot;,&quot;size&quot;:200,&quot;sizes&quot;:[]},&quot;ideal_row_height_tablet&quot;:{&quot;unit&quot;:&quot;px&quot;,&quot;size&quot;:150,&quot;sizes&quot;:[]},&quot;ideal_row_height_mobile&quot;:{&quot;unit&quot;:&quot;px&quot;,&quot;size&quot;:150,&quot;sizes&quot;:[]},&quot;gap_tablet&quot;:{&quot;unit&quot;:&quot;px&quot;,&quot;size&quot;:10,&quot;sizes&quot;:[]},&quot;gap_mobile&quot;:{&quot;unit&quot;:&quot;px&quot;,&quot;size&quot;:10,&quot;sizes&quot;:[]},&quot;link_to&quot;:&quot;file&quot;,&quot;overlay_background&quot;:&quot;yes&quot;,&quot;content_hover_animation&quot;:&quot;fade-in&quot;}\" data-widget_type=\"gallery.default\">\n\t\t\t\t<div class=\"elementor-widget-container\">\n\t\t\t\t\t\t\t<div class=\"elementor-gallery__container\">\n\t\t\t\t\t\t\t<a class=\"e-gallery-item elementor-gallery-item elementor-animated-content\" href=\"https:\/\/www.willi-graf-schulen.de\/gymnasium\/wp-content\/uploads\/sites\/5\/2015\/03\/IMG_0136.jpeg\" data-elementor-open-lightbox=\"yes\" data-elementor-lightbox-slideshow=\"f2f5a5b\" data-elementor-lightbox-title=\"IMG_0136\" data-e-action-hash=\"#elementor-action%3Aaction%3Dlightbox%26settings%3DeyJpZCI6OTcyOCwidXJsIjoiaHR0cHM6XC9cL3d3dy53aWxsaS1ncmFmLXNjaHVsZW4uZGVcL2d5bW5hc2l1bVwvd3AtY29udGVudFwvdXBsb2Fkc1wvc2l0ZXNcLzVcLzIwMTVcLzAzXC9JTUdfMDEzNi5qcGVnIiwic2xpZGVzaG93IjoiZjJmNWE1YiJ9\">\n\t\t\t\t\t<div class=\"e-gallery-image elementor-gallery-item__image\" data-thumbnail=\"https:\/\/www.willi-graf-schulen.de\/gymnasium\/wp-content\/uploads\/sites\/5\/2015\/03\/IMG_0136-300x170.jpeg\" data-width=\"300\" data-height=\"170\" aria-label=\"\" role=\"img\" ><\/div>\n\t\t\t\t\t\t\t\t\t\t\t<div class=\"elementor-gallery-item__overlay\"><\/div>\n\t\t\t\t\t\t\t\t\t\t\t\t\t\t<\/a>\n\t\t\t\t\t\t\t<a class=\"e-gallery-item elementor-gallery-item elementor-animated-content\" href=\"https:\/\/www.willi-graf-schulen.de\/gymnasium\/wp-content\/uploads\/sites\/5\/2015\/03\/IMG_0649.jpeg\" data-elementor-open-lightbox=\"yes\" data-elementor-lightbox-slideshow=\"f2f5a5b\" data-elementor-lightbox-title=\"IMG_0649\" data-e-action-hash=\"#elementor-action%3Aaction%3Dlightbox%26settings%3DeyJpZCI6OTcyOSwidXJsIjoiaHR0cHM6XC9cL3d3dy53aWxsaS1ncmFmLXNjaHVsZW4uZGVcL2d5bW5hc2l1bVwvd3AtY29udGVudFwvdXBsb2Fkc1wvc2l0ZXNcLzVcLzIwMTVcLzAzXC9JTUdfMDY0OS5qcGVnIiwic2xpZGVzaG93IjoiZjJmNWE1YiJ9\">\n\t\t\t\t\t<div class=\"e-gallery-image elementor-gallery-item__image\" data-thumbnail=\"https:\/\/www.willi-graf-schulen.de\/gymnasium\/wp-content\/uploads\/sites\/5\/2015\/03\/IMG_0649-225x300.jpeg\" data-width=\"225\" data-height=\"300\" aria-label=\"\" role=\"img\" ><\/div>\n\t\t\t\t\t\t\t\t\t\t\t<div class=\"elementor-gallery-item__overlay\"><\/div>\n\t\t\t\t\t\t\t\t\t\t\t\t\t\t<\/a>\n\t\t\t\t\t\t\t<a class=\"e-gallery-item elementor-gallery-item elementor-animated-content\" href=\"https:\/\/www.willi-graf-schulen.de\/gymnasium\/wp-content\/uploads\/sites\/5\/2015\/03\/IMG_0652.jpeg\" data-elementor-open-lightbox=\"yes\" data-elementor-lightbox-slideshow=\"f2f5a5b\" data-elementor-lightbox-title=\"IMG_0652\" data-e-action-hash=\"#elementor-action%3Aaction%3Dlightbox%26settings%3DeyJpZCI6OTczMCwidXJsIjoiaHR0cHM6XC9cL3d3dy53aWxsaS1ncmFmLXNjaHVsZW4uZGVcL2d5bW5hc2l1bVwvd3AtY29udGVudFwvdXBsb2Fkc1wvc2l0ZXNcLzVcLzIwMTVcLzAzXC9JTUdfMDY1Mi5qcGVnIiwic2xpZGVzaG93IjoiZjJmNWE1YiJ9\">\n\t\t\t\t\t<div class=\"e-gallery-image elementor-gallery-item__image\" data-thumbnail=\"https:\/\/www.willi-graf-schulen.de\/gymnasium\/wp-content\/uploads\/sites\/5\/2015\/03\/IMG_0652-258x300.jpeg\" data-width=\"258\" data-height=\"300\" aria-label=\"\" role=\"img\" ><\/div>\n\t\t\t\t\t\t\t\t\t\t\t<div class=\"elementor-gallery-item__overlay\"><\/div>\n\t\t\t\t\t\t\t\t\t\t\t\t\t\t<\/a>\n\t\t\t\t\t\t\t<a class=\"e-gallery-item elementor-gallery-item elementor-animated-content\" href=\"https:\/\/www.willi-graf-schulen.de\/gymnasium\/wp-content\/uploads\/sites\/5\/2015\/03\/IMG_0653.jpeg\" data-elementor-open-lightbox=\"yes\" data-elementor-lightbox-slideshow=\"f2f5a5b\" data-elementor-lightbox-title=\"IMG_0653\" data-e-action-hash=\"#elementor-action%3Aaction%3Dlightbox%26settings%3DeyJpZCI6OTczMSwidXJsIjoiaHR0cHM6XC9cL3d3dy53aWxsaS1ncmFmLXNjaHVsZW4uZGVcL2d5bW5hc2l1bVwvd3AtY29udGVudFwvdXBsb2Fkc1wvc2l0ZXNcLzVcLzIwMTVcLzAzXC9JTUdfMDY1My5qcGVnIiwic2xpZGVzaG93IjoiZjJmNWE1YiJ9\">\n\t\t\t\t\t<div class=\"e-gallery-image elementor-gallery-item__image\" data-thumbnail=\"https:\/\/www.willi-graf-schulen.de\/gymnasium\/wp-content\/uploads\/sites\/5\/2015\/03\/IMG_0653-300x195.jpeg\" data-width=\"300\" data-height=\"195\" aria-label=\"\" role=\"img\" ><\/div>\n\t\t\t\t\t\t\t\t\t\t\t<div class=\"elementor-gallery-item__overlay\"><\/div>\n\t\t\t\t\t\t\t\t\t\t\t\t\t\t<\/a>\n\t\t\t\t\t\t\t<a class=\"e-gallery-item elementor-gallery-item elementor-animated-content\" href=\"https:\/\/www.willi-graf-schulen.de\/gymnasium\/wp-content\/uploads\/sites\/5\/2015\/03\/IMG_0656.jpeg\" data-elementor-open-lightbox=\"yes\" data-elementor-lightbox-slideshow=\"f2f5a5b\" data-elementor-lightbox-title=\"IMG_0656\" data-e-action-hash=\"#elementor-action%3Aaction%3Dlightbox%26settings%3DeyJpZCI6OTczMiwidXJsIjoiaHR0cHM6XC9cL3d3dy53aWxsaS1ncmFmLXNjaHVsZW4uZGVcL2d5bW5hc2l1bVwvd3AtY29udGVudFwvdXBsb2Fkc1wvc2l0ZXNcLzVcLzIwMTVcLzAzXC9JTUdfMDY1Ni5qcGVnIiwic2xpZGVzaG93IjoiZjJmNWE1YiJ9\">\n\t\t\t\t\t<div class=\"e-gallery-image elementor-gallery-item__image\" data-thumbnail=\"https:\/\/www.willi-graf-schulen.de\/gymnasium\/wp-content\/uploads\/sites\/5\/2015\/03\/IMG_0656-300x121.jpeg\" data-width=\"300\" data-height=\"121\" aria-label=\"\" role=\"img\" ><\/div>\n\t\t\t\t\t\t\t\t\t\t\t<div class=\"elementor-gallery-item__overlay\"><\/div>\n\t\t\t\t\t\t\t\t\t\t\t\t\t\t<\/a>\n\t\t\t\t\t\t\t<a class=\"e-gallery-item elementor-gallery-item elementor-animated-content\" href=\"https:\/\/www.willi-graf-schulen.de\/gymnasium\/wp-content\/uploads\/sites\/5\/2015\/03\/IMG_0659.jpeg\" data-elementor-open-lightbox=\"yes\" data-elementor-lightbox-slideshow=\"f2f5a5b\" data-elementor-lightbox-title=\"IMG_0659\" data-e-action-hash=\"#elementor-action%3Aaction%3Dlightbox%26settings%3DeyJpZCI6OTczMywidXJsIjoiaHR0cHM6XC9cL3d3dy53aWxsaS1ncmFmLXNjaHVsZW4uZGVcL2d5bW5hc2l1bVwvd3AtY29udGVudFwvdXBsb2Fkc1wvc2l0ZXNcLzVcLzIwMTVcLzAzXC9JTUdfMDY1OS5qcGVnIiwic2xpZGVzaG93IjoiZjJmNWE1YiJ9\">\n\t\t\t\t\t<div class=\"e-gallery-image elementor-gallery-item__image\" data-thumbnail=\"https:\/\/www.willi-graf-schulen.de\/gymnasium\/wp-content\/uploads\/sites\/5\/2015\/03\/IMG_0659-300x154.jpeg\" data-width=\"300\" data-height=\"154\" aria-label=\"\" role=\"img\" ><\/div>\n\t\t\t\t\t\t\t\t\t\t\t<div class=\"elementor-gallery-item__overlay\"><\/div>\n\t\t\t\t\t\t\t\t\t\t\t\t\t\t<\/a>\n\t\t\t\t\t\t\t<a class=\"e-gallery-item elementor-gallery-item elementor-animated-content\" href=\"https:\/\/www.willi-graf-schulen.de\/gymnasium\/wp-content\/uploads\/sites\/5\/2015\/03\/IMG_0666.jpeg\" data-elementor-open-lightbox=\"yes\" data-elementor-lightbox-slideshow=\"f2f5a5b\" data-elementor-lightbox-title=\"IMG_0666\" data-e-action-hash=\"#elementor-action%3Aaction%3Dlightbox%26settings%3DeyJpZCI6OTczNCwidXJsIjoiaHR0cHM6XC9cL3d3dy53aWxsaS1ncmFmLXNjaHVsZW4uZGVcL2d5bW5hc2l1bVwvd3AtY29udGVudFwvdXBsb2Fkc1wvc2l0ZXNcLzVcLzIwMTVcLzAzXC9JTUdfMDY2Ni5qcGVnIiwic2xpZGVzaG93IjoiZjJmNWE1YiJ9\">\n\t\t\t\t\t<div class=\"e-gallery-image elementor-gallery-item__image\" data-thumbnail=\"https:\/\/www.willi-graf-schulen.de\/gymnasium\/wp-content\/uploads\/sites\/5\/2015\/03\/IMG_0666-263x300.jpeg\" data-width=\"263\" data-height=\"300\" aria-label=\"\" role=\"img\" ><\/div>\n\t\t\t\t\t\t\t\t\t\t\t<div class=\"elementor-gallery-item__overlay\"><\/div>\n\t\t\t\t\t\t\t\t\t\t\t\t\t\t<\/a>\n\t\t\t\t\t\t\t<a class=\"e-gallery-item elementor-gallery-item elementor-animated-content\" href=\"https:\/\/www.willi-graf-schulen.de\/gymnasium\/wp-content\/uploads\/sites\/5\/2015\/03\/IMG_0669.jpeg\" data-elementor-open-lightbox=\"yes\" data-elementor-lightbox-slideshow=\"f2f5a5b\" data-elementor-lightbox-title=\"IMG_0669\" data-e-action-hash=\"#elementor-action%3Aaction%3Dlightbox%26settings%3DeyJpZCI6OTczNSwidXJsIjoiaHR0cHM6XC9cL3d3dy53aWxsaS1ncmFmLXNjaHVsZW4uZGVcL2d5bW5hc2l1bVwvd3AtY29udGVudFwvdXBsb2Fkc1wvc2l0ZXNcLzVcLzIwMTVcLzAzXC9JTUdfMDY2OS5qcGVnIiwic2xpZGVzaG93IjoiZjJmNWE1YiJ9\">\n\t\t\t\t\t<div class=\"e-gallery-image elementor-gallery-item__image\" data-thumbnail=\"https:\/\/www.willi-graf-schulen.de\/gymnasium\/wp-content\/uploads\/sites\/5\/2015\/03\/IMG_0669-251x300.jpeg\" data-width=\"251\" data-height=\"300\" aria-label=\"\" role=\"img\" ><\/div>\n\t\t\t\t\t\t\t\t\t\t\t<div class=\"elementor-gallery-item__overlay\"><\/div>\n\t\t\t\t\t\t\t\t\t\t\t\t\t\t<\/a>\n\t\t\t\t\t\t\t<a class=\"e-gallery-item elementor-gallery-item elementor-animated-content\" href=\"https:\/\/www.willi-graf-schulen.de\/gymnasium\/wp-content\/uploads\/sites\/5\/2015\/03\/IMG_0699.jpeg\" data-elementor-open-lightbox=\"yes\" data-elementor-lightbox-slideshow=\"f2f5a5b\" data-elementor-lightbox-title=\"IMG_0699\" data-e-action-hash=\"#elementor-action%3Aaction%3Dlightbox%26settings%3DeyJpZCI6OTczNiwidXJsIjoiaHR0cHM6XC9cL3d3dy53aWxsaS1ncmFmLXNjaHVsZW4uZGVcL2d5bW5hc2l1bVwvd3AtY29udGVudFwvdXBsb2Fkc1wvc2l0ZXNcLzVcLzIwMTVcLzAzXC9JTUdfMDY5OS5qcGVnIiwic2xpZGVzaG93IjoiZjJmNWE1YiJ9\">\n\t\t\t\t\t<div class=\"e-gallery-image elementor-gallery-item__image\" data-thumbnail=\"https:\/\/www.willi-graf-schulen.de\/gymnasium\/wp-content\/uploads\/sites\/5\/2015\/03\/IMG_0699-300x292.jpeg\" data-width=\"300\" data-height=\"292\" aria-label=\"\" role=\"img\" ><\/div>\n\t\t\t\t\t\t\t\t\t\t\t<div class=\"elementor-gallery-item__overlay\"><\/div>\n\t\t\t\t\t\t\t\t\t\t\t\t\t\t<\/a>\n\t\t\t\t\t\t\t<a class=\"e-gallery-item elementor-gallery-item elementor-animated-content\" href=\"https:\/\/www.willi-graf-schulen.de\/gymnasium\/wp-content\/uploads\/sites\/5\/2015\/03\/IMG_1257.jpeg\" data-elementor-open-lightbox=\"yes\" data-elementor-lightbox-slideshow=\"f2f5a5b\" data-elementor-lightbox-title=\"IMG_1257\" data-e-action-hash=\"#elementor-action%3Aaction%3Dlightbox%26settings%3DeyJpZCI6OTczNywidXJsIjoiaHR0cHM6XC9cL3d3dy53aWxsaS1ncmFmLXNjaHVsZW4uZGVcL2d5bW5hc2l1bVwvd3AtY29udGVudFwvdXBsb2Fkc1wvc2l0ZXNcLzVcLzIwMTVcLzAzXC9JTUdfMTI1Ny5qcGVnIiwic2xpZGVzaG93IjoiZjJmNWE1YiJ9\">\n\t\t\t\t\t<div class=\"e-gallery-image elementor-gallery-item__image\" data-thumbnail=\"https:\/\/www.willi-graf-schulen.de\/gymnasium\/wp-content\/uploads\/sites\/5\/2015\/03\/IMG_1257-300x154.jpeg\" data-width=\"300\" data-height=\"154\" aria-label=\"\" role=\"img\" ><\/div>\n\t\t\t\t\t\t\t\t\t\t\t<div class=\"elementor-gallery-item__overlay\"><\/div>\n\t\t\t\t\t\t\t\t\t\t\t\t\t\t<\/a>\n\t\t\t\t\t<\/div>\n\t\t\t\t\t<\/div>\n\t\t\t\t<\/div>\n\t\t\t\t\t<\/div>\n\t\t<\/div>\n\t\t\t\t\t<\/div>\n\t\t<\/section>\n\t\t\t\t<section class=\"elementor-section elementor-top-section elementor-element elementor-element-1073c2e elementor-section-boxed elementor-section-height-default elementor-section-height-default\" data-id=\"1073c2e\" data-element_type=\"section\" data-e-type=\"section\" data-settings=\"{&quot;jet_parallax_layout_list&quot;:[]}\">\n\t\t\t\t\t\t<div class=\"elementor-container elementor-column-gap-default\">\n\t\t\t\t\t<div class=\"elementor-column elementor-col-100 elementor-top-column elementor-element elementor-element-79990c7\" data-id=\"79990c7\" data-element_type=\"column\" data-e-type=\"column\">\n\t\t\t<div class=\"elementor-widget-wrap elementor-element-populated\">\n\t\t\t\t\t\t<section class=\"elementor-section elementor-inner-section elementor-element elementor-element-9e872a7 elementor-section-boxed elementor-section-height-default elementor-section-height-default\" data-id=\"9e872a7\" data-element_type=\"section\" data-e-type=\"section\" data-settings=\"{&quot;jet_parallax_layout_list&quot;:[]}\">\n\t\t\t\t\t\t<div class=\"elementor-container elementor-column-gap-default\">\n\t\t\t\t\t<div class=\"elementor-column elementor-col-50 elementor-inner-column elementor-element elementor-element-86dd87d\" data-id=\"86dd87d\" data-element_type=\"column\" data-e-type=\"column\">\n\t\t\t<div class=\"elementor-widget-wrap elementor-element-populated\">\n\t\t\t\t\t\t<div class=\"elementor-element elementor-element-713245f elementor-widget elementor-widget-text-editor\" data-id=\"713245f\" data-element_type=\"widget\" data-e-type=\"widget\" data-widget_type=\"text-editor.default\">\n\t\t\t\t<div class=\"elementor-widget-container\">\n\t\t\t\t\t\t\t\t\t<p><strong>Fachschaft<\/strong><br \/>Bramer, Julia<br \/>D\u2019Aiglepierre, Geraldine<br \/>Jung, Andrea<br \/>Kutsch, Tobias<br \/>Rebmann, Katja<br \/>Schirra, Solveig<\/p>\t\t\t\t\t\t\t\t<\/div>\n\t\t\t\t<\/div>\n\t\t\t\t\t<\/div>\n\t\t<\/div>\n\t\t\t\t<div class=\"elementor-column elementor-col-50 elementor-inner-column elementor-element elementor-element-f5a6208\" data-id=\"f5a6208\" data-element_type=\"column\" data-e-type=\"column\">\n\t\t\t<div class=\"elementor-widget-wrap\">\n\t\t\t\t\t\t\t<\/div>\n\t\t<\/div>\n\t\t\t\t\t<\/div>\n\t\t<\/section>\n\t\t\t\t\t<\/div>\n\t\t<\/div>\n\t\t\t\t\t<\/div>\n\t\t<\/section>\n\t\t\t\t<\/div>\n\t\t","protected":false},"excerpt":{"rendered":"<p>\u00a0 Ziele des Faches Salut! Bonjour! Franz\u00f6sisch wird am Willi-Graf-Gymnasium als erste Fremdsprache unterrichtet.Die Beherrschung von Sprache(n) ist konstitutiv f\u00fcr das Menschsein; sie leistet einen wichtigen Beitrag zur Pers\u00f6nlichkeitsentwicklung und Identit\u00e4tsfindung einerseits und zur Sozialisation andererseits, welche letztlich einen Menschen dazu bef\u00e4higt, verantwortungsvoll an gesellschaftlichen Prozessen teilzuhaben. Sprache stellt die Basis f\u00fcr kulturelle, wissenschaftlich-technische und [&hellip;]<\/p>\n","protected":false},"author":1,"featured_media":2925,"comment_status":"open","ping_status":"open","sticky":false,"template":"","format":"standard","meta":{"footnotes":""},"categories":[1],"tags":[],"class_list":["post-2928","post","type-post","status-publish","format-standard","has-post-thumbnail","hentry","category-dein-weg-am-wgg"],"_links":{"self":[{"href":"https:\/\/www.willi-graf-schulen.de\/gymnasium\/wp-json\/wp\/v2\/posts\/2928","targetHints":{"allow":["GET"]}}],"collection":[{"href":"https:\/\/www.willi-graf-schulen.de\/gymnasium\/wp-json\/wp\/v2\/posts"}],"about":[{"href":"https:\/\/www.willi-graf-schulen.de\/gymnasium\/wp-json\/wp\/v2\/types\/post"}],"author":[{"embeddable":true,"href":"https:\/\/www.willi-graf-schulen.de\/gymnasium\/wp-json\/wp\/v2\/users\/1"}],"replies":[{"embeddable":true,"href":"https:\/\/www.willi-graf-schulen.de\/gymnasium\/wp-json\/wp\/v2\/comments?post=2928"}],"version-history":[{"count":146,"href":"https:\/\/www.willi-graf-schulen.de\/gymnasium\/wp-json\/wp\/v2\/posts\/2928\/revisions"}],"predecessor-version":[{"id":18411,"href":"https:\/\/www.willi-graf-schulen.de\/gymnasium\/wp-json\/wp\/v2\/posts\/2928\/revisions\/18411"}],"wp:featuredmedia":[{"embeddable":true,"href":"https:\/\/www.willi-graf-schulen.de\/gymnasium\/wp-json\/wp\/v2\/media\/2925"}],"wp:attachment":[{"href":"https:\/\/www.willi-graf-schulen.de\/gymnasium\/wp-json\/wp\/v2\/media?parent=2928"}],"wp:term":[{"taxonomy":"category","embeddable":true,"href":"https:\/\/www.willi-graf-schulen.de\/gymnasium\/wp-json\/wp\/v2\/categories?post=2928"},{"taxonomy":"post_tag","embeddable":true,"href":"https:\/\/www.willi-graf-schulen.de\/gymnasium\/wp-json\/wp\/v2\/tags?post=2928"}],"curies":[{"name":"wp","href":"https:\/\/api.w.org\/{rel}","templated":true}]}}