{"id":2929,"date":"2015-03-28T20:03:27","date_gmt":"2015-03-28T19:03:27","guid":{"rendered":"https:\/\/www.willi-graf-schulen.de\/gymnasium\/englisch\/"},"modified":"2023-01-04T12:50:55","modified_gmt":"2023-01-04T11:50:55","slug":"englisch","status":"publish","type":"post","link":"https:\/\/www.willi-graf-schulen.de\/gymnasium\/englisch\/","title":{"rendered":"Englisch"},"content":{"rendered":"\t\t<div data-elementor-type=\"wp-post\" data-elementor-id=\"2929\" class=\"elementor elementor-2929\" data-elementor-post-type=\"post\">\n\t\t\t\t\t\t<section class=\"elementor-section elementor-top-section elementor-element elementor-element-6c3c3233 elementor-section-boxed elementor-section-height-default elementor-section-height-default\" data-id=\"6c3c3233\" data-element_type=\"section\" data-e-type=\"section\" data-settings=\"{&quot;jet_parallax_layout_list&quot;:[]}\">\n\t\t\t\t\t\t<div class=\"elementor-container elementor-column-gap-default\">\n\t\t\t\t\t<div class=\"elementor-column elementor-col-100 elementor-top-column elementor-element elementor-element-2a2e7211\" data-id=\"2a2e7211\" data-element_type=\"column\" data-e-type=\"column\">\n\t\t\t<div class=\"elementor-widget-wrap elementor-element-populated\">\n\t\t\t\t\t\t<div class=\"elementor-element elementor-element-42f30076 elementor-widget elementor-widget-text-editor\" data-id=\"42f30076\" data-element_type=\"widget\" data-e-type=\"widget\" data-widget_type=\"text-editor.default\">\n\t\t\t\t<div class=\"elementor-widget-container\">\n\t\t\t\t\t\t\t\t\t<h3>Englisch<\/h3><p><span style=\"font-weight: 400\">An unserer Schule wird Englisch in allen Klassen als 2. Fremdsprache ab Klasse 6 unterrichtet. In der Oberstufe werden in der Regel zwei bis drei Leistungskurse und ein bis zwei Grundkurse angeboten.<\/span><\/p><p><span style=\"font-weight: 400\">Zur F\u00f6rderung der Englischkenntnisse werden in jedem Schuljahr Werkst\u00e4tten f\u00fcr die unterschiedlichen Jahrgangsstufen angeboten.<\/span><\/p><h3>Lehrwerke, Medien und Ausleihbibliothek<\/h3><p><span style=\"font-weight: 400\">Ab Klasse 6 mit dem Lehrwerk\u00a0<\/span><b>Cornelsen \u201dEnglish Access\u201d<\/b><span style=\"font-weight: 400\">\u00a0gearbeitet. In der Oberstufe wird mit \u201ePathway\u201c gearbeitet, die Lekt\u00fcreauswahl erfolgt in Stufe 11 in R\u00fccksprache mit der Lehrperson und dem Kurs und richtet sich in Stufe 12 nach dem Lekt\u00fcrekanon.<\/span><\/p><p><span style=\"font-weight: 400\">Der Fachbereich verf\u00fcgt \u00fcber eine umfangreiche Mediensammlung mit Videos und einer Sch\u00fclerbibliothek f\u00fcr Anf\u00e4nger und Fortgeschrittene, die im Sprachenraum ausgeliehen werden k\u00f6nnen.<\/span><\/p><h3>Aktivit\u00e4ten<\/h3><p><span style=\"color: #2f2f2f;font-size: 18px;font-weight: 400;letter-spacing: 0px\">Der E-Kursbereich organisiert regelm\u00e4\u00dfig eine einw\u00f6chige\u00a0<\/span><b style=\"color: #2f2f2f;font-size: 18px;letter-spacing: 0px\">Kursfahrt<\/b><span style=\"color: #2f2f2f;font-size: 18px;font-weight: 400;letter-spacing: 0px\">\u00a0nach Gro\u00dfbritannien mit Besuchen in London, Eastbourne\/Beachy Head und Brighton. Es finden regelm\u00e4\u00dfig\u00a0<\/span><b style=\"color: #2f2f2f;font-size: 18px;letter-spacing: 0px\">Theaterbesuche<\/b><span style=\"color: #2f2f2f;font-size: 18px;font-weight: 400;letter-spacing: 0px\">\u00a0zu St\u00fccken in englischer Sprach und Kinobesuche statt.<\/span><\/p><p><span style=\"font-weight: 400\">Au\u00dferdem haben Sch\u00fcler*innen der Oberstufe die M\u00f6glichkeit, ein\u00a0<\/span><span style=\"font-weight: 400\">Cambridge<\/span><span style=\"font-weight: 400\"> Zertifikat<\/span><span style=\"font-weight: 400\">\u00a0zu erwerben.<\/span><\/p><p><span style=\"font-weight: 400\">In regelm\u00e4\u00dfigen Abst\u00e4nden steht dem Fachbereich ein\/e\u00a0<\/span><b>Fremdsprachenassistent\/-in<\/b><span style=\"font-weight: 400\">\u00a0aus Gro\u00dfbritannien, Irland oder den USA zur Verf\u00fcgung.<\/span><\/p><h3>Austausch<\/h3><p><span style=\"font-weight: 400\">Seit dem Schuljahr 2018\/19 pflegen wir in der Oberstufe einen Sch\u00fcleraustausch mit dem\u00a0<\/span><a href=\"https:\/\/www.svendborg-gym.dk\/\"><b>Svendborg Gymnasium<\/b><\/a><span style=\"font-weight: 400\">\u00a0in D\u00e4nemark, bei dem Englisch und Deutsch gesprochen wird.\u00a0<\/span><\/p><p>2022 konnten dann endlich wieder <a href=\"https:\/\/www.willi-graf-schulen.de\/gymnasium\/svendborg-austausch-endlich-wieder\/\">mehr als nur digitale Treffen stattfinden.<\/a><\/p>\t\t\t\t\t\t\t\t<\/div>\n\t\t\t\t<\/div>\n\t\t\t\t\t<\/div>\n\t\t<\/div>\n\t\t\t\t\t<\/div>\n\t\t<\/section>\n\t\t\t\t<section class=\"elementor-section elementor-top-section elementor-element elementor-element-4adb837 elementor-section-boxed elementor-section-height-default elementor-section-height-default\" data-id=\"4adb837\" data-element_type=\"section\" data-e-type=\"section\" data-settings=\"{&quot;jet_parallax_layout_list&quot;:[]}\">\n\t\t\t\t\t\t<div class=\"elementor-container elementor-column-gap-default\">\n\t\t\t\t\t<div class=\"elementor-column elementor-col-100 elementor-top-column elementor-element elementor-element-b47d728\" data-id=\"b47d728\" data-element_type=\"column\" data-e-type=\"column\">\n\t\t\t<div class=\"elementor-widget-wrap elementor-element-populated\">\n\t\t\t\t\t\t<div class=\"elementor-element elementor-element-c278ea7 elementor-widget elementor-widget-gallery\" data-id=\"c278ea7\" data-element_type=\"widget\" data-e-type=\"widget\" data-settings=\"{&quot;gap&quot;:{&quot;unit&quot;:&quot;px&quot;,&quot;size&quot;:&quot;1&quot;,&quot;sizes&quot;:[]},&quot;lazyload&quot;:&quot;yes&quot;,&quot;gallery_layout&quot;:&quot;grid&quot;,&quot;columns&quot;:4,&quot;columns_tablet&quot;:2,&quot;columns_mobile&quot;:1,&quot;gap_tablet&quot;:{&quot;unit&quot;:&quot;px&quot;,&quot;size&quot;:10,&quot;sizes&quot;:[]},&quot;gap_mobile&quot;:{&quot;unit&quot;:&quot;px&quot;,&quot;size&quot;:10,&quot;sizes&quot;:[]},&quot;link_to&quot;:&quot;file&quot;,&quot;aspect_ratio&quot;:&quot;3:2&quot;,&quot;overlay_background&quot;:&quot;yes&quot;,&quot;content_hover_animation&quot;:&quot;fade-in&quot;}\" data-widget_type=\"gallery.default\">\n\t\t\t\t<div class=\"elementor-widget-container\">\n\t\t\t\t\t\t\t<div class=\"elementor-gallery__container\">\n\t\t\t\t\t\t\t<a class=\"e-gallery-item elementor-gallery-item elementor-animated-content\" href=\"https:\/\/www.willi-graf-schulen.de\/gymnasium\/wp-content\/uploads\/sites\/5\/2022\/11\/Svendborg_2022_Titel-1-e1671795432755.jpg\" data-elementor-open-lightbox=\"yes\" data-elementor-lightbox-slideshow=\"c278ea7\" data-elementor-lightbox-title=\"Svendborg_2022_Titel\" data-e-action-hash=\"#elementor-action%3Aaction%3Dlightbox%26settings%3DeyJpZCI6MTExNTYsInVybCI6Imh0dHBzOlwvXC93d3cud2lsbGktZ3JhZi1zY2h1bGVuLmRlXC9neW1uYXNpdW1cL3dwLWNvbnRlbnRcL3VwbG9hZHNcL3NpdGVzXC81XC8yMDIyXC8xMVwvU3ZlbmRib3JnXzIwMjJfVGl0ZWwtMS1lMTY3MTc5NTQzMjc1NS5qcGciLCJzbGlkZXNob3ciOiJjMjc4ZWE3In0%3D\">\n\t\t\t\t\t<div class=\"e-gallery-image elementor-gallery-item__image\" data-thumbnail=\"https:\/\/www.willi-graf-schulen.de\/gymnasium\/wp-content\/uploads\/sites\/5\/2022\/11\/Svendborg_2022_Titel-1-e1671795432755-300x200.jpg\" data-width=\"300\" data-height=\"200\" aria-label=\"\" role=\"img\" ><\/div>\n\t\t\t\t\t\t\t\t\t\t\t<div class=\"elementor-gallery-item__overlay\"><\/div>\n\t\t\t\t\t\t\t\t\t\t\t\t\t\t<\/a>\n\t\t\t\t\t\t\t<a class=\"e-gallery-item elementor-gallery-item elementor-animated-content\" href=\"https:\/\/www.willi-graf-schulen.de\/gymnasium\/wp-content\/uploads\/sites\/5\/2022\/11\/Svendborg_2022_01.jpg\" data-elementor-open-lightbox=\"yes\" data-elementor-lightbox-slideshow=\"c278ea7\" data-elementor-lightbox-title=\"Svendborg_2022_01\" data-e-action-hash=\"#elementor-action%3Aaction%3Dlightbox%26settings%3DeyJpZCI6MTExNTcsInVybCI6Imh0dHBzOlwvXC93d3cud2lsbGktZ3JhZi1zY2h1bGVuLmRlXC9neW1uYXNpdW1cL3dwLWNvbnRlbnRcL3VwbG9hZHNcL3NpdGVzXC81XC8yMDIyXC8xMVwvU3ZlbmRib3JnXzIwMjJfMDEuanBnIiwic2xpZGVzaG93IjoiYzI3OGVhNyJ9\">\n\t\t\t\t\t<div class=\"e-gallery-image elementor-gallery-item__image\" data-thumbnail=\"https:\/\/www.willi-graf-schulen.de\/gymnasium\/wp-content\/uploads\/sites\/5\/2022\/11\/Svendborg_2022_01-300x169.jpg\" data-width=\"300\" data-height=\"169\" aria-label=\"\" role=\"img\" ><\/div>\n\t\t\t\t\t\t\t\t\t\t\t<div class=\"elementor-gallery-item__overlay\"><\/div>\n\t\t\t\t\t\t\t\t\t\t\t\t\t\t<\/a>\n\t\t\t\t\t\t\t<a class=\"e-gallery-item elementor-gallery-item elementor-animated-content\" href=\"https:\/\/www.willi-graf-schulen.de\/gymnasium\/wp-content\/uploads\/sites\/5\/2022\/11\/Svendborg_2022_02.jpg\" data-elementor-open-lightbox=\"yes\" data-elementor-lightbox-slideshow=\"c278ea7\" data-elementor-lightbox-title=\"Svendborg_2022_02\" data-e-action-hash=\"#elementor-action%3Aaction%3Dlightbox%26settings%3DeyJpZCI6MTExNTgsInVybCI6Imh0dHBzOlwvXC93d3cud2lsbGktZ3JhZi1zY2h1bGVuLmRlXC9neW1uYXNpdW1cL3dwLWNvbnRlbnRcL3VwbG9hZHNcL3NpdGVzXC81XC8yMDIyXC8xMVwvU3ZlbmRib3JnXzIwMjJfMDIuanBnIiwic2xpZGVzaG93IjoiYzI3OGVhNyJ9\">\n\t\t\t\t\t<div class=\"e-gallery-image elementor-gallery-item__image\" data-thumbnail=\"https:\/\/www.willi-graf-schulen.de\/gymnasium\/wp-content\/uploads\/sites\/5\/2022\/11\/Svendborg_2022_02-300x169.jpg\" data-width=\"300\" data-height=\"169\" aria-label=\"\" role=\"img\" ><\/div>\n\t\t\t\t\t\t\t\t\t\t\t<div class=\"elementor-gallery-item__overlay\"><\/div>\n\t\t\t\t\t\t\t\t\t\t\t\t\t\t<\/a>\n\t\t\t\t\t\t\t<a class=\"e-gallery-item elementor-gallery-item elementor-animated-content\" href=\"https:\/\/www.willi-graf-schulen.de\/gymnasium\/wp-content\/uploads\/sites\/5\/2022\/11\/Svendborg_2022_03.jpg\" data-elementor-open-lightbox=\"yes\" data-elementor-lightbox-slideshow=\"c278ea7\" data-elementor-lightbox-title=\"Svendborg_2022_03\" data-e-action-hash=\"#elementor-action%3Aaction%3Dlightbox%26settings%3DeyJpZCI6MTExNTksInVybCI6Imh0dHBzOlwvXC93d3cud2lsbGktZ3JhZi1zY2h1bGVuLmRlXC9neW1uYXNpdW1cL3dwLWNvbnRlbnRcL3VwbG9hZHNcL3NpdGVzXC81XC8yMDIyXC8xMVwvU3ZlbmRib3JnXzIwMjJfMDMuanBnIiwic2xpZGVzaG93IjoiYzI3OGVhNyJ9\">\n\t\t\t\t\t<div class=\"e-gallery-image elementor-gallery-item__image\" data-thumbnail=\"https:\/\/www.willi-graf-schulen.de\/gymnasium\/wp-content\/uploads\/sites\/5\/2022\/11\/Svendborg_2022_03-300x169.jpg\" data-width=\"300\" data-height=\"169\" aria-label=\"\" role=\"img\" ><\/div>\n\t\t\t\t\t\t\t\t\t\t\t<div class=\"elementor-gallery-item__overlay\"><\/div>\n\t\t\t\t\t\t\t\t\t\t\t\t\t\t<\/a>\n\t\t\t\t\t<\/div>\n\t\t\t\t\t<\/div>\n\t\t\t\t<\/div>\n\t\t\t\t\t<\/div>\n\t\t<\/div>\n\t\t\t\t\t<\/div>\n\t\t<\/section>\n\t\t\t\t<\/div>\n\t\t","protected":false},"excerpt":{"rendered":"<p>Englisch An unserer Schule wird Englisch in allen Klassen als 2. Fremdsprache ab Klasse 6 unterrichtet. In der Oberstufe werden in der Regel zwei bis drei Leistungskurse und ein bis zwei Grundkurse angeboten. Zur F\u00f6rderung der Englischkenntnisse werden in jedem Schuljahr Werkst\u00e4tten f\u00fcr die unterschiedlichen Jahrgangsstufen angeboten. Lehrwerke, Medien und Ausleihbibliothek Ab Klasse 6 mit [&hellip;]<\/p>\n","protected":false},"author":1,"featured_media":0,"comment_status":"open","ping_status":"open","sticky":false,"template":"","format":"standard","meta":{"footnotes":""},"categories":[1],"tags":[],"class_list":["post-2929","post","type-post","status-publish","format-standard","hentry","category-dein-weg-am-wgg"],"_links":{"self":[{"href":"https:\/\/www.willi-graf-schulen.de\/gymnasium\/wp-json\/wp\/v2\/posts\/2929","targetHints":{"allow":["GET"]}}],"collection":[{"href":"https:\/\/www.willi-graf-schulen.de\/gymnasium\/wp-json\/wp\/v2\/posts"}],"about":[{"href":"https:\/\/www.willi-graf-schulen.de\/gymnasium\/wp-json\/wp\/v2\/types\/post"}],"author":[{"embeddable":true,"href":"https:\/\/www.willi-graf-schulen.de\/gymnasium\/wp-json\/wp\/v2\/users\/1"}],"replies":[{"embeddable":true,"href":"https:\/\/www.willi-graf-schulen.de\/gymnasium\/wp-json\/wp\/v2\/comments?post=2929"}],"version-history":[{"count":35,"href":"https:\/\/www.willi-graf-schulen.de\/gymnasium\/wp-json\/wp\/v2\/posts\/2929\/revisions"}],"predecessor-version":[{"id":12478,"href":"https:\/\/www.willi-graf-schulen.de\/gymnasium\/wp-json\/wp\/v2\/posts\/2929\/revisions\/12478"}],"wp:attachment":[{"href":"https:\/\/www.willi-graf-schulen.de\/gymnasium\/wp-json\/wp\/v2\/media?parent=2929"}],"wp:term":[{"taxonomy":"category","embeddable":true,"href":"https:\/\/www.willi-graf-schulen.de\/gymnasium\/wp-json\/wp\/v2\/categories?post=2929"},{"taxonomy":"post_tag","embeddable":true,"href":"https:\/\/www.willi-graf-schulen.de\/gymnasium\/wp-json\/wp\/v2\/tags?post=2929"}],"curies":[{"name":"wp","href":"https:\/\/api.w.org\/{rel}","templated":true}]}}