{"id":2930,"date":"2015-03-28T20:04:03","date_gmt":"2015-03-28T19:04:03","guid":{"rendered":"https:\/\/www.willi-graf-schulen.de\/gymnasium\/spanisch\/"},"modified":"2024-08-23T09:28:03","modified_gmt":"2024-08-23T07:28:03","slug":"spanisch","status":"publish","type":"post","link":"https:\/\/www.willi-graf-schulen.de\/gymnasium\/spanisch\/","title":{"rendered":"Spanisch"},"content":{"rendered":"\t\t<div data-elementor-type=\"wp-post\" data-elementor-id=\"2930\" class=\"elementor elementor-2930\" data-elementor-post-type=\"post\">\n\t\t\t\t\t\t<section class=\"elementor-section elementor-top-section elementor-element elementor-element-6a88015a elementor-section-boxed elementor-section-height-default elementor-section-height-default\" data-id=\"6a88015a\" data-element_type=\"section\" data-e-type=\"section\" data-settings=\"{&quot;jet_parallax_layout_list&quot;:[]}\">\n\t\t\t\t\t\t<div class=\"elementor-container elementor-column-gap-default\">\n\t\t\t\t\t<div class=\"elementor-column elementor-col-100 elementor-top-column elementor-element elementor-element-56443fc5\" data-id=\"56443fc5\" data-element_type=\"column\" data-e-type=\"column\">\n\t\t\t<div class=\"elementor-widget-wrap elementor-element-populated\">\n\t\t\t\t\t\t<div class=\"elementor-element elementor-element-38c5edb elementor-widget elementor-widget-image\" data-id=\"38c5edb\" data-element_type=\"widget\" data-e-type=\"widget\" data-widget_type=\"image.default\">\n\t\t\t\t<div class=\"elementor-widget-container\">\n\t\t\t\t\t\t\t\t\t\t\t\t\t\t\t<img fetchpriority=\"high\" decoding=\"async\" width=\"1024\" height=\"417\" src=\"https:\/\/www.willi-graf-schulen.de\/gymnasium\/wp-content\/uploads\/sites\/5\/2015\/03\/Spanisch-Begruessung-1024x417.png\" class=\"attachment-large size-large wp-image-12768\" alt=\"\" srcset=\"https:\/\/www.willi-graf-schulen.de\/gymnasium\/wp-content\/uploads\/sites\/5\/2015\/03\/Spanisch-Begruessung-1024x417.png 1024w, https:\/\/www.willi-graf-schulen.de\/gymnasium\/wp-content\/uploads\/sites\/5\/2015\/03\/Spanisch-Begruessung-300x122.png 300w, https:\/\/www.willi-graf-schulen.de\/gymnasium\/wp-content\/uploads\/sites\/5\/2015\/03\/Spanisch-Begruessung-768x313.png 768w, https:\/\/www.willi-graf-schulen.de\/gymnasium\/wp-content\/uploads\/sites\/5\/2015\/03\/Spanisch-Begruessung-1536x625.png 1536w, https:\/\/www.willi-graf-schulen.de\/gymnasium\/wp-content\/uploads\/sites\/5\/2015\/03\/Spanisch-Begruessung-600x244.png 600w, https:\/\/www.willi-graf-schulen.de\/gymnasium\/wp-content\/uploads\/sites\/5\/2015\/03\/Spanisch-Begruessung.png 1558w\" sizes=\"(max-width: 1024px) 100vw, 1024px\" \/>\t\t\t\t\t\t\t\t\t\t\t\t\t\t\t<\/div>\n\t\t\t\t<\/div>\n\t\t\t\t<div class=\"elementor-element elementor-element-10210394 elementor-widget elementor-widget-text-editor\" data-id=\"10210394\" data-element_type=\"widget\" data-e-type=\"widget\" data-widget_type=\"text-editor.default\">\n\t\t\t\t<div class=\"elementor-widget-container\">\n\t\t\t\t\t\t\t\t\t<p style=\"font-weight: 400\">Das Fach Spanisch wird am Willi-Graf-Gymnasium als 3. Fremdsprache ab der Klassenstufe 8 in der Fremdsprachenfolge Franz\u00f6sisch &#8211; Englisch &#8211; Spanisch unterrichtet.<\/p><h3>Warum Spanisch?<\/h3><p style=\"font-weight: 400\">Das Spanische geh\u00f6rt zu den meist verbreiteten Sprachen weltweit. Es ist Amtssprache \u00a0in 21 L\u00e4ndern: in Spanien, in Nord-, Mittel- und S\u00fcdamerika (regional auch in den USA!) und in Afrika. Spanisch als Muttersprache sprechen ca. 470\u00a0 Millionen Menschen. Damit befindet es sich in der Rangliste noch vor dem Englischen.<\/p><p style=\"font-weight: 400\">Zudem ist Spanisch Amtssprache in Institutionen wie der EU und der UNO.<\/p><p style=\"font-weight: 400\">Insbesondere im Hinblick auf eine sp\u00e4tere berufliche Qualifizierung im Wirtschaftsbereich k\u00f6nnen Kenntnisse der spanischen Sprache von Nutzen sein.<\/p><h3>Ausstattung:<\/h3><div><p>Im Unterricht der Jahrgangsstufen 8 bis 10 wird \u201eEncuentros Edici\u00f3n 3000\u201c (Cornelsen-Verlag) als Lehrwerk eingesetzt. In den Unterricht integriert ist die Nutzung digitaler Medien.<\/p><\/div><div><p>Der Bibliotheksbestand des Fachbereiches bietet den Sch\u00fcler*innen Zugang zu einsprachigen und zweisprachigen W\u00f6rterb\u00fcchern. Materialien zur Landeskunde und Literatur stehen den Sch\u00fcler*innen ebenfalls zur Verf\u00fcgung. Zur Sammlung des Faches geh\u00f6ren dar\u00fcber hinaus audiovisuelle Medien und Grammatikb\u00fccher.<\/p><\/div><div><p>Der Bibliotheksbestand des Faches wird j\u00e4hrlich ausgebaut.<\/p><\/div><h3><b>Motivation:<\/b><\/h3><p style=\"font-weight: 400\">Die Fachschaft bem\u00fcht sich den Sch\u00fcler*innen Austauschm\u00f6glichkeiten anzubieten.<\/p><p style=\"font-weight: 400\">In regelm\u00e4\u00dfigen Abst\u00e4nden steht dem Fachbereich eine Fremdsprachenassistenzkraft zur Verf\u00fcgung.<\/p><p style=\"font-weight: 400\">In der Klassenstufe 8 findet ein Profiltag statt, an dem ein auf die Lerngruppe abgestimmtes Projekt durchgef\u00fchrt wird.<\/p><h3>Fachschaft Spanisch:<\/h3><p style=\"font-weight: 400\">Charline Greco<\/p><p>Andrea Jung<\/p><p style=\"font-weight: 400\">Melanie Koch<\/p><p style=\"font-weight: 400\">Ana Leiner-Rivera<\/p><p style=\"font-weight: 400\">Sarah Lotz<\/p><p style=\"font-weight: 400\">Katja Rebmann<\/p><p style=\"font-weight: 400\">Carolin Rauber<\/p>\t\t\t\t\t\t\t\t<\/div>\n\t\t\t\t<\/div>\n\t\t\t\t\t<\/div>\n\t\t<\/div>\n\t\t\t\t\t<\/div>\n\t\t<\/section>\n\t\t\t\t<\/div>\n\t\t","protected":false},"excerpt":{"rendered":"<p>\/*! elementor &#8211; v3.23.0 &#8211; 05-08-2024 *\/ .elementor-widget-image{text-align:center}.elementor-widget-image a{display:inline-block}.elementor-widget-image a img[src$=&#8220;.svg&#8220;]{width:48px}.elementor-widget-image img{vertical-align:middle;display:inline-block} Das Fach Spanisch wird am Willi-Graf-Gymnasium als 3. Fremdsprache ab der Klassenstufe 8 in der Fremdsprachenfolge Franz\u00f6sisch &#8211; Englisch &#8211; Spanisch unterrichtet. Warum Spanisch? Das Spanische geh\u00f6rt zu den meist verbreiteten Sprachen weltweit. Es ist Amtssprache \u00a0in 21 L\u00e4ndern: in Spanien, in Nord-, [&hellip;]<\/p>\n","protected":false},"author":1,"featured_media":0,"comment_status":"open","ping_status":"open","sticky":false,"template":"","format":"standard","meta":{"footnotes":""},"categories":[1],"tags":[],"class_list":["post-2930","post","type-post","status-publish","format-standard","hentry","category-dein-weg-am-wgg"],"_links":{"self":[{"href":"https:\/\/www.willi-graf-schulen.de\/gymnasium\/wp-json\/wp\/v2\/posts\/2930","targetHints":{"allow":["GET"]}}],"collection":[{"href":"https:\/\/www.willi-graf-schulen.de\/gymnasium\/wp-json\/wp\/v2\/posts"}],"about":[{"href":"https:\/\/www.willi-graf-schulen.de\/gymnasium\/wp-json\/wp\/v2\/types\/post"}],"author":[{"embeddable":true,"href":"https:\/\/www.willi-graf-schulen.de\/gymnasium\/wp-json\/wp\/v2\/users\/1"}],"replies":[{"embeddable":true,"href":"https:\/\/www.willi-graf-schulen.de\/gymnasium\/wp-json\/wp\/v2\/comments?post=2930"}],"version-history":[{"count":44,"href":"https:\/\/www.willi-graf-schulen.de\/gymnasium\/wp-json\/wp\/v2\/posts\/2930\/revisions"}],"predecessor-version":[{"id":17407,"href":"https:\/\/www.willi-graf-schulen.de\/gymnasium\/wp-json\/wp\/v2\/posts\/2930\/revisions\/17407"}],"wp:attachment":[{"href":"https:\/\/www.willi-graf-schulen.de\/gymnasium\/wp-json\/wp\/v2\/media?parent=2930"}],"wp:term":[{"taxonomy":"category","embeddable":true,"href":"https:\/\/www.willi-graf-schulen.de\/gymnasium\/wp-json\/wp\/v2\/categories?post=2930"},{"taxonomy":"post_tag","embeddable":true,"href":"https:\/\/www.willi-graf-schulen.de\/gymnasium\/wp-json\/wp\/v2\/tags?post=2930"}],"curies":[{"name":"wp","href":"https:\/\/api.w.org\/{rel}","templated":true}]}}