{"id":2943,"date":"2015-03-28T20:12:38","date_gmt":"2015-03-28T19:12:38","guid":{"rendered":"https:\/\/www.willi-graf-schulen.de\/gymnasium\/informatik\/"},"modified":"2023-12-07T10:48:34","modified_gmt":"2023-12-07T09:48:34","slug":"informatik","status":"publish","type":"post","link":"https:\/\/www.willi-graf-schulen.de\/gymnasium\/informatik\/","title":{"rendered":"Informatik"},"content":{"rendered":"\t\t<div data-elementor-type=\"wp-post\" data-elementor-id=\"2943\" class=\"elementor elementor-2943\" data-elementor-post-type=\"post\">\n\t\t\t\t\t\t<section class=\"elementor-section elementor-top-section elementor-element elementor-element-461b588f elementor-section-boxed elementor-section-height-default elementor-section-height-default\" data-id=\"461b588f\" data-element_type=\"section\" data-e-type=\"section\" data-settings=\"{&quot;jet_parallax_layout_list&quot;:[]}\">\n\t\t\t\t\t\t<div class=\"elementor-container elementor-column-gap-default\">\n\t\t\t\t\t<div class=\"elementor-column elementor-col-100 elementor-top-column elementor-element elementor-element-36b51983\" data-id=\"36b51983\" data-element_type=\"column\" data-e-type=\"column\">\n\t\t\t<div class=\"elementor-widget-wrap elementor-element-populated\">\n\t\t\t\t\t\t<div class=\"elementor-element elementor-element-9313c7a elementor-widget elementor-widget-text-editor\" data-id=\"9313c7a\" data-element_type=\"widget\" data-e-type=\"widget\" data-widget_type=\"text-editor.default\">\n\t\t\t\t<div class=\"elementor-widget-container\">\n\t\t\t\t\t\t\t\t\t<h3 style=\"font-weight: 400\"><strong>INFORMATIK AM WGG<\/strong><\/h3><h3 style=\"font-weight: 400\"><strong>INHALTE UND ZIELE DES INFORMATIKUNTERRICHTS<\/strong><\/h3><p style=\"font-weight: 400\">(in Anlehnung an den Lehrplan Informatik f\u00fcr das neunj\u00e4hrige Gymnasium im Saarland)<\/p><p style=\"font-weight: 400\">Ab dem Schuljahr 2023\/24 wurde Informatik als Pflichtfach ab Klasse 7 eingef\u00fchrt. Zun\u00e4chst soll hier ein breites Orientierungswissen vermittelt werden. Zentrale Inhaltsbereiche, in denen grundlegende informatische Kompetenzen vermittelt werden sollen, sind hierbei:<\/p><ul><li>Aufbau und Nutzung von Computern<\/li><li>Rechnernetze und das Internet<\/li><li>Daten darstellen und verarbeiten (Tabellenkalkulationssysteme)<\/li><li>Codierung<\/li><li>Algorithmik und imperative Programmierung<\/li><\/ul>\t\t\t\t\t\t\t\t<\/div>\n\t\t\t\t<\/div>\n\t\t\t\t<div class=\"elementor-element elementor-element-7032e34 elementor-widget elementor-widget-image\" data-id=\"7032e34\" data-element_type=\"widget\" data-e-type=\"widget\" data-widget_type=\"image.default\">\n\t\t\t\t<div class=\"elementor-widget-container\">\n\t\t\t\t\t\t\t\t\t\t\t\t\t\t\t<img fetchpriority=\"high\" decoding=\"async\" width=\"768\" height=\"576\" src=\"https:\/\/www.willi-graf-schulen.de\/gymnasium\/wp-content\/uploads\/sites\/5\/2015\/03\/Computerraum-01-768x576.jpg\" class=\"attachment-medium_large size-medium_large wp-image-15896\" alt=\"\" srcset=\"https:\/\/www.willi-graf-schulen.de\/gymnasium\/wp-content\/uploads\/sites\/5\/2015\/03\/Computerraum-01-768x576.jpg 768w, https:\/\/www.willi-graf-schulen.de\/gymnasium\/wp-content\/uploads\/sites\/5\/2015\/03\/Computerraum-01-300x225.jpg 300w, https:\/\/www.willi-graf-schulen.de\/gymnasium\/wp-content\/uploads\/sites\/5\/2015\/03\/Computerraum-01-1024x768.jpg 1024w, https:\/\/www.willi-graf-schulen.de\/gymnasium\/wp-content\/uploads\/sites\/5\/2015\/03\/Computerraum-01-1536x1152.jpg 1536w, https:\/\/www.willi-graf-schulen.de\/gymnasium\/wp-content\/uploads\/sites\/5\/2015\/03\/Computerraum-01-600x450.jpg 600w, https:\/\/www.willi-graf-schulen.de\/gymnasium\/wp-content\/uploads\/sites\/5\/2015\/03\/Computerraum-01.jpg 1600w\" sizes=\"(max-width: 768px) 100vw, 768px\" \/>\t\t\t\t\t\t\t\t\t\t\t\t\t\t\t<\/div>\n\t\t\t\t<\/div>\n\t\t\t\t<div class=\"elementor-element elementor-element-4ab0330 elementor-widget elementor-widget-text-editor\" data-id=\"4ab0330\" data-element_type=\"widget\" data-e-type=\"widget\" data-widget_type=\"text-editor.default\">\n\t\t\t\t<div class=\"elementor-widget-container\">\n\t\t\t\t\t\t\t\t\t<p style=\"font-weight: 400\">Bei diesem breiten Spektrum der Themenbereiche legen wir gro\u00dfen Wert auf eine alltagsnahe Betrachtung unter Einbeziehung lebensweltbezogener Beispiele (z. B. IBAN, QR-Codes) sowie aktuell relevanter Fragen (z. B. Datenschutz und Urheberreicht). In Klasse 7 und 8 starten wir den Einstieg in die Algorithmik und Programmierung spielerisch mithilfe von blockbasierter Programmierungsumgebungen wie Scratch und Open Roberta.<\/p><p style=\"font-weight: 400\">In Klasse 8 erfolgt eine Vertiefung der Grundlagen. Zudem kommen mit den Bereichen<\/p><ul><li>Grundlagen der IT-Sicherheit<\/li><li>Datenmodellierung und Datenbanksysteme<\/li><\/ul><p style=\"font-weight: 400\">zwei sehr praxisnahe Bereiche hinzu.<\/p>\t\t\t\t\t\t\t\t<\/div>\n\t\t\t\t<\/div>\n\t\t\t\t<div class=\"elementor-element elementor-element-5a5700bd elementor-widget elementor-widget-text-editor\" data-id=\"5a5700bd\" data-element_type=\"widget\" data-e-type=\"widget\" data-widget_type=\"text-editor.default\">\n\t\t\t\t<div class=\"elementor-widget-container\">\n\t\t\t\t\t\t\t\t\t<h3>Themenbereiche der Oberstufe<\/h3><table border=\"0\"><tbody><tr><td>10<\/td><td><p>Zahlensysteme, Datenverarbeitungsgrundlagen, Anwendungen,<br \/>Internet, Grundlagen der Programmentwicklung<\/p><\/td><\/tr><tr><td>11\/1<\/td><td><p>Strukturiertes Programmieren<br \/>Objektorientiertes Modellieren und Programmieren<\/p><\/td><\/tr><tr><td>11\/2<\/td><td><p>Datentypen und Datenstrukturen<br \/>Suchen und Sortieren<\/p><\/td><\/tr><tr><td>12\/1<\/td><td><p>Algorithmenanalyse<br \/>Automatentheorie und formale Sprachen<\/p><\/td><\/tr><tr><td><p>12\/2<\/p><\/td><td><p>Funktionsweise von Computersystemen<br \/>Kryptographie, Kryptoanalyse<br \/>Kommunikation<\/p><\/td><\/tr><\/tbody><\/table><h4>\u00a0<\/h4>\t\t\t\t\t\t\t\t<\/div>\n\t\t\t\t<\/div>\n\t\t\t\t<div class=\"elementor-element elementor-element-4a60c74 elementor-widget elementor-widget-text-editor\" data-id=\"4a60c74\" data-element_type=\"widget\" data-e-type=\"widget\" data-widget_type=\"text-editor.default\">\n\t\t\t\t<div class=\"elementor-widget-container\">\n\t\t\t\t\t\t\t\t\t<h3 style=\"font-weight: 400\"><strong>AUSSTATTUNG<\/strong><\/h3><p style=\"font-weight: 400\">F\u00fcr den Informatikunterricht steht ein modern eingerichteter Lehrsaal mit Computerarbeitspl\u00e4tzen zur Verf\u00fcgung. Zudem stehen die programmierbaren Mikrocontroller \u201eCalliope mini\u201c und dazu passend mehrere \u201eCalli.Bot\u201d, ein kleiner programmierbarer Roboter zur Verf\u00fcgung, mit denen eine motivierende Gestaltung des Themenbereichs der Programmierung vor allem in der Mittelstufe m\u00f6glich ist.<\/p>\t\t\t\t\t\t\t\t<\/div>\n\t\t\t\t<\/div>\n\t\t\t\t<div class=\"elementor-element elementor-element-333e00d elementor-widget elementor-widget-text-editor\" data-id=\"333e00d\" data-element_type=\"widget\" data-e-type=\"widget\" data-widget_type=\"text-editor.default\">\n\t\t\t\t<div class=\"elementor-widget-container\">\n\t\t\t\t\t\t\t\t\t<h3 style=\"font-weight: 400\"><strong>PROJEKTE UND WETTBEWERBE<\/strong><\/h3><p style=\"font-weight: 400\">Als Erg\u00e4nzung zum regul\u00e4ren Unterricht nehmen wir an verschiedenen Wettbewerben teil. Diese erm\u00f6glichen Sch\u00fclerinnen und Sch\u00fclern nicht nur, ihre Fachkenntnisse zu vertiefen, sondern diese auch in einer motivierenden Umgebung anzuwenden und somit ihre Probleml\u00f6sef\u00e4higkeit zu st\u00e4rken.<\/p><ul><li>Jugendwettbewerb Informatik<\/li><li>Informatik-Biber<\/li><\/ul>\t\t\t\t\t\t\t\t<\/div>\n\t\t\t\t<\/div>\n\t\t\t\t<div class=\"elementor-element elementor-element-dfd8da0 elementor-widget elementor-widget-text-editor\" data-id=\"dfd8da0\" data-element_type=\"widget\" data-e-type=\"widget\" data-widget_type=\"text-editor.default\">\n\t\t\t\t<div class=\"elementor-widget-container\">\n\t\t\t\t\t\t\t\t\t<h3 style=\"font-weight: 400\"><strong>DIE FACHSCHAFT INFORMATIK<\/strong><\/h3><p style=\"font-weight: 400\">Lan Huckert<\/p><p style=\"font-weight: 400\">Andreas Friedrichs<\/p><p style=\"font-weight: 400\">Viktoria Wirbel<\/p>\t\t\t\t\t\t\t\t<\/div>\n\t\t\t\t<\/div>\n\t\t\t\t\t<\/div>\n\t\t<\/div>\n\t\t\t\t\t<\/div>\n\t\t<\/section>\n\t\t\t\t<\/div>\n\t\t","protected":false},"excerpt":{"rendered":"<p>INFORMATIK AM WGG INHALTE UND ZIELE DES INFORMATIKUNTERRICHTS (in Anlehnung an den Lehrplan Informatik f\u00fcr das neunj\u00e4hrige Gymnasium im Saarland) Ab dem Schuljahr 2023\/24 wurde Informatik als Pflichtfach ab Klasse 7 eingef\u00fchrt. Zun\u00e4chst soll hier ein breites Orientierungswissen vermittelt werden. Zentrale Inhaltsbereiche, in denen grundlegende informatische Kompetenzen vermittelt werden sollen, sind hierbei: Aufbau und Nutzung [&hellip;]<\/p>\n","protected":false},"author":1,"featured_media":2942,"comment_status":"open","ping_status":"open","sticky":false,"template":"","format":"standard","meta":{"footnotes":""},"categories":[1],"tags":[],"class_list":["post-2943","post","type-post","status-publish","format-standard","has-post-thumbnail","hentry","category-dein-weg-am-wgg"],"_links":{"self":[{"href":"https:\/\/www.willi-graf-schulen.de\/gymnasium\/wp-json\/wp\/v2\/posts\/2943","targetHints":{"allow":["GET"]}}],"collection":[{"href":"https:\/\/www.willi-graf-schulen.de\/gymnasium\/wp-json\/wp\/v2\/posts"}],"about":[{"href":"https:\/\/www.willi-graf-schulen.de\/gymnasium\/wp-json\/wp\/v2\/types\/post"}],"author":[{"embeddable":true,"href":"https:\/\/www.willi-graf-schulen.de\/gymnasium\/wp-json\/wp\/v2\/users\/1"}],"replies":[{"embeddable":true,"href":"https:\/\/www.willi-graf-schulen.de\/gymnasium\/wp-json\/wp\/v2\/comments?post=2943"}],"version-history":[{"count":34,"href":"https:\/\/www.willi-graf-schulen.de\/gymnasium\/wp-json\/wp\/v2\/posts\/2943\/revisions"}],"predecessor-version":[{"id":15926,"href":"https:\/\/www.willi-graf-schulen.de\/gymnasium\/wp-json\/wp\/v2\/posts\/2943\/revisions\/15926"}],"wp:featuredmedia":[{"embeddable":true,"href":"https:\/\/www.willi-graf-schulen.de\/gymnasium\/wp-json\/wp\/v2\/media\/2942"}],"wp:attachment":[{"href":"https:\/\/www.willi-graf-schulen.de\/gymnasium\/wp-json\/wp\/v2\/media?parent=2943"}],"wp:term":[{"taxonomy":"category","embeddable":true,"href":"https:\/\/www.willi-graf-schulen.de\/gymnasium\/wp-json\/wp\/v2\/categories?post=2943"},{"taxonomy":"post_tag","embeddable":true,"href":"https:\/\/www.willi-graf-schulen.de\/gymnasium\/wp-json\/wp\/v2\/tags?post=2943"}],"curies":[{"name":"wp","href":"https:\/\/api.w.org\/{rel}","templated":true}]}}