{"id":2950,"date":"2015-03-28T20:13:47","date_gmt":"2015-03-28T19:13:47","guid":{"rendered":"https:\/\/www.willi-graf-schulen.de\/gymnasium\/physik\/"},"modified":"2023-11-30T14:28:42","modified_gmt":"2023-11-30T13:28:42","slug":"physik","status":"publish","type":"post","link":"https:\/\/www.willi-graf-schulen.de\/gymnasium\/physik\/","title":{"rendered":"Physik"},"content":{"rendered":"\t\t<div data-elementor-type=\"wp-post\" data-elementor-id=\"2950\" class=\"elementor elementor-2950\" data-elementor-post-type=\"post\">\n\t\t\t\t\t\t<section class=\"elementor-section elementor-top-section elementor-element elementor-element-278b1f78 elementor-section-boxed elementor-section-height-default elementor-section-height-default\" data-id=\"278b1f78\" data-element_type=\"section\" data-e-type=\"section\" data-settings=\"{&quot;jet_parallax_layout_list&quot;:[]}\">\n\t\t\t\t\t\t<div class=\"elementor-container elementor-column-gap-default\">\n\t\t\t\t\t<div class=\"elementor-column elementor-col-100 elementor-top-column elementor-element elementor-element-6740e4ab\" data-id=\"6740e4ab\" data-element_type=\"column\" data-e-type=\"column\">\n\t\t\t<div class=\"elementor-widget-wrap elementor-element-populated\">\n\t\t\t\t\t\t<div class=\"elementor-element elementor-element-16aea310 elementor-widget elementor-widget-text-editor\" data-id=\"16aea310\" data-element_type=\"widget\" data-e-type=\"widget\" data-widget_type=\"text-editor.default\">\n\t\t\t\t<div class=\"elementor-widget-container\">\n\t\t\t\t\t\t\t\t\t<h3>Unser Ziel, unsere M\u00f6glichkeiten:<\/h3><p class=\"p1\">Physik begreifbar machen,\u00a0das ist unser Ziel am Willi-Graf-Gymnasium. Dazu gilt es f\u00fcr uns Physiklehrerinnen und Lehrer am WGG,\u00a0alle Sch\u00fclerinnen und Sch\u00fcler\u00a0schon fr\u00fch\u00a0f\u00fcr den Physikunterricht zu begeistern.\u00a0Deshalb\u00a0haben wir\u00a0am Willi-Graf-Gymnasium in den\u00a0Klassenstufen\u00a06\u00a0und\u00a07\u00a0ein Trimestersystem entwickelt, bei dem die Sch\u00fclerinnen und Sch\u00fcler\u00a0jedes Jahr ein Trimester\u00a0lang einen\u00a0vom Fachlehrer gef\u00fchrten Physikunterricht besuchen\u00a0und damit, anders als in anderen Schulen, bereits ab Klasse 6 einen vollwertigen Physikunterricht besuchen. Dies erm\u00f6glicht den Sch\u00fclerinnen und Sch\u00fclern\u00a0auch, sich bereits fr\u00fchzeitig auf die Profilwahl\u00a0Ende der Klassenstufe 7 vorzubereiten. Denn\u00a0an unserer Schule\u00a0gibt es\u00a0die M\u00f6glichkeit, das Profilfach Naturwissenschaften (MINT) in den Klassen 8 &#8211; 10\u00a0anstelle der dritten Fremdsprache zu w\u00e4hlen. Das Fach Physik ist in dem naturwissenschaftlichen Zweig ein Hauptfach mit vier bzw. drei Wochenstunden.<\/p><h3>R\u00e4umlichkeiten<\/h3><p><span style=\"font-weight: 400;\">An den Willi-Graf-Schulen sind wir mit\u00a0vielf\u00e4ltigen\u00a0Fachr\u00e4umen ausgestattet. F\u00fcr den Physikunterricht stehen uns zwei Praktikumss\u00e4le und ein H\u00f6rsaal zur Verf\u00fcgung, die in der Regel\u00a0von den Klassen im Wechsel belegt werden, sodass wir allen Sch\u00fclerinnen und Sch\u00fclern auch das praktische\u00a0Arbeiten im Physikunterricht erm\u00f6glichen,\u00a0w\u00e4hrend sich unser H\u00f6rsaal besonders f\u00fcr imposante Demonstrationsexperimente aus der Physik eignet. Zum praktischen\u00a0Arbeiten im Physikunterricht sind wir an unserer Schule\u00a0zudem\u00a0mit\u00a0Klassens\u00e4tzen von\u00a0Sch\u00fclerexperimentierkits ausgestattet,\u00a0die\u00a0es\u00a0allen Sch\u00fclerinnen und Sch\u00fclern\u00a0bereits\u00a0ab Klassenstufe 5\u00a0erm\u00f6glichen,\u00a0Physik\u00a0als\u00a0motivierendes Fach\u00a0zu erleben.<\/span><\/p><h3>Aktionen<\/h3><p><span style=\"font-weight: 400;\">Mit interessierten\u00a0Sch\u00fclerinnen und Sch\u00fclern\u00a0nimmt unsere Schule\u00a0auch\u00a0j\u00e4hrlich am Sch\u00fclerwettbewerb der Ingenieurkammer des Saarlandes teil, bei dem wir in den letzten\u00a0Jahren bereits beachtliche\u00a0Platzierungen erreichen konnten.<\/span><\/p><p><span style=\"font-weight: 400;\">Im naturwissenschaftlichen Zweig f\u00fchren wir in Klassenstufe 8\u00a0au\u00dferdem\u00a0zus\u00e4tzlich zu den Wandertagen einen Profiltag durch, an dem wir beispielsweise naturwissenschaftliche Labore an der Universit\u00e4t des Saarlandes oder das Dynamikum in Pirmasens besuchen.<\/span><\/p>\t\t\t\t\t\t\t\t<\/div>\n\t\t\t\t<\/div>\n\t\t\t\t\t<\/div>\n\t\t<\/div>\n\t\t\t\t\t<\/div>\n\t\t<\/section>\n\t\t\t\t<section class=\"elementor-section elementor-top-section elementor-element elementor-element-36ba0e2 elementor-section-boxed elementor-section-height-default elementor-section-height-default\" data-id=\"36ba0e2\" data-element_type=\"section\" data-e-type=\"section\" data-settings=\"{&quot;jet_parallax_layout_list&quot;:[]}\">\n\t\t\t\t\t\t<div class=\"elementor-container elementor-column-gap-default\">\n\t\t\t\t\t<div class=\"elementor-column elementor-col-100 elementor-top-column elementor-element elementor-element-35447c6\" data-id=\"35447c6\" data-element_type=\"column\" data-e-type=\"column\">\n\t\t\t<div class=\"elementor-widget-wrap elementor-element-populated\">\n\t\t\t\t\t\t<section class=\"elementor-section elementor-inner-section elementor-element elementor-element-baa53a1 elementor-section-boxed elementor-section-height-default elementor-section-height-default\" data-id=\"baa53a1\" data-element_type=\"section\" data-e-type=\"section\" data-settings=\"{&quot;jet_parallax_layout_list&quot;:[]}\">\n\t\t\t\t\t\t<div class=\"elementor-container elementor-column-gap-default\">\n\t\t\t\t\t<div class=\"elementor-column elementor-col-50 elementor-inner-column elementor-element elementor-element-129f7b4\" data-id=\"129f7b4\" data-element_type=\"column\" data-e-type=\"column\">\n\t\t\t<div class=\"elementor-widget-wrap elementor-element-populated\">\n\t\t\t\t\t\t<div class=\"elementor-element elementor-element-2a3aa73 elementor-widget elementor-widget-text-editor\" data-id=\"2a3aa73\" data-element_type=\"widget\" data-e-type=\"widget\" data-widget_type=\"text-editor.default\">\n\t\t\t\t<div class=\"elementor-widget-container\">\n\t\t\t\t\t\t\t\t\t<p><b>Physiklehrer:<\/b><\/p><p><span style=\"font-weight: 400\">Frau Nicole Baltes<\/span><\/p><p><span style=\"font-weight: 400\">Herr Andreas Friedrichs<\/span><\/p><p><span style=\"font-weight: 400\">Frau Sabine Hensing<\/span><\/p><p><span style=\"font-weight: 400\">Herr Markus Reichert<\/span><\/p><p><span style=\"font-weight: 400\">Herr Ralf Rullof-Klein<\/span><\/p>\t\t\t\t\t\t\t\t<\/div>\n\t\t\t\t<\/div>\n\t\t\t\t\t<\/div>\n\t\t<\/div>\n\t\t\t\t<div class=\"elementor-column elementor-col-50 elementor-inner-column elementor-element elementor-element-0cc90e3\" data-id=\"0cc90e3\" data-element_type=\"column\" data-e-type=\"column\">\n\t\t\t<div class=\"elementor-widget-wrap\">\n\t\t\t\t\t\t\t<\/div>\n\t\t<\/div>\n\t\t\t\t\t<\/div>\n\t\t<\/section>\n\t\t\t\t\t<\/div>\n\t\t<\/div>\n\t\t\t\t\t<\/div>\n\t\t<\/section>\n\t\t\t\t<\/div>\n\t\t","protected":false},"excerpt":{"rendered":"<p>Unser Ziel, unsere M\u00f6glichkeiten: Physik begreifbar machen,\u00a0das ist unser Ziel am Willi-Graf-Gymnasium. Dazu gilt es f\u00fcr uns Physiklehrerinnen und Lehrer am WGG,\u00a0alle Sch\u00fclerinnen und Sch\u00fcler\u00a0schon fr\u00fch\u00a0f\u00fcr den Physikunterricht zu begeistern.\u00a0Deshalb\u00a0haben wir\u00a0am Willi-Graf-Gymnasium in den\u00a0Klassenstufen\u00a06\u00a0und\u00a07\u00a0ein Trimestersystem entwickelt, bei dem die Sch\u00fclerinnen und Sch\u00fcler\u00a0jedes Jahr ein Trimester\u00a0lang einen\u00a0vom Fachlehrer gef\u00fchrten Physikunterricht besuchen\u00a0und damit, anders als in anderen [&hellip;]<\/p>\n","protected":false},"author":1,"featured_media":0,"comment_status":"open","ping_status":"open","sticky":false,"template":"","format":"standard","meta":{"footnotes":""},"categories":[1],"tags":[],"class_list":["post-2950","post","type-post","status-publish","format-standard","hentry","category-dein-weg-am-wgg"],"_links":{"self":[{"href":"https:\/\/www.willi-graf-schulen.de\/gymnasium\/wp-json\/wp\/v2\/posts\/2950","targetHints":{"allow":["GET"]}}],"collection":[{"href":"https:\/\/www.willi-graf-schulen.de\/gymnasium\/wp-json\/wp\/v2\/posts"}],"about":[{"href":"https:\/\/www.willi-graf-schulen.de\/gymnasium\/wp-json\/wp\/v2\/types\/post"}],"author":[{"embeddable":true,"href":"https:\/\/www.willi-graf-schulen.de\/gymnasium\/wp-json\/wp\/v2\/users\/1"}],"replies":[{"embeddable":true,"href":"https:\/\/www.willi-graf-schulen.de\/gymnasium\/wp-json\/wp\/v2\/comments?post=2950"}],"version-history":[{"count":16,"href":"https:\/\/www.willi-graf-schulen.de\/gymnasium\/wp-json\/wp\/v2\/posts\/2950\/revisions"}],"predecessor-version":[{"id":15847,"href":"https:\/\/www.willi-graf-schulen.de\/gymnasium\/wp-json\/wp\/v2\/posts\/2950\/revisions\/15847"}],"wp:attachment":[{"href":"https:\/\/www.willi-graf-schulen.de\/gymnasium\/wp-json\/wp\/v2\/media?parent=2950"}],"wp:term":[{"taxonomy":"category","embeddable":true,"href":"https:\/\/www.willi-graf-schulen.de\/gymnasium\/wp-json\/wp\/v2\/categories?post=2950"},{"taxonomy":"post_tag","embeddable":true,"href":"https:\/\/www.willi-graf-schulen.de\/gymnasium\/wp-json\/wp\/v2\/tags?post=2950"}],"curies":[{"name":"wp","href":"https:\/\/api.w.org\/{rel}","templated":true}]}}