{"id":2966,"date":"2015-03-28T20:15:08","date_gmt":"2015-03-28T19:15:08","guid":{"rendered":"https:\/\/www.willi-graf-schulen.de\/gymnasium\/biologie\/"},"modified":"2024-04-18T23:09:21","modified_gmt":"2024-04-18T21:09:21","slug":"biologie","status":"publish","type":"post","link":"https:\/\/www.willi-graf-schulen.de\/gymnasium\/biologie\/","title":{"rendered":"Biologie"},"content":{"rendered":"\t\t<div data-elementor-type=\"wp-post\" data-elementor-id=\"2966\" class=\"elementor elementor-2966\" data-elementor-post-type=\"post\">\n\t\t\t\t\t\t<section class=\"elementor-section elementor-top-section elementor-element elementor-element-5c812747 elementor-section-boxed elementor-section-height-default elementor-section-height-default\" data-id=\"5c812747\" data-element_type=\"section\" data-e-type=\"section\" data-settings=\"{&quot;jet_parallax_layout_list&quot;:[]}\">\n\t\t\t\t\t\t<div class=\"elementor-container elementor-column-gap-default\">\n\t\t\t\t\t<div class=\"elementor-column elementor-col-50 elementor-top-column elementor-element elementor-element-752c86fc\" data-id=\"752c86fc\" data-element_type=\"column\" data-e-type=\"column\">\n\t\t\t<div class=\"elementor-widget-wrap elementor-element-populated\">\n\t\t\t\t\t\t<div class=\"elementor-element elementor-element-3c204170 elementor-widget elementor-widget-text-editor\" data-id=\"3c204170\" data-element_type=\"widget\" data-e-type=\"widget\" data-widget_type=\"text-editor.default\">\n\t\t\t\t<div class=\"elementor-widget-container\">\n\t\t\t\t\t\t\t\t\t<h3 class=\"p1\"><span class=\"s1\"><b>Lerninhalte:<\/b><\/span><\/h3><p class=\"p2\"><span class=\"s1\">Neben dem Erwerb von Fachwissen sollen die Sch\u00fclerinnen und Sch\u00fcler durch Beobachten, Vergleichen, Experimentieren und Verwenden von Modellen biologische Erkenntnisse gewinnen. Biologische, aber auch fach\u00fcbergreifende Sachverhalte, sollen kritisch beurteilt und mit Hilfe einer Fachsprache kommuniziert werden.<\/span><\/p><p class=\"p2\"><span class=\"s1\">Dies gilt in besonderem Ma\u00dfe f\u00fcr Sch\u00fclerinnen und Sch\u00fcler der Oberstufe, da sich diese mit aktuellen Forschungsmethoden auseinandersetzen.<br \/>Zudem sollen die Sch\u00fclerinnen und Sch\u00fcler an eine verantwortungsvolle Handlungs-weise gegen\u00fcber sich selbst, anderen Lebewesen und der Natur herangef\u00fchrt werden.<\/span><\/p><h3 class=\"p1\"><span class=\"s1\"><b>R\u00e4umlichkeiten:<\/b><\/span><\/h3><p class=\"p2\"><span class=\"s1\">Es stehen 2 Biologies\u00e4le zur Verf\u00fcgung. Im Normalfall kann jede Klasse mindestens einmal pro Woche einen der Biologies\u00e4le nutzen. Lehr- und Lernmittel aus der unmittelbar angrenzenden Sammlung (Karten, Modelle, Skelette, Mikroskope, etc.) k\u00f6nnen in den Biologies\u00e4len eingesetzt werden.<\/span><\/p><h3 class=\"p1\"><span class=\"s1\"><b>Aktuelle Aktivit\u00e4ten der Biologie \u00fcber den Unterricht hinaus (Auswahl):<\/b><\/span><\/h3><ul class=\"ul1\"><li class=\"li3\"><span class=\"s1\">Teilnahme an Wettbewerben (z. B. \u201eJugend forscht\u201c, \u201eSch\u00fcler experimentieren\u201c, \u201eBiologie-Olympiade\u201c, \u201eBiologo\u201c,\u00a0BundesUmweltWettbewerb, alle Klassenstufen)<\/span><\/li><li class=\"li3\"><span class=\"s1\">AG Naturwissenschaften: Experimente ( Biologie, Chemie), Schulgarten, Bienen, Teich<\/span><\/li><li class=\"li3\"><span class=\"s1\">Durchf\u00fchrung gew\u00e4sserkundlicher Exkursionen in Zusammenarbeit mit dem KunterBUND-Mobil des BUNDs f\u00fcr die Klassenstufen 8 und 11.<\/span><\/li><li class=\"li3\"><span class=\"s1\">Wurm-Projekt: Kompostieren im Klassenzimmer<\/span><\/li><li class=\"li3\"><span class=\"s1\">DKMS: Typisierungsaktionen f\u00fcr die Deutsche Knochenmarkspenderdatei am WGG (Stufe 12), eine Aktion der Fachbereiche Religion und Biologie.<\/span><\/li><li class=\"li3\"><span class=\"s1\">AIDS-Pr\u00e4vention<\/span><\/li><li class=\"li3\"><span class=\"s1\">Tausche Klassenzimmer gegen Seziersaal: Der Biokurs 11 in der Anatomie in Homburg<\/span><\/li><li class=\"li3\"><span class=\"s1\">Gentechnisches Praktikum in der Universit\u00e4tsklinik Homburg (Stufe 12)<\/span><\/li><\/ul><p class=\"p2\"><span class=\"s1\">Der naturwissenschaftliche Unterricht an unserer Schule beginnt in Klasse 5 mit dem Fach Biologie mit zwei Wochenstunden. In den Klassen 6 und 7 wird das Fach Biologie ebenso wie Chemie und Physik in Trimestern vom jeweiligen Fachlehrer unterrichtet.<\/span><\/p><h3 class=\"p1\"><span class=\"s1\"><b>Stundentafel Biologie<\/b><\/span><\/h3><table cellspacing=\"0\" cellpadding=\"0\"><tbody><tr><td class=\"td1\" valign=\"top\"><p class=\"p2\"><span class=\"s1\">Klasse 5<\/span><\/p><\/td><td class=\"td2\" valign=\"top\"><p class=\"p2\"><span class=\"s1\">2 Stunden Biologie<\/span><\/p><\/td><\/tr><tr><td class=\"td1\" valign=\"top\"><p class=\"p2\"><span class=\"s1\">Klasse 6 und 7<\/span><\/p><\/td><td class=\"td2\" valign=\"top\"><p class=\"p2\"><span class=\"s1\">2 bzw. 4 Stunden Biologie, Chemie, Physik (Trimester)<\/span><\/p><\/td><\/tr><tr><td class=\"td1\" valign=\"top\"><p class=\"p3\"><span class=\"s1\">\u00a0<\/span><\/p><\/td><td class=\"td2\" valign=\"top\"><p class=\"p3\"><span class=\"s1\">\u00a0<\/span><\/p><\/td><\/tr><tr><td class=\"td1\" valign=\"top\"><p class=\"p2\"><span class=\"s1\">Klasse 8 bis 10<\/span><\/p><\/td><td class=\"td2\" valign=\"top\"><p class=\"p2\"><span class=\"s1\">1 bzw. 2 Stunden Biologie<\/span><\/p><\/td><\/tr><tr><td class=\"td1\" valign=\"top\"><p class=\"p3\"><span class=\"s1\">\u00a0<\/span><\/p><\/td><td class=\"td2\" valign=\"top\"><p class=\"p3\"><span class=\"s1\">\u00a0<\/span><\/p><\/td><\/tr><tr><td class=\"td1\" valign=\"top\"><p class=\"p2\"><span class=\"s1\">Oberstufe GK<\/span><\/p><\/td><td class=\"td2\" valign=\"top\"><p class=\"p2\"><span class=\"s1\">3 Wochenstunden Biologie<\/span><\/p><\/td><\/tr><tr><td class=\"td1\" valign=\"top\"><p class=\"p2\"><span class=\"s1\">Oberstufe LK<\/span><\/p><\/td><td class=\"td2\" valign=\"top\"><p class=\"p2\"><span class=\"s1\">5 Wochenstunden Biologie<\/span><\/p><\/td><\/tr><\/tbody><\/table><p class=\"p2\"><span class=\"s1\"><b>Fachkollegen:<\/b><\/span><\/p><p class=\"p2\"><span class=\"s1\">Frau Eva Eid<br \/>Herr Mathias Gro\u00df<br \/>Frau Melanie Koch<br \/>Frau Anne Raber<br \/>Frau Dorothea Potel<\/span><\/p>\t\t\t\t\t\t\t\t<\/div>\n\t\t\t\t<\/div>\n\t\t\t\t\t<\/div>\n\t\t<\/div>\n\t\t\t\t<div class=\"elementor-column elementor-col-50 elementor-top-column elementor-element elementor-element-fd31d03\" data-id=\"fd31d03\" data-element_type=\"column\" data-e-type=\"column\">\n\t\t\t<div class=\"elementor-widget-wrap elementor-element-populated\">\n\t\t\t\t\t\t<div class=\"elementor-element elementor-element-e6883cd elementor-widget elementor-widget-image\" data-id=\"e6883cd\" data-element_type=\"widget\" data-e-type=\"widget\" data-widget_type=\"image.default\">\n\t\t\t\t<div class=\"elementor-widget-container\">\n\t\t\t\t\t\t\t\t\t\t\t\t\t\t\t<img fetchpriority=\"high\" decoding=\"async\" width=\"500\" height=\"409\" src=\"https:\/\/www.willi-graf-schulen.de\/gymnasium\/wp-content\/uploads\/sites\/5\/2015\/03\/2018_Biologie_5_Schmetterling.jpg\" class=\"attachment-large size-large wp-image-2960\" alt=\"2018 Biologie 5 Schmetterling\" srcset=\"https:\/\/www.willi-graf-schulen.de\/gymnasium\/wp-content\/uploads\/sites\/5\/2015\/03\/2018_Biologie_5_Schmetterling.jpg 500w, https:\/\/www.willi-graf-schulen.de\/gymnasium\/wp-content\/uploads\/sites\/5\/2015\/03\/2018_Biologie_5_Schmetterling-300x245.jpg 300w\" sizes=\"(max-width: 500px) 100vw, 500px\" \/>\t\t\t\t\t\t\t\t\t\t\t\t\t\t\t<\/div>\n\t\t\t\t<\/div>\n\t\t\t\t<div class=\"elementor-element elementor-element-341e8f7 elementor-widget elementor-widget-text-editor\" data-id=\"341e8f7\" data-element_type=\"widget\" data-e-type=\"widget\" data-widget_type=\"text-editor.default\">\n\t\t\t\t<div class=\"elementor-widget-container\">\n\t\t\t\t\t\t\t\t\t<p style=\"text-align: center\">Biologie \u2013 hautnah<\/p>\t\t\t\t\t\t\t\t<\/div>\n\t\t\t\t<\/div>\n\t\t\t\t<div class=\"elementor-element elementor-element-e7fe004 elementor-widget elementor-widget-image\" data-id=\"e7fe004\" data-element_type=\"widget\" data-e-type=\"widget\" data-widget_type=\"image.default\">\n\t\t\t\t<div class=\"elementor-widget-container\">\n\t\t\t\t\t\t\t\t\t\t\t\t\t\t\t<img decoding=\"async\" width=\"1024\" height=\"768\" src=\"https:\/\/www.willi-graf-schulen.de\/gymnasium\/wp-content\/uploads\/sites\/5\/2015\/03\/Gewaesserexkursion-8-2023-2024-03-1024x768.jpg\" class=\"attachment-large size-large wp-image-15866\" alt=\"\" srcset=\"https:\/\/www.willi-graf-schulen.de\/gymnasium\/wp-content\/uploads\/sites\/5\/2015\/03\/Gewaesserexkursion-8-2023-2024-03-1024x768.jpg 1024w, https:\/\/www.willi-graf-schulen.de\/gymnasium\/wp-content\/uploads\/sites\/5\/2015\/03\/Gewaesserexkursion-8-2023-2024-03-300x225.jpg 300w, https:\/\/www.willi-graf-schulen.de\/gymnasium\/wp-content\/uploads\/sites\/5\/2015\/03\/Gewaesserexkursion-8-2023-2024-03-768x576.jpg 768w, https:\/\/www.willi-graf-schulen.de\/gymnasium\/wp-content\/uploads\/sites\/5\/2015\/03\/Gewaesserexkursion-8-2023-2024-03-600x450.jpg 600w, https:\/\/www.willi-graf-schulen.de\/gymnasium\/wp-content\/uploads\/sites\/5\/2015\/03\/Gewaesserexkursion-8-2023-2024-03.jpg 1400w\" sizes=\"(max-width: 1024px) 100vw, 1024px\" \/>\t\t\t\t\t\t\t\t\t\t\t\t\t\t\t<\/div>\n\t\t\t\t<\/div>\n\t\t\t\t<div class=\"elementor-element elementor-element-a29d2e4 elementor-widget elementor-widget-text-editor\" data-id=\"a29d2e4\" data-element_type=\"widget\" data-e-type=\"widget\" data-widget_type=\"text-editor.default\">\n\t\t\t\t<div class=\"elementor-widget-container\">\n\t\t\t\t\t\t\t\t\t<p style=\"text-align: center\">Flie\u00dfgew\u00e4sseruntersuchung<\/p>\t\t\t\t\t\t\t\t<\/div>\n\t\t\t\t<\/div>\n\t\t\t\t<div class=\"elementor-element elementor-element-6a5a536 elementor-widget elementor-widget-image\" data-id=\"6a5a536\" data-element_type=\"widget\" data-e-type=\"widget\" data-widget_type=\"image.default\">\n\t\t\t\t<div class=\"elementor-widget-container\">\n\t\t\t\t\t\t\t\t\t\t\t\t\t\t\t<img decoding=\"async\" width=\"1024\" height=\"682\" src=\"https:\/\/www.willi-graf-schulen.de\/gymnasium\/wp-content\/uploads\/sites\/5\/2015\/03\/Gross-FN1A4366-1024x682.jpeg\" class=\"attachment-large size-large wp-image-15867\" alt=\"\" srcset=\"https:\/\/www.willi-graf-schulen.de\/gymnasium\/wp-content\/uploads\/sites\/5\/2015\/03\/Gross-FN1A4366-1024x682.jpeg 1024w, https:\/\/www.willi-graf-schulen.de\/gymnasium\/wp-content\/uploads\/sites\/5\/2015\/03\/Gross-FN1A4366-300x200.jpeg 300w, https:\/\/www.willi-graf-schulen.de\/gymnasium\/wp-content\/uploads\/sites\/5\/2015\/03\/Gross-FN1A4366-768x512.jpeg 768w, https:\/\/www.willi-graf-schulen.de\/gymnasium\/wp-content\/uploads\/sites\/5\/2015\/03\/Gross-FN1A4366-600x400.jpeg 600w, https:\/\/www.willi-graf-schulen.de\/gymnasium\/wp-content\/uploads\/sites\/5\/2015\/03\/Gross-FN1A4366.jpeg 1280w\" sizes=\"(max-width: 1024px) 100vw, 1024px\" \/>\t\t\t\t\t\t\t\t\t\t\t\t\t\t\t<\/div>\n\t\t\t\t<\/div>\n\t\t\t\t<div class=\"elementor-element elementor-element-61baf45 elementor-widget elementor-widget-text-editor\" data-id=\"61baf45\" data-element_type=\"widget\" data-e-type=\"widget\" data-widget_type=\"text-editor.default\">\n\t\t\t\t<div class=\"elementor-widget-container\">\n\t\t\t\t\t\t\t\t\t<p style=\"text-align: center\">Schulgarten<\/p>\t\t\t\t\t\t\t\t<\/div>\n\t\t\t\t<\/div>\n\t\t\t\t<div class=\"elementor-element elementor-element-169b88e elementor-widget elementor-widget-image\" data-id=\"169b88e\" data-element_type=\"widget\" data-e-type=\"widget\" data-widget_type=\"image.default\">\n\t\t\t\t<div class=\"elementor-widget-container\">\n\t\t\t\t\t\t\t\t\t\t\t\t\t\t\t<img loading=\"lazy\" decoding=\"async\" width=\"1024\" height=\"682\" src=\"https:\/\/www.willi-graf-schulen.de\/gymnasium\/wp-content\/uploads\/sites\/5\/2015\/03\/Gross-FN1A4339-1024x682.jpeg\" class=\"attachment-large size-large wp-image-15868\" alt=\"\" srcset=\"https:\/\/www.willi-graf-schulen.de\/gymnasium\/wp-content\/uploads\/sites\/5\/2015\/03\/Gross-FN1A4339-1024x682.jpeg 1024w, https:\/\/www.willi-graf-schulen.de\/gymnasium\/wp-content\/uploads\/sites\/5\/2015\/03\/Gross-FN1A4339-300x200.jpeg 300w, https:\/\/www.willi-graf-schulen.de\/gymnasium\/wp-content\/uploads\/sites\/5\/2015\/03\/Gross-FN1A4339-768x512.jpeg 768w, https:\/\/www.willi-graf-schulen.de\/gymnasium\/wp-content\/uploads\/sites\/5\/2015\/03\/Gross-FN1A4339-600x400.jpeg 600w, https:\/\/www.willi-graf-schulen.de\/gymnasium\/wp-content\/uploads\/sites\/5\/2015\/03\/Gross-FN1A4339.jpeg 1280w\" sizes=\"(max-width: 1024px) 100vw, 1024px\" \/>\t\t\t\t\t\t\t\t\t\t\t\t\t\t\t<\/div>\n\t\t\t\t<\/div>\n\t\t\t\t<div class=\"elementor-element elementor-element-f9401c0 elementor-widget elementor-widget-text-editor\" data-id=\"f9401c0\" data-element_type=\"widget\" data-e-type=\"widget\" data-widget_type=\"text-editor.default\">\n\t\t\t\t<div class=\"elementor-widget-container\">\n\t\t\t\t\t\t\t\t\t<p style=\"text-align: center\">Mikroskopieren<\/p>\t\t\t\t\t\t\t\t<\/div>\n\t\t\t\t<\/div>\n\t\t\t\t\t<\/div>\n\t\t<\/div>\n\t\t\t\t\t<\/div>\n\t\t<\/section>\n\t\t\t\t<\/div>\n\t\t","protected":false},"excerpt":{"rendered":"<p>Lerninhalte: Neben dem Erwerb von Fachwissen sollen die Sch\u00fclerinnen und Sch\u00fcler durch Beobachten, Vergleichen, Experimentieren und Verwenden von Modellen biologische Erkenntnisse gewinnen. Biologische, aber auch fach\u00fcbergreifende Sachverhalte, sollen kritisch beurteilt und mit Hilfe einer Fachsprache kommuniziert werden. Dies gilt in besonderem Ma\u00dfe f\u00fcr Sch\u00fclerinnen und Sch\u00fcler der Oberstufe, da sich diese mit aktuellen Forschungsmethoden auseinandersetzen.Zudem [&hellip;]<\/p>\n","protected":false},"author":1,"featured_media":2960,"comment_status":"open","ping_status":"open","sticky":false,"template":"","format":"standard","meta":{"footnotes":""},"categories":[1],"tags":[],"class_list":["post-2966","post","type-post","status-publish","format-standard","has-post-thumbnail","hentry","category-dein-weg-am-wgg"],"_links":{"self":[{"href":"https:\/\/www.willi-graf-schulen.de\/gymnasium\/wp-json\/wp\/v2\/posts\/2966","targetHints":{"allow":["GET"]}}],"collection":[{"href":"https:\/\/www.willi-graf-schulen.de\/gymnasium\/wp-json\/wp\/v2\/posts"}],"about":[{"href":"https:\/\/www.willi-graf-schulen.de\/gymnasium\/wp-json\/wp\/v2\/types\/post"}],"author":[{"embeddable":true,"href":"https:\/\/www.willi-graf-schulen.de\/gymnasium\/wp-json\/wp\/v2\/users\/1"}],"replies":[{"embeddable":true,"href":"https:\/\/www.willi-graf-schulen.de\/gymnasium\/wp-json\/wp\/v2\/comments?post=2966"}],"version-history":[{"count":92,"href":"https:\/\/www.willi-graf-schulen.de\/gymnasium\/wp-json\/wp\/v2\/posts\/2966\/revisions"}],"predecessor-version":[{"id":16667,"href":"https:\/\/www.willi-graf-schulen.de\/gymnasium\/wp-json\/wp\/v2\/posts\/2966\/revisions\/16667"}],"wp:featuredmedia":[{"embeddable":true,"href":"https:\/\/www.willi-graf-schulen.de\/gymnasium\/wp-json\/wp\/v2\/media\/2960"}],"wp:attachment":[{"href":"https:\/\/www.willi-graf-schulen.de\/gymnasium\/wp-json\/wp\/v2\/media?parent=2966"}],"wp:term":[{"taxonomy":"category","embeddable":true,"href":"https:\/\/www.willi-graf-schulen.de\/gymnasium\/wp-json\/wp\/v2\/categories?post=2966"},{"taxonomy":"post_tag","embeddable":true,"href":"https:\/\/www.willi-graf-schulen.de\/gymnasium\/wp-json\/wp\/v2\/tags?post=2966"}],"curies":[{"name":"wp","href":"https:\/\/api.w.org\/{rel}","templated":true}]}}