{"id":3057,"date":"2015-03-29T18:06:02","date_gmt":"2015-03-29T16:06:02","guid":{"rendered":"https:\/\/www.willi-graf-schulen.de\/gymnasium\/uebergang-von-der-grundschule\/"},"modified":"2022-12-18T14:53:00","modified_gmt":"2022-12-18T13:53:00","slug":"uebergang-von-der-grundschule","status":"publish","type":"post","link":"https:\/\/www.willi-graf-schulen.de\/gymnasium\/uebergang-von-der-grundschule\/","title":{"rendered":"\u00dcbergang von der Grundschule"},"content":{"rendered":"\t\t<div data-elementor-type=\"wp-post\" data-elementor-id=\"3057\" class=\"elementor elementor-3057\" data-elementor-post-type=\"post\">\n\t\t\t\t\t\t<section class=\"elementor-section elementor-top-section elementor-element elementor-element-62647a04 elementor-section-boxed elementor-section-height-default elementor-section-height-default\" data-id=\"62647a04\" data-element_type=\"section\" data-e-type=\"section\" data-settings=\"{&quot;jet_parallax_layout_list&quot;:[]}\">\n\t\t\t\t\t\t<div class=\"elementor-container elementor-column-gap-default\">\n\t\t\t\t\t<div class=\"elementor-column elementor-col-100 elementor-top-column elementor-element elementor-element-5a282ea7\" data-id=\"5a282ea7\" data-element_type=\"column\" data-e-type=\"column\">\n\t\t\t<div class=\"elementor-widget-wrap elementor-element-populated\">\n\t\t\t\t\t\t<div class=\"elementor-element elementor-element-7c1e1558 elementor-widget elementor-widget-text-editor\" data-id=\"7c1e1558\" data-element_type=\"widget\" data-e-type=\"widget\" data-widget_type=\"text-editor.default\">\n\t\t\t\t<div class=\"elementor-widget-container\">\n\t\t\t\t\t\t\t\t\t<p>Ein behutsamer\u00a0<strong>\u00dcbergang von der Grundschule<\/strong>\u00a0zu einer weiterf\u00fchrenden Schule wird erleichtert durch<\/p><ul><li>einen Kennenlerntag bereits vor den gro\u00dfen Ferien,<\/li><li>die besondere Gestaltung der ersten Schulwoche (Schulhausrallye, Begegnung mit der Patenklasse, Methodentraining, Wandertag zum Abschluss der Woche),<\/li><li>die engagierte Begleitung und Unterst\u00fctzung durch die Klassenlehrerinnen und Klassenlehrer,<\/li><li>eine Klassenleiterstunde, in der sich die Sch\u00fclerinnen und Sch\u00fcler gemeinsam mit dem Klassenleiter \u00fcber aktuelle Themen, Fragestellungen\u00a0 und Anliegen innerhalb der Klassengemeinschaft austauschen k\u00f6nnen und<\/li><li>eine vertrauensvolle Zusammenarbeit mit den Eltern (pers\u00f6nliche Gespr\u00e4che nach Bedarf sowie Elternabende).<\/li><\/ul><p>Die <strong>Stufenteams der Jahrgangsstufen 5 und 6\u00a0<\/strong>setzen sich zusammen aus den drei Klassenlehrern sowie weiteren Fachlehrern der jeweiligen Stufe. Sie besch\u00e4ftigen sich in w\u00f6chentlichen Teambesprechungen mit allgemeinen p\u00e4dagogischen und organisatorischen Fragestellungen dieser Jahrgangsstufen. Die Vorbereitung und Durchf\u00fchrung von Projekten wie das \u201eLernen lernen\u201c, die Durchf\u00fchrung von Lerntypentests, der bewusste Umgang mit modernen Medien, die Gestaltung der Klassenr\u00e4ume, die Vereinbarung von Klassenregeln, die Ausgestaltung der Elternarbeit sowie die Organisation von Zusatzveranstaltungen wie Wandertagen und Schullandheimaufenthalten sind dabei die zentralen Themenstellungen.<\/p><p>Durch die Teamstruktur ergibt sich eine enge Kommunikation zwischen Fachlehrern und Klassenlehrern, wodurch Lern- und Verhaltensprobleme in den neuen Klassen fr\u00fchzeitig erkannt und behandelt werden k\u00f6nnen.<\/p>\t\t\t\t\t\t\t\t<\/div>\n\t\t\t\t<\/div>\n\t\t\t\t\t<\/div>\n\t\t<\/div>\n\t\t\t\t\t<\/div>\n\t\t<\/section>\n\t\t\t\t<\/div>\n\t\t","protected":false},"excerpt":{"rendered":"<p style=\"font-family: Arial, Helvetica, sans-serif;font-size: 14px;line-height: 18.719999313354492px\"><span style=\"font-size: 10pt\">In unserer t&auml;glichen p&auml;dagogischen Arbeit ist uns das Beraten und Begleiten unserer Sch&uuml;lerinnen und Sch&uuml;ler wichtig. Elemente dieses Beratens und Begleitens in den Jahrgangsstufen 5 und 6 sind u. a. ein behutsamer &Uuml;bergang von der Grundschule zum Gymnasium und die Einrichtung von Stufenteams.<\/span><\/p>\n","protected":false},"author":1,"featured_media":0,"comment_status":"open","ping_status":"open","sticky":false,"template":"","format":"standard","meta":{"footnotes":""},"categories":[1],"tags":[],"class_list":["post-3057","post","type-post","status-publish","format-standard","hentry","category-dein-weg-am-wgg"],"_links":{"self":[{"href":"https:\/\/www.willi-graf-schulen.de\/gymnasium\/wp-json\/wp\/v2\/posts\/3057","targetHints":{"allow":["GET"]}}],"collection":[{"href":"https:\/\/www.willi-graf-schulen.de\/gymnasium\/wp-json\/wp\/v2\/posts"}],"about":[{"href":"https:\/\/www.willi-graf-schulen.de\/gymnasium\/wp-json\/wp\/v2\/types\/post"}],"author":[{"embeddable":true,"href":"https:\/\/www.willi-graf-schulen.de\/gymnasium\/wp-json\/wp\/v2\/users\/1"}],"replies":[{"embeddable":true,"href":"https:\/\/www.willi-graf-schulen.de\/gymnasium\/wp-json\/wp\/v2\/comments?post=3057"}],"version-history":[{"count":7,"href":"https:\/\/www.willi-graf-schulen.de\/gymnasium\/wp-json\/wp\/v2\/posts\/3057\/revisions"}],"predecessor-version":[{"id":10700,"href":"https:\/\/www.willi-graf-schulen.de\/gymnasium\/wp-json\/wp\/v2\/posts\/3057\/revisions\/10700"}],"wp:attachment":[{"href":"https:\/\/www.willi-graf-schulen.de\/gymnasium\/wp-json\/wp\/v2\/media?parent=3057"}],"wp:term":[{"taxonomy":"category","embeddable":true,"href":"https:\/\/www.willi-graf-schulen.de\/gymnasium\/wp-json\/wp\/v2\/categories?post=3057"},{"taxonomy":"post_tag","embeddable":true,"href":"https:\/\/www.willi-graf-schulen.de\/gymnasium\/wp-json\/wp\/v2\/tags?post=3057"}],"curies":[{"name":"wp","href":"https:\/\/api.w.org\/{rel}","templated":true}]}}