{"id":9530,"date":"2022-07-21T11:35:00","date_gmt":"2022-07-21T09:35:00","guid":{"rendered":"https:\/\/www.willi-graf-schulen.de\/gymnasium\/?p=9530"},"modified":"2022-10-20T16:53:28","modified_gmt":"2022-10-20T14:53:28","slug":"die-zauberfloete-eine-instrumentale-geschichte","status":"publish","type":"post","link":"https:\/\/www.willi-graf-schulen.de\/gymnasium\/die-zauberfloete-eine-instrumentale-geschichte\/","title":{"rendered":"Die Zauberfl\u00f6te &#8211; eine instrumentale Geschichte"},"content":{"rendered":"\n\n<figure class=\"is-layout-flow wp-block-group-is-layout-flow\"><img decoding=\"async\" src=\"https:\/\/www.willi-graf-schulen.de\/gymnasium\/wp-content\/uploads\/sites\/5\/2022\/10\/Zauberfloete_Titel-1024x576.jpg\" alt=\"\" \/><\/figure>\n\n\n\n\n<p>Wenn die Willi-Graf-Musiker einladen, darf man immer etwas Besonderes erwarten. So auch am 20. Juli 2022 bei der Auff\u00fchrung der Zauberfl\u00f6te. Sogar das Wetter wurde instruiert und \u201aspielte\u2018 im wahrsten Sinne des Worts zur Untermalung der Gewitterszene mit.<\/p>\n\n\n\n<p>Mit der tatkr\u00e4ftigen (und vor allem bildpr\u00e4chtigen) Unterst\u00fctzung durch die Sch\u00fclerinnen des Leistungskurses Bildende Kunst unter Leitung von Frau Eid f\u00fchrte das Schulorchester unter Leitung von Frau Lichtenthal das Publikum durch die Abenteuer des Prinzen Tamino im gro\u00dfen Streit zwischen Tag und Nacht und der Rettung seiner Prinzessin.<\/p>\n\n\n\n<p>Um nicht alles der Fantasie zu \u00fcberlassen, entwarfen die Sch\u00fclerinnen des Kunst-Leistungskurses bewegliche Bildfiguren, Requisiten und Hintergr\u00fcnde, die sie im Vorfeld je nach Szene und Verlauf der Geschichte arrangierten und fotografierten. In beeindruckender Detailfreude wurden so \u00fcber 90 Standfotos zu einer Bildgeschichte zusammengef\u00fcgt und auf der Leinwand dem Publikum pr\u00e4sentiert. Unser neuer Schulpfarrer Herr Sch\u00fctz \u00fcbernahm in der Rolle des Erz\u00e4hlers die Aufgabe, Bild und Ton durch die Geschichte zusammenzubringen.<\/p>\n\n\n\n<p>Das \u00fcber 30 Mann und Frau starke Orchester \u2013 bestehend nicht nur aus aktiven Mitgliedern der Schulgemeinschaft, sondern unterst\u00fctzt durch diesj\u00e4hrige Abiturienten, viele Ehemalige (Sch\u00fcler wie Lehrer) und Freunde des Orchesters &#8211; f\u00fchrte musikalisch durch die bekanntesten Melodien der Zauberfl\u00f6te, von der Ouvert\u00fcre \u00fcber den Vogelf\u00e4nger Papageno hin zur Arie der K\u00f6nigin der Nacht.<\/p>\n\n\n\n<p>Gut besucht und gut umsorgt klang dieser beeindruckende und \u00e4u\u00dferst kurzweilige Abend gem\u00fctlich aus. Dieser passende musikalische Abschluss des Schuljahres war gleichzeitig auch Auftaktveranstaltung des \u201cTags der Schulmusik\u201d am 21. Juli 2022.<\/p>\n\n\n\n<p>Christine Wilksch<\/p>\n\n\n\n<figure class=\"wp-block-gallery-1 is-layout-flex wp-block-gallery-is-layout-flex\">\n\n<figure><img decoding=\"async\" data-id=\"9612\" src=\"https:\/\/www.willi-graf-schulen.de\/gymnasium\/wp-content\/uploads\/sites\/5\/2022\/10\/Zauberfloete_Titel-1-1024x576.jpg\" alt=\"\" \/><\/figure>\n\n\n<figure><img decoding=\"async\" data-id=\"9622\" src=\"https:\/\/www.willi-graf-schulen.de\/gymnasium\/wp-content\/uploads\/sites\/5\/2022\/10\/IMG_2340-1-1024x575.jpg\" alt=\"\" \/><\/figure>\n\n\n<figure><img decoding=\"async\" data-id=\"9613\" src=\"https:\/\/www.willi-graf-schulen.de\/gymnasium\/wp-content\/uploads\/sites\/5\/2022\/10\/IMG_2329-1-1024x576.jpg\" alt=\"\" \/><\/figure>\n\n\n<figure><img decoding=\"async\" data-id=\"9614\" src=\"https:\/\/www.willi-graf-schulen.de\/gymnasium\/wp-content\/uploads\/sites\/5\/2022\/10\/IMG_2319-1-1024x576.jpg\" alt=\"\" \/><\/figure>\n\n\n<figure><img decoding=\"async\" data-id=\"9617\" src=\"https:\/\/www.willi-graf-schulen.de\/gymnasium\/wp-content\/uploads\/sites\/5\/2022\/10\/IMG_2313-Kopie-1-1024x576.jpg\" alt=\"\" \/><\/figure>\n\n\n<figure><img decoding=\"async\" data-id=\"9619\" src=\"https:\/\/www.willi-graf-schulen.de\/gymnasium\/wp-content\/uploads\/sites\/5\/2022\/10\/IMG_2312-1-1024x576.jpg\" alt=\"\" \/><\/figure>\n\n\n<figure><img decoding=\"async\" data-id=\"9632\" src=\"https:\/\/www.willi-graf-schulen.de\/gymnasium\/wp-content\/uploads\/sites\/5\/2022\/10\/IMG_2311-Kopie-1-1024x576.jpg\" alt=\"\" \/><\/figure>\n\n\n<figure><img decoding=\"async\" data-id=\"9623\" src=\"https:\/\/www.willi-graf-schulen.de\/gymnasium\/wp-content\/uploads\/sites\/5\/2022\/10\/IMG_2305-1-1024x576.jpg\" alt=\"\" \/><\/figure>\n\n\n<figure><img decoding=\"async\" data-id=\"9621\" src=\"https:\/\/www.willi-graf-schulen.de\/gymnasium\/wp-content\/uploads\/sites\/5\/2022\/10\/IMG_2304-Kopie-1-1024x576.jpg\" alt=\"\" \/><\/figure>\n\n\n<figure><img decoding=\"async\" data-id=\"9618\" src=\"https:\/\/www.willi-graf-schulen.de\/gymnasium\/wp-content\/uploads\/sites\/5\/2022\/10\/IMG_2301-1-1024x576.jpg\" alt=\"\" \/><\/figure>\n\n\n<figure><img decoding=\"async\" data-id=\"9616\" src=\"https:\/\/www.willi-graf-schulen.de\/gymnasium\/wp-content\/uploads\/sites\/5\/2022\/10\/IMG_2298-Kopie-1-1024x576.jpg\" alt=\"\" \/><\/figure>\n\n\n<figure><img decoding=\"async\" data-id=\"9620\" src=\"https:\/\/www.willi-graf-schulen.de\/gymnasium\/wp-content\/uploads\/sites\/5\/2022\/10\/IMG_2296-1-1024x576.jpg\" alt=\"\" \/><\/figure>\n\n\n<figure><img decoding=\"async\" data-id=\"9615\" src=\"https:\/\/www.willi-graf-schulen.de\/gymnasium\/wp-content\/uploads\/sites\/5\/2022\/10\/IMG_2293-Kopie-1-1024x576.jpg\" alt=\"\" \/><\/figure>\n\n\n<figure><img decoding=\"async\" data-id=\"9641\" src=\"https:\/\/www.willi-graf-schulen.de\/gymnasium\/wp-content\/uploads\/sites\/5\/2022\/10\/IMG_2286-1-1024x576.jpg\" alt=\"\" \/><\/figure>\n\n\n<figure><img decoding=\"async\" data-id=\"9630\" src=\"https:\/\/www.willi-graf-schulen.de\/gymnasium\/wp-content\/uploads\/sites\/5\/2022\/10\/IMG_2285-Kopie-1-1024x576.jpg\" alt=\"\" \/><\/figure>\n\n\n<figure><img decoding=\"async\" data-id=\"9639\" src=\"https:\/\/www.willi-graf-schulen.de\/gymnasium\/wp-content\/uploads\/sites\/5\/2022\/10\/IMG_2284-Kopie-1-1024x576.jpg\" alt=\"\" \/><\/figure>\n\n\n<figure><img decoding=\"async\" data-id=\"9626\" src=\"https:\/\/www.willi-graf-schulen.de\/gymnasium\/wp-content\/uploads\/sites\/5\/2022\/10\/IMG_2282-1-1024x576.jpg\" alt=\"\" \/><\/figure>\n\n\n<figure><img decoding=\"async\" data-id=\"9627\" src=\"https:\/\/www.willi-graf-schulen.de\/gymnasium\/wp-content\/uploads\/sites\/5\/2022\/10\/IMG_2280-1-1024x576.jpg\" alt=\"\" \/><\/figure>\n\n\n<figure><img decoding=\"async\" data-id=\"9649\" src=\"https:\/\/www.willi-graf-schulen.de\/gymnasium\/wp-content\/uploads\/sites\/5\/2022\/10\/IMG_2277-Kopie-1-1024x576.jpg\" alt=\"\" \/><\/figure>\n\n\n<figure><img decoding=\"async\" data-id=\"9648\" src=\"https:\/\/www.willi-graf-schulen.de\/gymnasium\/wp-content\/uploads\/sites\/5\/2022\/10\/IMG_2274-1-1024x576.jpg\" alt=\"\" \/><\/figure>\n\n\n<figure><img decoding=\"async\" data-id=\"9640\" src=\"https:\/\/www.willi-graf-schulen.de\/gymnasium\/wp-content\/uploads\/sites\/5\/2022\/10\/IMG_2268-Kopie-1-1024x576.jpg\" alt=\"\" \/><\/figure>\n\n\n<figure><img decoding=\"async\" data-id=\"9628\" src=\"https:\/\/www.willi-graf-schulen.de\/gymnasium\/wp-content\/uploads\/sites\/5\/2022\/10\/IMG_2263-Kopie-1-1024x576.jpg\" alt=\"\" \/><\/figure>\n\n\n<figure><img decoding=\"async\" data-id=\"9625\" src=\"https:\/\/www.willi-graf-schulen.de\/gymnasium\/wp-content\/uploads\/sites\/5\/2022\/10\/IMG_2261-1-1024x576.jpg\" alt=\"\" \/><\/figure>\n\n\n<figure><img decoding=\"async\" data-id=\"9650\" src=\"https:\/\/www.willi-graf-schulen.de\/gymnasium\/wp-content\/uploads\/sites\/5\/2022\/10\/IMG_2259-1-1024x576.jpg\" alt=\"\" \/><\/figure>\n\n\n<figure><img decoding=\"async\" data-id=\"9635\" src=\"https:\/\/www.willi-graf-schulen.de\/gymnasium\/wp-content\/uploads\/sites\/5\/2022\/10\/IMG_2258-Kopie-1-1024x576.jpg\" alt=\"\" \/><\/figure>\n\n\n<figure><img decoding=\"async\" data-id=\"9644\" src=\"https:\/\/www.willi-graf-schulen.de\/gymnasium\/wp-content\/uploads\/sites\/5\/2022\/10\/IMG_2257-Kopie-1-1024x576.jpg\" alt=\"\" \/><\/figure>\n\n\n<figure><img decoding=\"async\" data-id=\"9633\" src=\"https:\/\/www.willi-graf-schulen.de\/gymnasium\/wp-content\/uploads\/sites\/5\/2022\/10\/IMG_2256-Kopie-1-1024x576.jpg\" alt=\"\" \/><\/figure>\n\n\n<figure><img decoding=\"async\" data-id=\"9629\" src=\"https:\/\/www.willi-graf-schulen.de\/gymnasium\/wp-content\/uploads\/sites\/5\/2022\/10\/IMG_2254-Kopie-1-1024x576.jpg\" alt=\"\" \/><\/figure>\n\n\n<figure><img decoding=\"async\" data-id=\"9631\" src=\"https:\/\/www.willi-graf-schulen.de\/gymnasium\/wp-content\/uploads\/sites\/5\/2022\/10\/IMG_2251-Kopie-1-1024x576.jpg\" alt=\"\" \/><\/figure>\n\n\n<figure><img decoding=\"async\" data-id=\"9647\" src=\"https:\/\/www.willi-graf-schulen.de\/gymnasium\/wp-content\/uploads\/sites\/5\/2022\/10\/IMG_2245-1-1024x576.jpg\" alt=\"\" \/><\/figure>\n\n\n<figure><img decoding=\"async\" data-id=\"9643\" src=\"https:\/\/www.willi-graf-schulen.de\/gymnasium\/wp-content\/uploads\/sites\/5\/2022\/10\/IMG_2244-1-1024x576.jpg\" alt=\"\" \/><\/figure>\n\n\n<figure><img decoding=\"async\" data-id=\"9645\" src=\"https:\/\/www.willi-graf-schulen.de\/gymnasium\/wp-content\/uploads\/sites\/5\/2022\/10\/IMG_2242-1-1024x576.jpg\" alt=\"\" \/><\/figure>\n\n\n<figure><img decoding=\"async\" data-id=\"9637\" src=\"https:\/\/www.willi-graf-schulen.de\/gymnasium\/wp-content\/uploads\/sites\/5\/2022\/10\/IMG_2241-1-1024x576.jpg\" alt=\"\" \/><\/figure>\n\n\n<figure><img decoding=\"async\" data-id=\"9634\" src=\"https:\/\/www.willi-graf-schulen.de\/gymnasium\/wp-content\/uploads\/sites\/5\/2022\/10\/IMG_2239-1-1024x576.jpg\" alt=\"\" \/><\/figure>\n\n\n<figure><img decoding=\"async\" data-id=\"9636\" src=\"https:\/\/www.willi-graf-schulen.de\/gymnasium\/wp-content\/uploads\/sites\/5\/2022\/10\/IMG_2238-1-1024x576.jpg\" alt=\"\" \/><\/figure>\n\n\n<figure><img decoding=\"async\" data-id=\"9642\" src=\"https:\/\/www.willi-graf-schulen.de\/gymnasium\/wp-content\/uploads\/sites\/5\/2022\/10\/IMG_2237-1-1024x576.jpg\" alt=\"\" \/><\/figure>\n\n\n<figure><img decoding=\"async\" data-id=\"9651\" src=\"https:\/\/www.willi-graf-schulen.de\/gymnasium\/wp-content\/uploads\/sites\/5\/2022\/10\/IMG_2236-1-1024x576.jpg\" alt=\"\" \/><\/figure>\n\n\n<figure><img decoding=\"async\" data-id=\"9638\" src=\"https:\/\/www.willi-graf-schulen.de\/gymnasium\/wp-content\/uploads\/sites\/5\/2022\/10\/IMG_2234-Kopie-1-1024x576.jpg\" alt=\"\" \/><\/figure>\n\n\n<figure><img decoding=\"async\" data-id=\"9646\" src=\"https:\/\/www.willi-graf-schulen.de\/gymnasium\/wp-content\/uploads\/sites\/5\/2022\/10\/IMG_2231-1-1024x576.jpg\" alt=\"\" \/><\/figure>\n\n\n<figure><img decoding=\"async\" data-id=\"9624\" src=\"https:\/\/www.willi-graf-schulen.de\/gymnasium\/wp-content\/uploads\/sites\/5\/2022\/10\/IMG_2229-1-1024x576.jpg\" alt=\"\" \/><\/figure>\n\n<\/figure>\n\n\n<p>\/*! elementor &#8211; v3.7.7 &#8211; 20-09-2022 *\/<br>\n.elementor-widget-image{text-align:center}.elementor-widget-image a{display:inline-block}.elementor-widget-image a img[src$=&#8220;.svg&#8220;]{width:48px}.elementor-widget-image img{vertical-align:middle;display:inline-block}\t\t\t\t\t\t\t\t\t\t\t\t\t<a href=\"https:\/\/www.willi-graf-schulen.de\/gymnasium\/wp-content\/uploads\/sites\/5\/2022\/10\/IMG_2259-1.jpg\" data-elementor-open-lightbox=\"yes\" data-elementor-lightbox-title=\"IMG_2259-1\"><br>\n\t\t\t\t\t\t\t<img loading=\"lazy\" decoding=\"async\" width=\"150\" height=\"150\" src=\"https:\/\/www.willi-graf-schulen.de\/gymnasium\/wp-content\/uploads\/sites\/5\/2022\/10\/IMG_2259-1-150x150.jpg\" alt=\"\" loading=\"lazy\">\t\t\t\t\t\t\t\t<\/a><\/p>","protected":false},"excerpt":{"rendered":"<p>Wenn die Willi-Graf-Musiker einladen, darf man immer etwas Besonderes erwarten. So auch am 20. Juli 2022 bei der Auff\u00fchrung der Zauberfl\u00f6te. Sogar das Wetter wurde instruiert und \u201aspielte\u2018 im wahrsten Sinne des Worts zur Untermalung der Gewitterszene mit. Mit der tatkr\u00e4ftigen (und vor allem bildpr\u00e4chtigen) Unterst\u00fctzung durch die Sch\u00fclerinnen des Leistungskurses Bildende Kunst unter Leitung [&hellip;]<\/p>\n","protected":false},"author":4,"featured_media":9565,"comment_status":"open","ping_status":"open","sticky":false,"template":"","format":"standard","meta":{"footnotes":""},"categories":[94,80],"tags":[],"class_list":["post-9530","post","type-post","status-publish","format-standard","has-post-thumbnail","hentry","category-aktuelles","category-musik"],"_links":{"self":[{"href":"https:\/\/www.willi-graf-schulen.de\/gymnasium\/wp-json\/wp\/v2\/posts\/9530","targetHints":{"allow":["GET"]}}],"collection":[{"href":"https:\/\/www.willi-graf-schulen.de\/gymnasium\/wp-json\/wp\/v2\/posts"}],"about":[{"href":"https:\/\/www.willi-graf-schulen.de\/gymnasium\/wp-json\/wp\/v2\/types\/post"}],"author":[{"embeddable":true,"href":"https:\/\/www.willi-graf-schulen.de\/gymnasium\/wp-json\/wp\/v2\/users\/4"}],"replies":[{"embeddable":true,"href":"https:\/\/www.willi-graf-schulen.de\/gymnasium\/wp-json\/wp\/v2\/comments?post=9530"}],"version-history":[{"count":13,"href":"https:\/\/www.willi-graf-schulen.de\/gymnasium\/wp-json\/wp\/v2\/posts\/9530\/revisions"}],"predecessor-version":[{"id":10103,"href":"https:\/\/www.willi-graf-schulen.de\/gymnasium\/wp-json\/wp\/v2\/posts\/9530\/revisions\/10103"}],"wp:featuredmedia":[{"embeddable":true,"href":"https:\/\/www.willi-graf-schulen.de\/gymnasium\/wp-json\/wp\/v2\/media\/9565"}],"wp:attachment":[{"href":"https:\/\/www.willi-graf-schulen.de\/gymnasium\/wp-json\/wp\/v2\/media?parent=9530"}],"wp:term":[{"taxonomy":"category","embeddable":true,"href":"https:\/\/www.willi-graf-schulen.de\/gymnasium\/wp-json\/wp\/v2\/categories?post=9530"},{"taxonomy":"post_tag","embeddable":true,"href":"https:\/\/www.willi-graf-schulen.de\/gymnasium\/wp-json\/wp\/v2\/tags?post=9530"}],"curies":[{"name":"wp","href":"https:\/\/api.w.org\/{rel}","templated":true}]}}