{"id":9815,"date":"2022-10-20T09:52:18","date_gmt":"2022-10-20T07:52:18","guid":{"rendered":"https:\/\/www.willi-graf-schulen.de\/gymnasium\/?p=9815"},"modified":"2022-12-13T08:00:02","modified_gmt":"2022-12-13T07:00:02","slug":"profilbereich","status":"publish","type":"post","link":"https:\/\/www.willi-graf-schulen.de\/gymnasium\/profilbereich\/","title":{"rendered":"Profilbereich"},"content":{"rendered":"\t\t<div data-elementor-type=\"wp-post\" data-elementor-id=\"9815\" class=\"elementor elementor-9815\" data-elementor-post-type=\"post\">\n\t\t\t\t\t\t<section class=\"elementor-section elementor-top-section elementor-element elementor-element-cee4130 elementor-section-boxed elementor-section-height-default elementor-section-height-default\" data-id=\"cee4130\" data-element_type=\"section\" data-e-type=\"section\" data-settings=\"{&quot;jet_parallax_layout_list&quot;:[]}\">\n\t\t\t\t\t\t<div class=\"elementor-container elementor-column-gap-default\">\n\t\t\t\t\t<div class=\"elementor-column elementor-col-100 elementor-top-column elementor-element elementor-element-8b422e8\" data-id=\"8b422e8\" data-element_type=\"column\" data-e-type=\"column\">\n\t\t\t<div class=\"elementor-widget-wrap elementor-element-populated\">\n\t\t\t\t\t\t<div class=\"elementor-element elementor-element-0edfad5 elementor-widget elementor-widget-text-editor\" data-id=\"0edfad5\" data-element_type=\"widget\" data-e-type=\"widget\" data-widget_type=\"text-editor.default\">\n\t\t\t\t<div class=\"elementor-widget-container\">\n\t\t\t\t\t\t\t\t\t<p>Im Profilbereich bestehen Wahlm\u00f6glichkeiten, um der Individualit\u00e4t unserer Sch\u00fcler gerecht zu\u00a0werden. Sch\u00fclerinnen und Sch\u00fcler w\u00e4hlen nach ihren Interessen in Klasse 8 eines der F\u00e4cher\u00a0Spanisch, Latein oder Naturwissenschaften. Die Wahlentscheidung f\u00fcr dieses weitere Hauptfach f\u00e4llt\u00a0erst am Ende von Klasse 7. Der Klassenverband bleibt erhalten, soziale Kontakte bleiben bestehen.\u00a0Durch das Wahlverhalten der Sch\u00fcler entsteht ein erstes Kurssystem mit in der Regel kleineren\u00a0Lerngruppen, die dadurch intensiv gef\u00f6rdert werden k\u00f6nnen.<\/p>\t\t\t\t\t\t\t\t<\/div>\n\t\t\t\t<\/div>\n\t\t\t\t\t<\/div>\n\t\t<\/div>\n\t\t\t\t\t<\/div>\n\t\t<\/section>\n\t\t\t\t<section class=\"elementor-section elementor-top-section elementor-element elementor-element-77dd27c elementor-section-boxed elementor-section-height-default elementor-section-height-default\" data-id=\"77dd27c\" data-element_type=\"section\" data-e-type=\"section\" data-settings=\"{&quot;jet_parallax_layout_list&quot;:[]}\">\n\t\t\t\t\t\t<div class=\"elementor-container elementor-column-gap-default\">\n\t\t\t\t\t<div class=\"elementor-column elementor-col-100 elementor-top-column elementor-element elementor-element-9e9abe0\" data-id=\"9e9abe0\" data-element_type=\"column\" data-e-type=\"column\">\n\t\t\t<div class=\"elementor-widget-wrap elementor-element-populated\">\n\t\t\t\t\t\t<div class=\"elementor-element elementor-element-a88a37c elementor-widget elementor-widget-image\" data-id=\"a88a37c\" data-element_type=\"widget\" data-e-type=\"widget\" data-widget_type=\"image.default\">\n\t\t\t\t<div class=\"elementor-widget-container\">\n\t\t\t\t\t\t\t\t\t\t\t\t\t\t\t<img fetchpriority=\"high\" decoding=\"async\" width=\"1024\" height=\"536\" src=\"https:\/\/www.willi-graf-schulen.de\/gymnasium\/wp-content\/uploads\/sites\/5\/2022\/12\/Profilwahl-1024x536.png\" class=\"attachment-large size-large wp-image-10550\" alt=\"\" srcset=\"https:\/\/www.willi-graf-schulen.de\/gymnasium\/wp-content\/uploads\/sites\/5\/2022\/12\/Profilwahl-1024x536.png 1024w, https:\/\/www.willi-graf-schulen.de\/gymnasium\/wp-content\/uploads\/sites\/5\/2022\/12\/Profilwahl-300x157.png 300w, https:\/\/www.willi-graf-schulen.de\/gymnasium\/wp-content\/uploads\/sites\/5\/2022\/12\/Profilwahl-768x402.png 768w, https:\/\/www.willi-graf-schulen.de\/gymnasium\/wp-content\/uploads\/sites\/5\/2022\/12\/Profilwahl-1536x804.png 1536w, https:\/\/www.willi-graf-schulen.de\/gymnasium\/wp-content\/uploads\/sites\/5\/2022\/12\/Profilwahl-600x314.png 600w, https:\/\/www.willi-graf-schulen.de\/gymnasium\/wp-content\/uploads\/sites\/5\/2022\/12\/Profilwahl.png 2024w\" sizes=\"(max-width: 1024px) 100vw, 1024px\" \/>\t\t\t\t\t\t\t\t\t\t\t\t\t\t\t<\/div>\n\t\t\t\t<\/div>\n\t\t\t\t\t<\/div>\n\t\t<\/div>\n\t\t\t\t\t<\/div>\n\t\t<\/section>\n\t\t\t\t<\/div>\n\t\t","protected":false},"excerpt":{"rendered":"<p>Im Profilbereich bestehen Wahlm\u00f6glichkeiten, um der Individualit\u00e4t unserer Sch\u00fcler gerecht zu\u00a0werden. Sch\u00fclerinnen und Sch\u00fcler w\u00e4hlen nach ihren Interessen in Klasse 8 eines der F\u00e4cher\u00a0Spanisch, Latein oder Naturwissenschaften. Die Wahlentscheidung f\u00fcr dieses weitere Hauptfach f\u00e4llt\u00a0erst am Ende von Klasse 7. Der Klassenverband bleibt erhalten, soziale Kontakte bleiben bestehen.\u00a0Durch das Wahlverhalten der Sch\u00fcler entsteht ein erstes Kurssystem [&hellip;]<\/p>\n","protected":false},"author":4,"featured_media":0,"comment_status":"open","ping_status":"open","sticky":false,"template":"","format":"standard","meta":{"footnotes":""},"categories":[1],"tags":[],"class_list":["post-9815","post","type-post","status-publish","format-standard","hentry","category-dein-weg-am-wgg"],"_links":{"self":[{"href":"https:\/\/www.willi-graf-schulen.de\/gymnasium\/wp-json\/wp\/v2\/posts\/9815","targetHints":{"allow":["GET"]}}],"collection":[{"href":"https:\/\/www.willi-graf-schulen.de\/gymnasium\/wp-json\/wp\/v2\/posts"}],"about":[{"href":"https:\/\/www.willi-graf-schulen.de\/gymnasium\/wp-json\/wp\/v2\/types\/post"}],"author":[{"embeddable":true,"href":"https:\/\/www.willi-graf-schulen.de\/gymnasium\/wp-json\/wp\/v2\/users\/4"}],"replies":[{"embeddable":true,"href":"https:\/\/www.willi-graf-schulen.de\/gymnasium\/wp-json\/wp\/v2\/comments?post=9815"}],"version-history":[{"count":16,"href":"https:\/\/www.willi-graf-schulen.de\/gymnasium\/wp-json\/wp\/v2\/posts\/9815\/revisions"}],"predecessor-version":[{"id":10559,"href":"https:\/\/www.willi-graf-schulen.de\/gymnasium\/wp-json\/wp\/v2\/posts\/9815\/revisions\/10559"}],"wp:attachment":[{"href":"https:\/\/www.willi-graf-schulen.de\/gymnasium\/wp-json\/wp\/v2\/media?parent=9815"}],"wp:term":[{"taxonomy":"category","embeddable":true,"href":"https:\/\/www.willi-graf-schulen.de\/gymnasium\/wp-json\/wp\/v2\/categories?post=9815"},{"taxonomy":"post_tag","embeddable":true,"href":"https:\/\/www.willi-graf-schulen.de\/gymnasium\/wp-json\/wp\/v2\/tags?post=9815"}],"curies":[{"name":"wp","href":"https:\/\/api.w.org\/{rel}","templated":true}]}}