{"id":9848,"date":"2022-10-20T10:13:28","date_gmt":"2022-10-20T08:13:28","guid":{"rendered":"https:\/\/www.willi-graf-schulen.de\/gymnasium\/?p=9848"},"modified":"2022-10-20T10:14:17","modified_gmt":"2022-10-20T08:14:17","slug":"foerderung-von-schluesselkompetenzen","status":"publish","type":"post","link":"https:\/\/www.willi-graf-schulen.de\/gymnasium\/foerderung-von-schluesselkompetenzen\/","title":{"rendered":"F\u00f6rderung von Schl\u00fcsselkompetenzen\u00a0"},"content":{"rendered":"\t\t<div data-elementor-type=\"wp-post\" data-elementor-id=\"9848\" class=\"elementor elementor-9848\" data-elementor-post-type=\"post\">\n\t\t\t\t\t\t<section class=\"elementor-section elementor-top-section elementor-element elementor-element-1c837ce elementor-section-boxed elementor-section-height-default elementor-section-height-default\" data-id=\"1c837ce\" data-element_type=\"section\" data-e-type=\"section\" data-settings=\"{&quot;jet_parallax_layout_list&quot;:[]}\">\n\t\t\t\t\t\t<div class=\"elementor-container elementor-column-gap-default\">\n\t\t\t\t\t<div class=\"elementor-column elementor-col-100 elementor-top-column elementor-element elementor-element-4cd86d8\" data-id=\"4cd86d8\" data-element_type=\"column\" data-e-type=\"column\">\n\t\t\t<div class=\"elementor-widget-wrap elementor-element-populated\">\n\t\t\t\t\t\t<div class=\"elementor-element elementor-element-ba047d5 elementor-widget elementor-widget-text-editor\" data-id=\"ba047d5\" data-element_type=\"widget\" data-e-type=\"widget\" data-widget_type=\"text-editor.default\">\n\t\t\t\t<div class=\"elementor-widget-container\">\n\t\t\t\t\t\t\t\t\t<p style=\"font-weight: 400\">Das Willi-Graf-Gymnasium hat ein systematisches Konzept zur F\u00f6rderung der Schl\u00fcsselkompetenzen ab Klasse 5 entwickelt, um lernstrategische und soziale Kompetenzen zu f\u00f6rdern:<\/p><ul style=\"font-weight: 400\"><li>Das <strong>Lernen lernen<\/strong>: Sch\u00fclerinnen und Sch\u00fcler erfahren gezielt methodische und lernstrategische Hilfen, ab Klassenstufe 5 w\u00e4hrend des Unterrichts und in au\u00dferunterrichtlichen Projekten, in der Oberstufe als Abiturkolloquium.<\/li><li><strong>Klassensprecherseminare<\/strong>: Vertrauenslehrer und Sch\u00fcler-SV bilden unsere jungen Unterstufenklassensprecher in Wochenendseminaren gezielt aus, um die F\u00e4higkeit zu Kommunikation, kritischer Reflexion und Interessenvertretung zu erwerben.<\/li><li><strong>Pr\u00e4vention<\/strong>:\u00a0Zu unserem Konzept der Beratung und Begleitung geh\u00f6ren auch Ma\u00dfnahmen der Pr\u00e4vention. Inhaltliche Schwerpunkte liegen im Bereich der Sucht- und Gewaltpr\u00e4vention, der Medienerziehung und der St\u00e4rkung der Pers\u00f6nlichkeit.<\/li><li><strong>Sozialpraktikum:<\/strong> Im Fokus dieses Praktikums steht der Dienst am Menschen und die St\u00e4rkung der Pers\u00f6nlichkeit. Das Sozialpraktikum soll unsere Sch\u00fclerinnen und Sch\u00fcler dazu anleiten, pers\u00f6nliche Grenzen und Komfortzonen auszuloten, sich Herausforderungen zu stellen und auch \u00fcber sich selbst hinauszuwachsen.<\/li><\/ul>\t\t\t\t\t\t\t\t<\/div>\n\t\t\t\t<\/div>\n\t\t\t\t\t<\/div>\n\t\t<\/div>\n\t\t\t\t\t<\/div>\n\t\t<\/section>\n\t\t\t\t<\/div>\n\t\t","protected":false},"excerpt":{"rendered":"<p>Das Willi-Graf-Gymnasium hat ein systematisches Konzept zur F\u00f6rderung der Schl\u00fcsselkompetenzen ab Klasse 5 entwickelt, um lernstrategische und soziale Kompetenzen zu f\u00f6rdern: Das Lernen lernen: Sch\u00fclerinnen und Sch\u00fcler erfahren gezielt methodische und lernstrategische Hilfen, ab Klassenstufe 5 w\u00e4hrend des Unterrichts und in au\u00dferunterrichtlichen Projekten, in der Oberstufe als Abiturkolloquium. Klassensprecherseminare: Vertrauenslehrer und Sch\u00fcler-SV bilden unsere jungen [&hellip;]<\/p>\n","protected":false},"author":4,"featured_media":0,"comment_status":"open","ping_status":"open","sticky":false,"template":"","format":"standard","meta":{"footnotes":""},"categories":[1],"tags":[],"class_list":["post-9848","post","type-post","status-publish","format-standard","hentry","category-dein-weg-am-wgg"],"_links":{"self":[{"href":"https:\/\/www.willi-graf-schulen.de\/gymnasium\/wp-json\/wp\/v2\/posts\/9848","targetHints":{"allow":["GET"]}}],"collection":[{"href":"https:\/\/www.willi-graf-schulen.de\/gymnasium\/wp-json\/wp\/v2\/posts"}],"about":[{"href":"https:\/\/www.willi-graf-schulen.de\/gymnasium\/wp-json\/wp\/v2\/types\/post"}],"author":[{"embeddable":true,"href":"https:\/\/www.willi-graf-schulen.de\/gymnasium\/wp-json\/wp\/v2\/users\/4"}],"replies":[{"embeddable":true,"href":"https:\/\/www.willi-graf-schulen.de\/gymnasium\/wp-json\/wp\/v2\/comments?post=9848"}],"version-history":[{"count":4,"href":"https:\/\/www.willi-graf-schulen.de\/gymnasium\/wp-json\/wp\/v2\/posts\/9848\/revisions"}],"predecessor-version":[{"id":9852,"href":"https:\/\/www.willi-graf-schulen.de\/gymnasium\/wp-json\/wp\/v2\/posts\/9848\/revisions\/9852"}],"wp:attachment":[{"href":"https:\/\/www.willi-graf-schulen.de\/gymnasium\/wp-json\/wp\/v2\/media?parent=9848"}],"wp:term":[{"taxonomy":"category","embeddable":true,"href":"https:\/\/www.willi-graf-schulen.de\/gymnasium\/wp-json\/wp\/v2\/categories?post=9848"},{"taxonomy":"post_tag","embeddable":true,"href":"https:\/\/www.willi-graf-schulen.de\/gymnasium\/wp-json\/wp\/v2\/tags?post=9848"}],"curies":[{"name":"wp","href":"https:\/\/api.w.org\/{rel}","templated":true}]}}