{"id":1375,"date":"2019-07-28T15:00:09","date_gmt":"2019-07-28T13:00:09","guid":{"rendered":"https:\/\/www.willi-graf-schulen.de\/realschule\/2019\/07\/28\/sozialkunde\/"},"modified":"2022-07-26T13:12:37","modified_gmt":"2022-07-26T11:12:37","slug":"sozialkunde","status":"publish","type":"post","link":"https:\/\/www.willi-graf-schulen.de\/realschule\/sozialkunde\/","title":{"rendered":"Sozialkunde"},"content":{"rendered":"\t\t<div data-elementor-type=\"wp-post\" data-elementor-id=\"1375\" class=\"elementor elementor-1375\" data-elementor-post-type=\"post\">\n\t\t\t\t\t\t<section class=\"elementor-section elementor-top-section elementor-element elementor-element-486abe29 elementor-section-boxed elementor-section-height-default elementor-section-height-default\" data-id=\"486abe29\" data-element_type=\"section\" data-e-type=\"section\" data-settings=\"{&quot;jet_parallax_layout_list&quot;:[]}\">\n\t\t\t\t\t\t<div class=\"elementor-container elementor-column-gap-default\">\n\t\t\t\t\t<div class=\"elementor-column elementor-col-100 elementor-top-column elementor-element elementor-element-5061adc4\" data-id=\"5061adc4\" data-element_type=\"column\" data-e-type=\"column\">\n\t\t\t<div class=\"elementor-widget-wrap elementor-element-populated\">\n\t\t\t\t\t\t<div class=\"elementor-element elementor-element-44663e70 elementor-widget elementor-widget-text-editor\" data-id=\"44663e70\" data-element_type=\"widget\" data-e-type=\"widget\" data-widget_type=\"text-editor.default\">\n\t\t\t\t<div class=\"elementor-widget-container\">\n\t\t\t\t\t\t\t\t\t<p>Die Sozialkunde versteht sich als Fach, welches einen gro\u00dfen Anteil zur politischen Bildung sowie der Werte- und Demokratieerziehung der Sch\u00fclerinnen und Sch\u00fcler leistet. Das Fach Sozialkunde unterst\u00fctzt die Pers\u00f6nlichkeitsbildung der Sch\u00fclerinnen und Sch\u00fcler, indem diese zu einer politischen Urteilsbildung herangef\u00fchrt werden. Parteiverdrossenheit, sinkendes Vertrauen in politische Institutionen und zunehmender Extremismus gerade bei Jugendlichen erfordern eine sensible politische Bildungsarbeit an den Schulen, die den Heranwachsenden zu einem m\u00fcndigen B\u00fcrger inmitten unserer Demokratie erziehen soll. Dabei m\u00f6chten wir den Sch\u00fclern ein Handwerkszeug vermitteln, mit dessen Hilfe sie sich ein Urteil \u00fcber politische Sachverhalte selbst\u00e4ndig erarbeiten k\u00f6nnen und unter Zuhilfenahme methodischer Schl\u00fcsselkompetenzen selbstbewusst ihre Meinung zu vertreten wissen.<\/p><p><strong>Ziel des Faches ist es die fachlichen Inhalte mit folgenden didaktischen Prinzipien zu verkn\u00fcpfen:<\/strong><\/p><ul type=\"disc\"><li>Problemorientierung<\/li><li>Handlungsorientierung,<\/li><li>Sch\u00fclerorientierung<\/li><li>Aktualit\u00e4tsbezug<\/li><li>Kontroversit\u00e4t<\/li><li>Wissenschaftsorientierung<\/li><li>Methoden-, Lern- und Kommunikationskompetenzen<br \/><div data-canvas-width=\"88.39955654101995\">\u00a0\u00a0<\/div><\/li><\/ul><h3>Unsere Themen<\/h3><p><strong>Sekundarstufe I (S I):<\/strong><\/p><ul type=\"disc\"><li>Mitwirkung in Schule und Gemeinde<\/li><li>Familie in Gesellschaft und Staat<\/li><li>Recht und Rechtsprechung \u2013 die Rechtsordnung der Bundesrepublik Deutschland<\/li><li>Leben in der Mediengesellschaft<\/li><li>Wirtschaft und Wirtschaftsordnung<\/li><li>Parlamentarische Demokratie \u2013 die politische Ordnung der Bundesrepublik Deutschland<\/li><li>Politik in der Europ\u00e4ischen Union<\/li><li>Frieden und Sicherheit<\/li><\/ul><p><strong>Lehrkr\u00e4fte:<\/strong><\/p><p>Herr Bodenstein, Frau Strupp, Frau Zare<\/p>\t\t\t\t\t\t\t\t<\/div>\n\t\t\t\t<\/div>\n\t\t\t\t\t<\/div>\n\t\t<\/div>\n\t\t\t\t\t<\/div>\n\t\t<\/section>\n\t\t\t\t<\/div>\n\t\t","protected":false},"excerpt":{"rendered":"<p>Die Sozialkunde versteht sich als Fach, welches einen gro\u00dfen Anteil zur politischen Bildung sowie der Werte- und Demokratieerziehung der Sch\u00fclerinnen und Sch\u00fcler leistet. Das Fach Sozialkunde unterst\u00fctzt die Pers\u00f6nlichkeitsbildung der Sch\u00fclerinnen und Sch\u00fcler, indem diese zu einer politischen Urteilsbildung herangef\u00fchrt werden. Parteiverdrossenheit, sinkendes Vertrauen in politische Institutionen und zunehmender Extremismus gerade bei Jugendlichen erfordern eine [&hellip;]<\/p>\n","protected":false},"author":1,"featured_media":0,"comment_status":"open","ping_status":"open","sticky":false,"template":"","format":"standard","meta":{"footnotes":""},"categories":[28,27],"tags":[],"class_list":["post-1375","post","type-post","status-publish","format-standard","hentry","category-pflichtunterricht","category-wgr-fachbereiche"],"_links":{"self":[{"href":"https:\/\/www.willi-graf-schulen.de\/realschule\/wp-json\/wp\/v2\/posts\/1375","targetHints":{"allow":["GET"]}}],"collection":[{"href":"https:\/\/www.willi-graf-schulen.de\/realschule\/wp-json\/wp\/v2\/posts"}],"about":[{"href":"https:\/\/www.willi-graf-schulen.de\/realschule\/wp-json\/wp\/v2\/types\/post"}],"author":[{"embeddable":true,"href":"https:\/\/www.willi-graf-schulen.de\/realschule\/wp-json\/wp\/v2\/users\/1"}],"replies":[{"embeddable":true,"href":"https:\/\/www.willi-graf-schulen.de\/realschule\/wp-json\/wp\/v2\/comments?post=1375"}],"version-history":[{"count":4,"href":"https:\/\/www.willi-graf-schulen.de\/realschule\/wp-json\/wp\/v2\/posts\/1375\/revisions"}],"predecessor-version":[{"id":3472,"href":"https:\/\/www.willi-graf-schulen.de\/realschule\/wp-json\/wp\/v2\/posts\/1375\/revisions\/3472"}],"wp:attachment":[{"href":"https:\/\/www.willi-graf-schulen.de\/realschule\/wp-json\/wp\/v2\/media?parent=1375"}],"wp:term":[{"taxonomy":"category","embeddable":true,"href":"https:\/\/www.willi-graf-schulen.de\/realschule\/wp-json\/wp\/v2\/categories?post=1375"},{"taxonomy":"post_tag","embeddable":true,"href":"https:\/\/www.willi-graf-schulen.de\/realschule\/wp-json\/wp\/v2\/tags?post=1375"}],"curies":[{"name":"wp","href":"https:\/\/api.w.org\/{rel}","templated":true}]}}