{"id":216,"date":"2011-11-24T21:48:19","date_gmt":"2011-11-24T20:48:19","guid":{"rendered":"https:\/\/www.willi-graf-schulen.de\/realschule\/2011\/11\/24\/deutsch\/"},"modified":"2023-01-08T21:03:07","modified_gmt":"2023-01-08T20:03:07","slug":"deutsch","status":"publish","type":"post","link":"https:\/\/www.willi-graf-schulen.de\/realschule\/deutsch\/","title":{"rendered":"Deutsch"},"content":{"rendered":"\t\t<div data-elementor-type=\"wp-post\" data-elementor-id=\"216\" class=\"elementor elementor-216\" data-elementor-post-type=\"post\">\n\t\t\t\t\t\t<section class=\"elementor-section elementor-top-section elementor-element elementor-element-ffd3bae elementor-section-boxed elementor-section-height-default elementor-section-height-default\" data-id=\"ffd3bae\" data-element_type=\"section\" data-e-type=\"section\" data-settings=\"{&quot;jet_parallax_layout_list&quot;:[]}\">\n\t\t\t\t\t\t<div class=\"elementor-container elementor-column-gap-default\">\n\t\t\t\t\t<div class=\"elementor-column elementor-col-100 elementor-top-column elementor-element elementor-element-76f0ec5\" data-id=\"76f0ec5\" data-element_type=\"column\" data-e-type=\"column\">\n\t\t\t<div class=\"elementor-widget-wrap elementor-element-populated\">\n\t\t\t\t\t\t<div class=\"elementor-element elementor-element-0dbb6d2 elementor-widget elementor-widget-text-editor\" data-id=\"0dbb6d2\" data-element_type=\"widget\" data-e-type=\"widget\" data-widget_type=\"text-editor.default\">\n\t\t\t\t<div class=\"elementor-widget-container\">\n\t\t\t\t\t\t\t\t\t<p>\u201eDie Muttersprache ist die entscheidende Basis \u2013 auch f\u00fcr das Erlernen von Fremdsprachen.\u201c\u00a0<br \/><strong>Josef Kraus<\/strong> (Vorsitzender des Deutschen Lehrerverbandes)<\/p>\t\t\t\t\t\t\t\t<\/div>\n\t\t\t\t<\/div>\n\t\t\t\t\t<\/div>\n\t\t<\/div>\n\t\t\t\t\t<\/div>\n\t\t<\/section>\n\t\t\t\t<section class=\"elementor-section elementor-top-section elementor-element elementor-element-aad69c2 elementor-section-boxed elementor-section-height-default elementor-section-height-default\" data-id=\"aad69c2\" data-element_type=\"section\" data-e-type=\"section\" data-settings=\"{&quot;jet_parallax_layout_list&quot;:[]}\">\n\t\t\t\t\t\t<div class=\"elementor-container elementor-column-gap-default\">\n\t\t\t\t\t<div class=\"elementor-column elementor-col-100 elementor-top-column elementor-element elementor-element-ed11738\" data-id=\"ed11738\" data-element_type=\"column\" data-e-type=\"column\">\n\t\t\t<div class=\"elementor-widget-wrap elementor-element-populated\">\n\t\t\t\t\t\t<div class=\"elementor-element elementor-element-dc7cf31 elementor-widget elementor-widget-text-editor\" data-id=\"dc7cf31\" data-element_type=\"widget\" data-e-type=\"widget\" data-widget_type=\"text-editor.default\">\n\t\t\t\t<div class=\"elementor-widget-container\">\n\t\t\t\t\t\t\t\t\t<h3>Unsere Deutschlehrer:Innen<\/h3>\t\t\t\t\t\t\t\t<\/div>\n\t\t\t\t<\/div>\n\t\t\t\t\t<\/div>\n\t\t<\/div>\n\t\t\t\t\t<\/div>\n\t\t<\/section>\n\t\t\t\t<section class=\"elementor-section elementor-top-section elementor-element elementor-element-8af8310 elementor-section-boxed elementor-section-height-default elementor-section-height-default\" data-id=\"8af8310\" data-element_type=\"section\" data-e-type=\"section\" data-settings=\"{&quot;jet_parallax_layout_list&quot;:[]}\">\n\t\t\t\t\t\t<div class=\"elementor-container elementor-column-gap-default\">\n\t\t\t\t\t<div class=\"elementor-column elementor-col-50 elementor-top-column elementor-element elementor-element-ca9ceca\" data-id=\"ca9ceca\" data-element_type=\"column\" data-e-type=\"column\">\n\t\t\t<div class=\"elementor-widget-wrap elementor-element-populated\">\n\t\t\t\t\t\t<div class=\"elementor-element elementor-element-dc34d42 elementor-widget elementor-widget-text-editor\" data-id=\"dc34d42\" data-element_type=\"widget\" data-e-type=\"widget\" data-widget_type=\"text-editor.default\">\n\t\t\t\t<div class=\"elementor-widget-container\">\n\t\t\t\t\t\t\t\t\t<p>Name:<\/p>\t\t\t\t\t\t\t\t<\/div>\n\t\t\t\t<\/div>\n\t\t\t\t\t<\/div>\n\t\t<\/div>\n\t\t\t\t<div class=\"elementor-column elementor-col-50 elementor-top-column elementor-element elementor-element-8540eda\" data-id=\"8540eda\" data-element_type=\"column\" data-e-type=\"column\">\n\t\t\t<div class=\"elementor-widget-wrap elementor-element-populated\">\n\t\t\t\t\t\t<div class=\"elementor-element elementor-element-25a5ca7 elementor-widget elementor-widget-text-editor\" data-id=\"25a5ca7\" data-element_type=\"widget\" data-e-type=\"widget\" data-widget_type=\"text-editor.default\">\n\t\t\t\t<div class=\"elementor-widget-container\">\n\t\t\t\t\t\t\t\t\t<p>seit<\/p>\t\t\t\t\t\t\t\t<\/div>\n\t\t\t\t<\/div>\n\t\t\t\t\t<\/div>\n\t\t<\/div>\n\t\t\t\t\t<\/div>\n\t\t<\/section>\n\t\t\t\t<section class=\"elementor-section elementor-top-section elementor-element elementor-element-e4c7354 elementor-section-boxed elementor-section-height-default elementor-section-height-default\" data-id=\"e4c7354\" data-element_type=\"section\" data-e-type=\"section\" data-settings=\"{&quot;jet_parallax_layout_list&quot;:[]}\">\n\t\t\t\t\t\t<div class=\"elementor-container elementor-column-gap-default\">\n\t\t\t\t\t<div class=\"elementor-column elementor-col-50 elementor-top-column elementor-element elementor-element-4d4041f\" data-id=\"4d4041f\" data-element_type=\"column\" data-e-type=\"column\">\n\t\t\t<div class=\"elementor-widget-wrap elementor-element-populated\">\n\t\t\t\t\t\t<div class=\"elementor-element elementor-element-a18860a elementor-widget elementor-widget-text-editor\" data-id=\"a18860a\" data-element_type=\"widget\" data-e-type=\"widget\" data-widget_type=\"text-editor.default\">\n\t\t\t\t<div class=\"elementor-widget-container\">\n\t\t\t\t\t\t\t\t\t<p>Nina Bickelmann<\/p>\t\t\t\t\t\t\t\t<\/div>\n\t\t\t\t<\/div>\n\t\t\t\t\t<\/div>\n\t\t<\/div>\n\t\t\t\t<div class=\"elementor-column elementor-col-50 elementor-top-column elementor-element elementor-element-ffcc0d4\" data-id=\"ffcc0d4\" data-element_type=\"column\" data-e-type=\"column\">\n\t\t\t<div class=\"elementor-widget-wrap elementor-element-populated\">\n\t\t\t\t\t\t<div class=\"elementor-element elementor-element-c0070bd elementor-widget elementor-widget-text-editor\" data-id=\"c0070bd\" data-element_type=\"widget\" data-e-type=\"widget\" data-widget_type=\"text-editor.default\">\n\t\t\t\t<div class=\"elementor-widget-container\">\n\t\t\t\t\t\t\t\t\t<p>2018<\/p>\t\t\t\t\t\t\t\t<\/div>\n\t\t\t\t<\/div>\n\t\t\t\t\t<\/div>\n\t\t<\/div>\n\t\t\t\t\t<\/div>\n\t\t<\/section>\n\t\t\t\t<section class=\"elementor-section elementor-top-section elementor-element elementor-element-3195ab9 elementor-section-boxed elementor-section-height-default elementor-section-height-default\" data-id=\"3195ab9\" data-element_type=\"section\" data-e-type=\"section\" data-settings=\"{&quot;jet_parallax_layout_list&quot;:[]}\">\n\t\t\t\t\t\t<div class=\"elementor-container elementor-column-gap-default\">\n\t\t\t\t\t<div class=\"elementor-column elementor-col-50 elementor-top-column elementor-element elementor-element-92c5e5d\" data-id=\"92c5e5d\" data-element_type=\"column\" data-e-type=\"column\">\n\t\t\t<div class=\"elementor-widget-wrap elementor-element-populated\">\n\t\t\t\t\t\t<div class=\"elementor-element elementor-element-ac42106 elementor-widget elementor-widget-text-editor\" data-id=\"ac42106\" data-element_type=\"widget\" data-e-type=\"widget\" data-widget_type=\"text-editor.default\">\n\t\t\t\t<div class=\"elementor-widget-container\">\n\t\t\t\t\t\t\t\t\t<p>Geibel, Florian<\/p>\t\t\t\t\t\t\t\t<\/div>\n\t\t\t\t<\/div>\n\t\t\t\t\t<\/div>\n\t\t<\/div>\n\t\t\t\t<div class=\"elementor-column elementor-col-50 elementor-top-column elementor-element elementor-element-6c88451\" data-id=\"6c88451\" data-element_type=\"column\" data-e-type=\"column\">\n\t\t\t<div class=\"elementor-widget-wrap elementor-element-populated\">\n\t\t\t\t\t\t<div class=\"elementor-element elementor-element-9b9d283 elementor-widget elementor-widget-text-editor\" data-id=\"9b9d283\" data-element_type=\"widget\" data-e-type=\"widget\" data-widget_type=\"text-editor.default\">\n\t\t\t\t<div class=\"elementor-widget-container\">\n\t\t\t\t\t\t\t\t\t<p>2021<\/p>\t\t\t\t\t\t\t\t<\/div>\n\t\t\t\t<\/div>\n\t\t\t\t\t<\/div>\n\t\t<\/div>\n\t\t\t\t\t<\/div>\n\t\t<\/section>\n\t\t\t\t<section class=\"elementor-section elementor-top-section elementor-element elementor-element-71cee22 elementor-section-boxed elementor-section-height-default elementor-section-height-default\" data-id=\"71cee22\" data-element_type=\"section\" data-e-type=\"section\" data-settings=\"{&quot;jet_parallax_layout_list&quot;:[]}\">\n\t\t\t\t\t\t<div class=\"elementor-container elementor-column-gap-default\">\n\t\t\t\t\t<div class=\"elementor-column elementor-col-50 elementor-top-column elementor-element elementor-element-08f4352\" data-id=\"08f4352\" data-element_type=\"column\" data-e-type=\"column\">\n\t\t\t<div class=\"elementor-widget-wrap elementor-element-populated\">\n\t\t\t\t\t\t<div class=\"elementor-element elementor-element-cc32a41 elementor-widget elementor-widget-text-editor\" data-id=\"cc32a41\" data-element_type=\"widget\" data-e-type=\"widget\" data-widget_type=\"text-editor.default\">\n\t\t\t\t<div class=\"elementor-widget-container\">\n\t\t\t\t\t\t\t\t\t<p>Klassen, Johannes<\/p>\t\t\t\t\t\t\t\t<\/div>\n\t\t\t\t<\/div>\n\t\t\t\t\t<\/div>\n\t\t<\/div>\n\t\t\t\t<div class=\"elementor-column elementor-col-50 elementor-top-column elementor-element elementor-element-55b6039\" data-id=\"55b6039\" data-element_type=\"column\" data-e-type=\"column\">\n\t\t\t<div class=\"elementor-widget-wrap elementor-element-populated\">\n\t\t\t\t\t\t<div class=\"elementor-element elementor-element-4b086a9 elementor-widget elementor-widget-text-editor\" data-id=\"4b086a9\" data-element_type=\"widget\" data-e-type=\"widget\" data-widget_type=\"text-editor.default\">\n\t\t\t\t<div class=\"elementor-widget-container\">\n\t\t\t\t\t\t\t\t\t<p>2015<\/p>\t\t\t\t\t\t\t\t<\/div>\n\t\t\t\t<\/div>\n\t\t\t\t\t<\/div>\n\t\t<\/div>\n\t\t\t\t\t<\/div>\n\t\t<\/section>\n\t\t\t\t<section class=\"elementor-section elementor-top-section elementor-element elementor-element-f66800a elementor-section-boxed elementor-section-height-default elementor-section-height-default\" data-id=\"f66800a\" data-element_type=\"section\" data-e-type=\"section\" data-settings=\"{&quot;jet_parallax_layout_list&quot;:[]}\">\n\t\t\t\t\t\t<div class=\"elementor-container elementor-column-gap-default\">\n\t\t\t\t\t<div class=\"elementor-column elementor-col-50 elementor-top-column elementor-element elementor-element-8ed116c\" data-id=\"8ed116c\" data-element_type=\"column\" data-e-type=\"column\">\n\t\t\t<div class=\"elementor-widget-wrap elementor-element-populated\">\n\t\t\t\t\t\t<div class=\"elementor-element elementor-element-7bb0750 elementor-widget elementor-widget-text-editor\" data-id=\"7bb0750\" data-element_type=\"widget\" data-e-type=\"widget\" data-widget_type=\"text-editor.default\">\n\t\t\t\t<div class=\"elementor-widget-container\">\n\t\t\t\t\t\t\t\t\t<p>Paulus, Anika<\/p>\t\t\t\t\t\t\t\t<\/div>\n\t\t\t\t<\/div>\n\t\t\t\t\t<\/div>\n\t\t<\/div>\n\t\t\t\t<div class=\"elementor-column elementor-col-50 elementor-top-column elementor-element elementor-element-264506c\" data-id=\"264506c\" data-element_type=\"column\" data-e-type=\"column\">\n\t\t\t<div class=\"elementor-widget-wrap elementor-element-populated\">\n\t\t\t\t\t\t<div class=\"elementor-element elementor-element-50c17e3 elementor-widget elementor-widget-text-editor\" data-id=\"50c17e3\" data-element_type=\"widget\" data-e-type=\"widget\" data-widget_type=\"text-editor.default\">\n\t\t\t\t<div class=\"elementor-widget-container\">\n\t\t\t\t\t\t\t\t\t<p>2021<\/p>\t\t\t\t\t\t\t\t<\/div>\n\t\t\t\t<\/div>\n\t\t\t\t\t<\/div>\n\t\t<\/div>\n\t\t\t\t\t<\/div>\n\t\t<\/section>\n\t\t\t\t<section class=\"elementor-section elementor-top-section elementor-element elementor-element-126b174 elementor-section-boxed elementor-section-height-default elementor-section-height-default\" data-id=\"126b174\" data-element_type=\"section\" data-e-type=\"section\" data-settings=\"{&quot;jet_parallax_layout_list&quot;:[]}\">\n\t\t\t\t\t\t<div class=\"elementor-container elementor-column-gap-default\">\n\t\t\t\t\t<div class=\"elementor-column elementor-col-50 elementor-top-column elementor-element elementor-element-9723058\" data-id=\"9723058\" data-element_type=\"column\" data-e-type=\"column\">\n\t\t\t<div class=\"elementor-widget-wrap elementor-element-populated\">\n\t\t\t\t\t\t<div class=\"elementor-element elementor-element-a9d3b0e elementor-widget elementor-widget-text-editor\" data-id=\"a9d3b0e\" data-element_type=\"widget\" data-e-type=\"widget\" data-widget_type=\"text-editor.default\">\n\t\t\t\t<div class=\"elementor-widget-container\">\n\t\t\t\t\t\t\t\t\t<p>Richters, Benjamin<\/p>\t\t\t\t\t\t\t\t<\/div>\n\t\t\t\t<\/div>\n\t\t\t\t\t<\/div>\n\t\t<\/div>\n\t\t\t\t<div class=\"elementor-column elementor-col-50 elementor-top-column elementor-element elementor-element-fffdc0f\" data-id=\"fffdc0f\" data-element_type=\"column\" data-e-type=\"column\">\n\t\t\t<div class=\"elementor-widget-wrap elementor-element-populated\">\n\t\t\t\t\t\t<div class=\"elementor-element elementor-element-a8caf80 elementor-widget elementor-widget-text-editor\" data-id=\"a8caf80\" data-element_type=\"widget\" data-e-type=\"widget\" data-widget_type=\"text-editor.default\">\n\t\t\t\t<div class=\"elementor-widget-container\">\n\t\t\t\t\t\t\t\t\t<p>2018<\/p>\t\t\t\t\t\t\t\t<\/div>\n\t\t\t\t<\/div>\n\t\t\t\t\t<\/div>\n\t\t<\/div>\n\t\t\t\t\t<\/div>\n\t\t<\/section>\n\t\t\t\t<section class=\"elementor-section elementor-top-section elementor-element elementor-element-0039aca elementor-section-boxed elementor-section-height-default elementor-section-height-default\" data-id=\"0039aca\" data-element_type=\"section\" data-e-type=\"section\" data-settings=\"{&quot;jet_parallax_layout_list&quot;:[]}\">\n\t\t\t\t\t\t<div class=\"elementor-container elementor-column-gap-default\">\n\t\t\t\t\t<div class=\"elementor-column elementor-col-50 elementor-top-column elementor-element elementor-element-6810e1f\" data-id=\"6810e1f\" data-element_type=\"column\" data-e-type=\"column\">\n\t\t\t<div class=\"elementor-widget-wrap elementor-element-populated\">\n\t\t\t\t\t\t<div class=\"elementor-element elementor-element-e7e77ef elementor-widget elementor-widget-text-editor\" data-id=\"e7e77ef\" data-element_type=\"widget\" data-e-type=\"widget\" data-widget_type=\"text-editor.default\">\n\t\t\t\t<div class=\"elementor-widget-container\">\n\t\t\t\t\t\t\t\t\t<p>Strupp, Kerstin<\/p>\t\t\t\t\t\t\t\t<\/div>\n\t\t\t\t<\/div>\n\t\t\t\t\t<\/div>\n\t\t<\/div>\n\t\t\t\t<div class=\"elementor-column elementor-col-50 elementor-top-column elementor-element elementor-element-c3ad5de\" data-id=\"c3ad5de\" data-element_type=\"column\" data-e-type=\"column\">\n\t\t\t<div class=\"elementor-widget-wrap elementor-element-populated\">\n\t\t\t\t\t\t<div class=\"elementor-element elementor-element-85ef3eb elementor-widget elementor-widget-text-editor\" data-id=\"85ef3eb\" data-element_type=\"widget\" data-e-type=\"widget\" data-widget_type=\"text-editor.default\">\n\t\t\t\t<div class=\"elementor-widget-container\">\n\t\t\t\t\t\t\t\t\t<p>2008<\/p>\t\t\t\t\t\t\t\t<\/div>\n\t\t\t\t<\/div>\n\t\t\t\t\t<\/div>\n\t\t<\/div>\n\t\t\t\t\t<\/div>\n\t\t<\/section>\n\t\t\t\t<section class=\"elementor-section elementor-top-section elementor-element elementor-element-1895f53c elementor-section-boxed elementor-section-height-default elementor-section-height-default\" data-id=\"1895f53c\" data-element_type=\"section\" data-e-type=\"section\" data-settings=\"{&quot;jet_parallax_layout_list&quot;:[]}\">\n\t\t\t\t\t\t<div class=\"elementor-container elementor-column-gap-default\">\n\t\t\t\t\t<div class=\"elementor-column elementor-col-100 elementor-top-column elementor-element elementor-element-56d2ace8\" data-id=\"56d2ace8\" data-element_type=\"column\" data-e-type=\"column\">\n\t\t\t<div class=\"elementor-widget-wrap elementor-element-populated\">\n\t\t\t\t\t\t<div class=\"elementor-element elementor-element-6f1010c5 elementor-widget elementor-widget-text-editor\" data-id=\"6f1010c5\" data-element_type=\"widget\" data-e-type=\"widget\" data-widget_type=\"text-editor.default\">\n\t\t\t\t<div class=\"elementor-widget-container\">\n\t\t\t\t\t\t\t\t\t<br>\n<p><strong>Besondere Aktivit\u00e4ten im Fach Deutsch:<\/strong><\/p>\n<ul>\n<li>Besuch von Theaterauff\u00fchrungen zu St\u00fccken der unterschiedlichen Pflichtlekt\u00fcren des jeweiligen Schuljahres<\/li>\n<li>Austausch \u00fcber Auff\u00fchrungsschwerpunkte der St\u00fccke mit den Akteuren des Theaters \u00dcberzwerg<\/li>\n<li>Teilnahme an den Veranstaltungen \u201eKino macht Schule\u201c des Max Oph\u00fcls Preises<\/li>\n<li>Besuch der Schulkinowoche<\/li>\n<li>Besuch der europ\u00e4ischen Jugendbuchmesse<\/li>\n<li>Aufbau und Verwaltung der Sch\u00fclerb\u00fccherei<\/li>\n<li>Autorenlesung auf Klassen und auf Klassenstufeneben, meist in Zusammenarbeit mit dem Friedrich-Boedecker-Kreis Saarland e.V.<\/li>\n<li>Regelm\u00e4\u00dfige Schultheaterauff\u00fchrungen des Wiener Forumtheaters f\u00fcr die Klassenstufe 9<\/li>\n<li>Lesemarathon in den Klassenstufen 6 in Zusammenarbeit mit der Deutschen&nbsp; Multiple Sklerose Gesellschaft Landesverband Saar e.V. und Teilnahme an Veranstaltung zur Preisverleihung<\/li>\n<li>Teilnahme am Welttag des Buches<\/li>\n<li>Teilnahme an regionalen Wettbewerben, z. B. am Mundartwettbewerb des SR3<\/li>\n<\/ul>\n<h3>Gestaltendes Schreiben an der Willi-Graf-Realschule<\/h3>\n<p>Der produktiv-kreative Umgang mit Texten ist ein wichtiger Bestandteil des modernen handlungsorientierten Deutschunterrichts. Daher werden die Sch\u00fclerinnen und Sch\u00fcler an der Willi-Graf-Realschule auch dazu ermuntert, Texte nicht einfach nur aufzunehmen, sondern sie kreativ zu ver\u00e4ndern oder zu erg\u00e4nzen. Einige Sch\u00fclerinnen und Sch\u00fcler der 7. Klasse waren unzufrieden mit der ihrer Meinung nach k\u00fcnstlichen Sprache in Schillers Ballade \u201eDer Handschuh\u201c. Der Text ben\u00f6tigte also dringend eine saarl\u00e4ndische \u00dcberarbeitung.<\/p>\n<h3>De Handschuh I (von Damian Gro\u00dfklos)<\/h3>\n<p>Vor s\u00e4nem L\u00f6wegarde,<\/p>\n<p>Die Schau zu erwarde,<\/p>\n<p>Hockt da Kenisch Franz<\/p>\n<p>Mit da reiche Leit im Kranz.<\/p>\n<p>Do schnipsta mit nem lautem Knall,<\/p>\n<p>Do \u00f6ffnet sich da Stall.<\/p>\n<p>Do kommt e riese Brock<\/p>\n<p>Un die Weiwa mache sich in de Rock.<\/p>\n<p>De L\u00f6w kommt rinn mit nem hohe Kinn,<\/p>\n<p>Do schnipsta de Kenisch widda,<\/p>\n<p>Do kommt de Tiger<\/p>\n<p>Unn brillt durch die Geschend<\/p>\n<p>Durch die ganz Manesche.<\/p>\n<p>Un widda gebbd geschnipst.<\/p>\n<p>Zw\u00e4 Leoparde komme rinngeschritt.<\/p>\n<p>All brille se, all wolle se k\u00e4mpfe,<\/p>\n<p>Nur de B\u00e4r nit, der hat\u00b4s mit da Kr\u00e4mpfe.<\/p>\n<p>Do kommt die bees Kunigund<\/p>\n<p>Und schmiert\u00b4m Ritter Delorges e bisje Honisch um de Mund:<\/p>\n<p>\u201eJo, wenn de misch han willsch, jo,<\/p>\n<p>Gebb ma dene Handschuh,<\/p>\n<p>Dann bekommschde ach d\u00e4 Haribo!\u201c<\/p>\n<p>Do l\u00e4sst se de Handschuh \u00fcwwa de Balkon falle.<\/p>\n<p>Er landet midde in da Halle.<\/p>\n<p>Der Ridder, der z\u00f6gert k\u00e4 Sekunn,<\/p>\n<p>Er rennt hinunna f\u00fcr \u201esei\u201c Kunigun\u00b4.<\/p>\n<p>Da hollt er de Handschuh, frech wie er is<\/p>\n<p>Un gebbd vom Kunigund tats\u00e4chlich gekisst.<\/p>\n<p>Doch am Enn, do hollt er aus mit\u00b4m Handschuh ins Gesicht<\/p>\n<p>Un brillt: \u201eIch brach de Schn\u00e4kes net, ich bin net d\u00e4 Wicht.\u201c<\/p>\n<h3>De Handschuh II (von Vanessa Schneider, Aaron Bickel, Moritz Fischer und Zoe Borowski)<\/h3>\n<p>Vor s\u00e4nem L\u00f6wegarde<\/p>\n<p>Um\u00b4s Kampfspiel zu erwarde,<\/p>\n<p>Sitzt de Kenisch Franz<\/p>\n<p>Runderum die gro\u00df Kron,<\/p>\n<p>Rings uff em hohe Balkon<\/p>\n<p>De M\u00e4de im schene Kranz.<\/p>\n<p>Un do winkt da mim Finger,<\/p>\n<p>Do geht uff de Zwinger<\/p>\n<p>Un rinn kommt de L\u00f6we mim gro\u00dfe Schritt,<\/p>\n<p>Do guckt da sich stumm um, es is de Hit.<\/p>\n<p>Mim lange G\u00e4hne<\/p>\n<p>Sch\u00fcttelta die M\u00e4hne<\/p>\n<p>Er streckt s\u00e4 Glieder<\/p>\n<p>un leht sich nieder.<\/p>\n<p>Un de Kenisch winkt widda<\/p>\n<p>Do geht\u00b4s Dor widda uff<\/p>\n<p>Raus laaft de Tiger<\/p>\n<p>Mit nem wilde Sprung<\/p>\n<p>Un brillt: \u201eIch bring de L\u00f6we um!\u201c<\/p>\n<p>Do schlat er rum mit seinem Schwanz<\/p>\n<p>Wie bei nem H\u00f6lletanz.<\/p>\n<p>Un de Kenisch winkt widda,<\/p>\n<p>E drittes Mol \u00f6ffnet sich\u00b4s Gitter.<\/p>\n<p>Do laaft zweimol raus, e Leopardeviech<\/p>\n<p>Die wolle mitm Tiger unbedingt Kriech.<\/p>\n<p>Do packt da sich mit seina Pfot<\/p>\n<p>Un schreit ganz laut,<\/p>\n<p>Do sinn die annere wie tot.<\/p>\n<p>Off enmo fallt e Handschuh na Frau von da alt Hand.<\/p>\n<p>Tief runna vom Rand.<\/p>\n<p>Sie saht zu dem bleede Ritter: \u201eGeh ma ne hole, sonschd bisch du f\u00fcr mich gestorb!\u201c<\/p>\n<p>De Ritter geht de Handschuh hole,<\/p>\n<p>Awwa die Alt bleibt ihm gestohle<\/p>\n<p>Un gritt f\u00fcr ihr doof Aktion e Korb.<\/p>\n<p>In der 9. Klasse bilden Kurzgeschichten das Fundament f\u00fcr die kreativen Schreibprozesse. Besonders beliebte \u201eVersuchsobjekte\u201c waren dabei Julia Francks \u201eStreuselschnecke\u201c und \u201eAugenblicke\u201c von Walter Helmut Fritz. In Francks Kurzgeschichte geht es um ein junges M\u00e4dchen, das nach vielen Jahren erstmals von ihrem Vater kontaktiert wird. Dieser erkrankt jedoch schwer und die Heranwachsende wird immer mehr zur seelischen St\u00fctze ihres sterbenden Vaters. Die tragische Vater-Tochter-Beziehung wird dabei aus der Perspektive der Tochter beleuchtet.<\/p>\n<h3>Benedikt Schiedermeier schrieb eine Neufassung des Textes aus der Sicht des Vaters:<\/h3>\n<p>\u201eHallo.\u201c Eine nette Stimme meldete sich und fragte, wer ich sei. Ich erkl\u00e4rte ihr, dass ich ihr Vater sei. Sie konnte es kaum glauben und wir redeten \u00fcber eine Stunde. Am Ende verabredeten wir uns f\u00fcr den n\u00e4chsten Tag. Wir trafen uns im Caf\u00e9 am Hindemith-Platz. Es ist mein Lieblingscaf\u00e9. Ich zog Jeans und eine gew\u00f6hnliche Jacke an. Ich h\u00e4tte auch einen Anzug anziehen k\u00f6nnen, aber ich wollte nicht, dass sie einen Eindruck von mir bekommt, der \u00fcberhaupt nicht auf mich zutrifft. Als ich sie sah, stieg die Nervosit\u00e4t noch mehr an. Was mache ich, wenn sie mich nicht mag? Wie soll ich mit ihr reden? \u00dcber was soll ich mit ihr reden? Soll ich sie als M\u00e4dchen oder als junge Frau behandeln? Diese und viele Gedanken mehr gingen mir durch den Kopf. Sie begr\u00fc\u00dfte mich freundlich, aber zur\u00fcckhaltend. Wir tranken ein bis zwei Tassen Kaffee. Sie sah sehr h\u00fcbsch aus. Wir redeten dar\u00fcber, wie ihr Leben in den letzten 14 Jahren gelaufen war und warum sie hier allein mit Freunden wohnte. Als wir das durchhatten, redeten wir \u00fcber mich. Sie fragte, warum ich damals abgehauen sei und was ich zurzeit beruflich mache. Aber eine Frage besch\u00e4ftigte sie am meisten: Wie hatte ich sie gefunden?&nbsp; Ich erz\u00e4hlte ihr, dass ich die Telefonnummer ihrer Mutter nach langer Zeit wiedergefunden hatte und dass ich mal h\u00f6ren wollte, wie es meiner Ex ging. Da habe ich erfahren, dass ich eine Tochter habe. Sie gab mir die Nummer meiner Tochter. Nach dem Kaffee sind wir noch ins Kino gegangen, in einen Film von Rhomer. Am n\u00e4chsten Tag stellte ich ihr meine Freunde vor. Die nahmen nat\u00fcrlich wieder kein Blatt vor den Mund. So warf ich meiner Tochter einen Blick zu, der sagte: \u201eIch wei\u00df, die sind schr\u00e4g drauf, aber sie sind die besten Freunde, die man sich w\u00fcnschen kann.\u201c<\/p>\n<p>Wir trafen uns immer \u00f6fter. Sie besuchte mich sogar auf meiner Arbeitsstelle. Jedes Mal, wenn wir uns trafen, hatte sie einen Blick im Gesicht stehen, als wolle sie irgendetwas. Ich h\u00e4tte ihr so gerne geholfen. Zwei Jahre lang trafen wir uns regelm\u00e4\u00dfig, bis ich von meinem Arzt erfuhr, dass ich krank sei und h\u00f6chstens noch ein weiteres Jahr zu leben h\u00e4tte. Drei Wochen lang meldete ich mich nicht bei ihr, weil ich dar\u00fcber nachdenken musste, was der Arzt gesagt hatte. Ich hatte Angst, ihr zu sagen, dass ich sterben w\u00fcrde. Sie hatte gerade erst ihren Vater wiederbekommen und sollte ihn nicht gleich wieder verlieren. Letztendlich sagte ich es ihr doch. Sie war sehr traurig. Dennoch kam sie mich jeden Tag im Krankenhaus besuchen. Jede Woche fragte ich sie, ob sie mir Morphium mitbringen k\u00f6nne, damit ich die ganze Sache beschleunigen konnte. Sie tat es nicht. Entweder wollte sie nicht oder sie hatte es einfach vergessen. Eines Tages fragte sie mich, ob sie eine Torte mitbringen sollte. Doch ich sagte, dass mir eine einfache Streuselschnecke lieber sei, weil ich diese bei unserem ersten Treffen a\u00df. Am n\u00e4chsten Tag kam sie mit einem gro\u00dfen Haufen Streuselschnecken wieder. Sie waren noch warm, als sie hier ankamen. Zwei Wochen sp\u00e4ter feierten wir ihren 17. Geburtstag. Ich hatte ihr eine kleine Kette besorgen lassen. Sie hat sich ein riesen Loch in die M\u00fctze gefreut.&nbsp;<\/p>\n<h3>Auch Sarah Schank widmete sich dem Text. Sie verarbeitet aus der Sicht der Tochter den Tod des Vaters in Form eines Tagebucheintrags.<\/h3>\n<p>Liebes Tagebuch,<\/p>\n<p>heute ist wohl der schlimmste Tag meines Lebens. Heute Morgen gegen 7:30 Uhr starb mein Vater. Ich habe das Ganze immer noch nicht wirklich begriffen und ich werde auch noch etwas Zeit daf\u00fcr brauchen, aber ich bin mir nicht sicher, ob ich damit auf Dauer allein klarkomme. Ich kannte ihn erst seit knapp drei Jahren und hatte eigentlich gehofft, dass ich noch etwas Zeit mit ihm verbringen k\u00f6nnte. Ich kann mich noch ganz genau an unser erstes Treffen erinnern. Er trug Jeans, Jacke und Hose, und war etwas sch\u00fcchtern. Ich werde niemals dieses L\u00e4cheln vergessen, das er im Gesicht trug, als er mich zum ersten Mal sah. Oder den Tag, an dem er mich ganz stolz seinen Freunden vorgestellt hat. Ich wei\u00df auch bis heute noch, an welchem Tisch wir im Caf\u00e9 sa\u00dfen und in welchem Film wir waren. Und ich wei\u00df auch noch, als ob es gestern gewesen w\u00e4re, wie er mir von seiner Krankheit erz\u00e4hlte. Gerade als ich anfing, ihn wirklich als meinen Vater zu akzeptieren, brach durch seine Diagnose meine ganze Welt zusammen. Ich brachte ihm alle zwei Wochen frisch gebackene Streuselschnecken ins Krankenhaus, denn er mochte sie so sehr. Ich glaube nicht, dass ich jemals wieder Streuselschnecken esse kann, ohne dabei in Tr\u00e4nen auszubrechen. Ich werde auch das Geschenk, das er mir zum 17. Geburtstag besorgen lie\u00df, mein Leben lang in Ehren halten. Ich hoffe, dass es ihm, wo auch immer er jetzt ist, besser geht. Wann die Beerdigung ist, steht noch nicht genau fest. Ich bin mir nicht sicher, ob meine Mutter kommen wird. Ich denke aber, dass meine Schwester da sein wird, um mich zu unterst\u00fctzen. Hoffentlich kann ich heute Nacht wenigstens ein bisschen schlafen, auch wenn ich noch nicht daran glaube.<\/p>\n<p>Bis morgen \u2026<\/p>\n<p>Walter Helmut Fritz beschreibt in seiner Kurzgeschichte das angespannte Verh\u00e4ltnis zwischen einer Mutter und ihrer Tochter. Die Tochter, Elsa, f\u00fchlt sich von ihrer Mutter eingeengt und sehnt sich nach mehr Freiheit. In ihr reift der Entschluss, sich eine eigene Wohnung zu suchen.<\/p>\n<h3>Celine Steil verfasste den entsprechenden Brief, in dem Elsa ihrer Mutter ihren Plan offenbart.<\/h3>\n<p>Liebe Mama,<\/p>\n<p>ich schreibe dir diesen Brief, da es mir zu schwer fallen w\u00fcrde, dir gegen\u00fcberzustehen, dir in die Augen zu blicken und dir dann zu sagen, dass ich vorhabe auszuziehen. Vielleicht musstest du die letzte Zeile ein zweites oder drittes Mal lesen, um dich zu vergewissern, dass du dich nicht verlesen hast. Aber ja, es stimmt, ich m\u00f6chte ausziehen. Ich halte es zu Hause nicht mehr aus, ich muss raus, mal Dampf ablassen, mal Luft schnappen und auf andere Gedanken kommen. Auch wenn das jetzt sehr hart und stumpf klingt, es nervt mich sehr, dass du mir \u00fcberallhin folgst. Kaum bin ich im Bad, bist du auch dort. Ich brauche einfach mal meine Ruhe und etwas Freiraum. Ich habe beschlossen, vorerst zu meiner Freundin Janine zu ziehen, bis ich etwas eigenes einigerma\u00dfen Bezahlbares gefunden habe. Versuch bitte nicht, mich zu erreichen, ich werde mich bei dir melden. Ich habe meinen n\u00f6tigsten Kram eingepackt und den Rest werde ich irgendwann im Laufe der Woche abholen kommen. Mach dir keine Sorgen!<\/p>\n<p>Deine Elsa<\/p>\t\t\t\t\t\t\t\t<\/div>\n\t\t\t\t<\/div>\n\t\t\t\t\t<\/div>\n\t\t<\/div>\n\t\t\t\t\t<\/div>\n\t\t<\/section>\n\t\t\t\t<\/div>\n\t\t","protected":false},"excerpt":{"rendered":"<p>\u201eDie Muttersprache ist die entscheidende Basis \u2013 auch f\u00fcr das Erlernen von Fremdsprachen.\u201c&nbsp; Josef Kraus (Vorsitzender des Deutschen Lehrerverbandes) Unsere Deutschlehrer:Innen Name: seit Nina Bickelmann 2018 Geibel, Florian 2021 Klassen, Johannes 2015 Paulus, Anika 2021 Richters, Benjamin 2018 Strupp, Kerstin 2008 Besondere Aktivit\u00e4ten im Fach Deutsch: Besuch von Theaterauff\u00fchrungen zu St\u00fccken der unterschiedlichen Pflichtlekt\u00fcren des [&hellip;]<\/p>\n","protected":false},"author":1,"featured_media":0,"comment_status":"open","ping_status":"open","sticky":false,"template":"","format":"standard","meta":{"footnotes":""},"categories":[28,27],"tags":[],"class_list":["post-216","post","type-post","status-publish","format-standard","hentry","category-pflichtunterricht","category-wgr-fachbereiche"],"_links":{"self":[{"href":"https:\/\/www.willi-graf-schulen.de\/realschule\/wp-json\/wp\/v2\/posts\/216","targetHints":{"allow":["GET"]}}],"collection":[{"href":"https:\/\/www.willi-graf-schulen.de\/realschule\/wp-json\/wp\/v2\/posts"}],"about":[{"href":"https:\/\/www.willi-graf-schulen.de\/realschule\/wp-json\/wp\/v2\/types\/post"}],"author":[{"embeddable":true,"href":"https:\/\/www.willi-graf-schulen.de\/realschule\/wp-json\/wp\/v2\/users\/1"}],"replies":[{"embeddable":true,"href":"https:\/\/www.willi-graf-schulen.de\/realschule\/wp-json\/wp\/v2\/comments?post=216"}],"version-history":[{"count":18,"href":"https:\/\/www.willi-graf-schulen.de\/realschule\/wp-json\/wp\/v2\/posts\/216\/revisions"}],"predecessor-version":[{"id":4353,"href":"https:\/\/www.willi-graf-schulen.de\/realschule\/wp-json\/wp\/v2\/posts\/216\/revisions\/4353"}],"wp:attachment":[{"href":"https:\/\/www.willi-graf-schulen.de\/realschule\/wp-json\/wp\/v2\/media?parent=216"}],"wp:term":[{"taxonomy":"category","embeddable":true,"href":"https:\/\/www.willi-graf-schulen.de\/realschule\/wp-json\/wp\/v2\/categories?post=216"},{"taxonomy":"post_tag","embeddable":true,"href":"https:\/\/www.willi-graf-schulen.de\/realschule\/wp-json\/wp\/v2\/tags?post=216"}],"curies":[{"name":"wp","href":"https:\/\/api.w.org\/{rel}","templated":true}]}}