{"id":289,"date":"2012-03-19T19:28:11","date_gmt":"2012-03-19T18:28:11","guid":{"rendered":"https:\/\/www.willi-graf-schulen.de\/realschule\/2012\/03\/19\/faire-handel\/"},"modified":"2025-09-03T16:15:09","modified_gmt":"2025-09-03T14:15:09","slug":"faire-handel","status":"publish","type":"post","link":"https:\/\/www.willi-graf-schulen.de\/realschule\/faire-handel\/","title":{"rendered":"Fairer Handel"},"content":{"rendered":"\t\t<div data-elementor-type=\"wp-post\" data-elementor-id=\"289\" class=\"elementor elementor-289\" data-elementor-post-type=\"post\">\n\t\t\t\t\t\t<section class=\"elementor-section elementor-top-section elementor-element elementor-element-30964ae4 elementor-section-boxed elementor-section-height-default elementor-section-height-default\" data-id=\"30964ae4\" data-element_type=\"section\" data-e-type=\"section\" data-settings=\"{&quot;jet_parallax_layout_list&quot;:[]}\">\n\t\t\t\t\t\t<div class=\"elementor-container elementor-column-gap-default\">\n\t\t\t\t\t<div class=\"elementor-column elementor-col-100 elementor-top-column elementor-element elementor-element-785585a7\" data-id=\"785585a7\" data-element_type=\"column\" data-e-type=\"column\">\n\t\t\t<div class=\"elementor-widget-wrap elementor-element-populated\">\n\t\t\t\t\t\t<div class=\"elementor-element elementor-element-39434526 elementor-widget elementor-widget-text-editor\" data-id=\"39434526\" data-element_type=\"widget\" data-e-type=\"widget\" data-widget_type=\"text-editor.default\">\n\t\t\t\t<div class=\"elementor-widget-container\">\n\t\t\t\t\t\t\t\t\t<h2>Fairtrade- und BNE Team &#8222;Willifair&#8220;<br \/>Fair und nachhaltig an der Willi-Graf-Realschule<\/h2><p><span style=\"color: #000000;font-family: tahoma, arial, helvetica, sans-serif\">Die Willi-Graf-Realschule ist Fairtrade School. Der Titel, den Fairtrade Deutschland vergibt, wird \u00a0alle zwei Jahre auf Antrag erneuert. Die Titelerneuerung wird durch Fairtrade Deutschland gepr\u00fcft. Das letzte Mal hat 2022 eine Titelerneuerung stattgefunden. Die n\u00e4chste Titelerneuerung in 2024 ist gleichzeitig das 10-j\u00e4hrige Jubil\u00e4um Fairtrade School. Wir werden es im Mai 2025 begehen ( <a href=\"https:\/\/www.willi-graf-schulen.de\/realschule\/jubilaeum-10-jahre-fairtrade-school\/\">genauere Infos dazu hier<\/a>\u00a0).\u00a0<\/span><\/p><p><span style=\"color: #000000;font-family: tahoma, arial, helvetica, sans-serif\">Unser Fairtrade Team wird durch die Fairtrade Initiative Saarbr\u00fccken ((Ansprechpartner: Ingrid von Osterhausen, Peter Weichardt)\u00a0unterst\u00fctzt, regelm\u00e4\u00dfig finden Workshops und Informationseinheiten \u00fcber den Fairen Handel statt.\u00a0<\/span><\/p><p><span style=\"color: #000000;font-family: tahoma, arial, helvetica, sans-serif\">Der Verkauf von fair gehandelten Produkten hat sich an unserer Schule etabliert. So werden sie im Schulbistro oder im Rahmen von Veranstaltungen angeboten. <\/span><\/p><p><span style=\"color: #000000;font-family: tahoma, arial, helvetica, sans-serif\">Jedes Jahr nehmen wir an der Nikolausaktion des Bonifatiuswerk teil. &#8218;&#8220;Achtung,\u00a0 weihnachtsmannfreie Zone&#8220;\u00a0ist eine Aktion des\u00a0<a href=\"http:\/\/www.bonifatiuswerk.de\/\" target=\"_blank\" rel=\"noopener noreferrer\">Bonifatiuswerkes der deutschen Katholiken e.V.<\/a>, dem Diasporahilfswerk der Katholiken Deutschlands. Sie wurde im Jahr 2002 ins Leben gerufen und m\u00f6chte aktiv dabei dazu beitragen, den heiligen Nikolaus in der Gesellschaft wieder in den Vordergrund zu stellen und einer Verwechslung mit der popul\u00e4ren Kunstfigur des Weihnachtsmannes entgegen zu wirken.&#8216; (www.weihnachtsmannfreie-zone.de). Die Bolivienwoche oder Faire Woche werden auch gerne zum Anlass genommen, sich mit dem Fairen Handel zu besch\u00e4ftigen.<\/span><\/p><p><span style=\"color: #000000;font-family: tahoma, arial, helvetica, sans-serif\">Jedes Jahr nehmen wir uns einen besondere Aktion bzw. Schwerpunkt vor.<\/span><\/p><p><span style=\"color: #000000;font-family: tahoma, arial, helvetica, sans-serif\">Ansprechpartnerin: Gesine Zare\u00a0<\/span><\/p><p><span style=\"font-family: tahoma, arial, helvetica, sans-serif\"><strong>2025<\/strong><\/span><\/p><p><span style=\"color: #000000;font-family: tahoma, arial, helvetica, sans-serif\">Schulfest 13.09.2025 mit Projekttagen am 11.09. und 12.09.2025<\/span><\/p><p><a href=\"https:\/\/www.willi-graf-schulen.de\/realschule\/jubilaeum-10-jahre-fairtrade-school\/\"><span style=\"color: #000000;font-family: tahoma, arial, helvetica, sans-serif\">Jubil\u00e4um 10 Jahre Fairtrade Schools<\/span><\/a><\/p><p><a href=\"https:\/\/www.inkota.de\/\" target=\"_blank\" rel=\"noopener\">Inkota<\/a> &#8211; Ausstellungen \u00fcber folgende Themen (externe Links):<\/p><ul><li><a href=\"https:\/\/www.inkota.de\/ausstellung-make-chocolate-fair\" target=\"_blank\" rel=\"noopener\">Faire Schokolade<\/a><\/li><li><a href=\"https:\/\/www.inkota.de\/mitmachen\/ausstellung-ausleihen\/ausstellung-change-your-shoes\" target=\"_blank\" rel=\"noopener\">Lederindustrie<\/a><\/li><li><a href=\"https:\/\/www.inkota.de\/ausstellung-rohstoffwende\" target=\"_blank\" rel=\"noopener\">Rohstoffe<\/a><\/li><\/ul><p><span style=\"font-family: tahoma, arial, helvetica, sans-serif\"><strong>2024<\/strong><\/span><\/p><p><a href=\"https:\/\/www.willi-graf-schulen.de\/realschule\/wgr-unterwegs-4\/\" target=\"_blank\" rel=\"noopener\">Aktion im Hornbach, Verkauf von Cr\u00eapes mit fairem Scholadeaufstrich<\/a><\/p><p><a href=\"https:\/\/www.willi-graf-schulen.de\/realschule\/wgr-unterwegs-3\/\" target=\"_blank\" rel=\"noopener\">Aktion im DFG, Hilfe am Fairtrade- Stand der FIS am Wochenende vom 1. Advent 24<\/a><\/p><p><a href=\"https:\/\/www.willi-graf-schulen.de\/realschule\/solibasar-2024\/\" target=\"_blank\" rel=\"noopener\">Aktion am Schloss in SB, Hilfe am Fairtrade &#8211; Stand der FIS am Solibasar\u00a0<\/a><\/p><p><a href=\"https:\/\/www.willi-graf-schulen.de\/realschule\/faire-nikolaeuse\/\" target=\"_blank\" rel=\"noopener\">Verkauf von Nikol\u00e4usen (weihnachtsmannfreie Aktion)<\/a><\/p><p><a href=\"http:\/\/www.sweet-and-fair.saarland\/\" target=\"_blank\" rel=\"noopener\">Beteiligung am Fairen Adventskalender\u00a0 Sweet &amp; Fair\u00a0<\/a><\/p><p><a href=\"https:\/\/www.willi-graf-schulen.de\/realschule\/jubilaeum-10-jahre-fairtrade-school\/\" target=\"_blank\" rel=\"noopener\">faire Klasse 2024\u00a0<\/a><\/p><p><a href=\"_wp_link_placeholder\">Jubil\u00e4um 10 Jahre Fairtrade School 2024, wird am 28.05.25 gefeiert<\/a><\/p><p><a href=\"https:\/\/campus.uni-saarland.de\/uni-leben\/zehn-jahre-faire-uni-saar\" target=\"_blank\" rel=\"noopener\">Unterst\u00fctzung und Beteiligung an der Jubil\u00e4ums- Veranstaltung 10 Jahre Faire Universit\u00e4t des Saarlandes<\/a><\/p><p><span style=\"font-family: tahoma, arial, helvetica, sans-serif\"><strong><br \/>2023<\/strong><\/span><\/p><p><a href=\"https:\/\/www.willi-graf-schulen.de\/realschule\/faire-klasse-2023\/\" target=\"_blank\" rel=\"noopener\"><span style=\"font-family: tahoma, arial, helvetica, sans-serif\">faire Klasse 2023 <\/span><\/a><\/p><p><a href=\"https:\/\/www.willi-graf-schulen.de\/realschule\/theaterprojekt-2\/\" target=\"_blank\" rel=\"noopener\">Theaterspiel der 6r3\u00a0<\/a><\/p><p><a href=\"https:\/\/www.willi-graf-schulen.de\/realschule\/faires-fruehstueck\/\" target=\"_blank\" rel=\"noopener\">Faires Fr\u00fchst\u00fcck\u00a0<\/a><\/p><p><a href=\"https:\/\/www.willi-graf-schulen.de\/realschule\/preda-theater-zu-gast\/\" target=\"_blank\" rel=\"noopener\">preda Auff\u00fchrung<\/a><\/p><p><span style=\"font-family: tahoma, arial, helvetica, sans-serif\"><strong>2022<\/strong><\/span><\/p><p>2. Thementag: Klassenstufe 5: Backaktion mit Fairtrade-Briefing zu Schokolade<\/p><p><a href=\"https:\/\/www.willi-graf-schulen.de\/realschule\/schulfest-2022\/\">Schulfest September 2022\u00a0 \u00a0<\/a>u.a. Sch\u00fcler der 8. Klassenstufe besch\u00e4ftigen sich mit fairer Kleidung und dem Zusammenhang von Kleidung und Klima<\/p><p>Apfelsaftaktion 2022<\/p><p><a href=\"https:\/\/www.willi-graf-schulen.de\/realschule\/zweite-teilnahme-am-lebendigen-adventskalender\/\">Weihnachtsaktion<\/a>: Teilnahme mit Aktionen bei s<em>weet und fair<\/em> (Fairer Adventskalender von FIS) und<\/p><p>Unterst\u00fctzung der W\u00e4rmestube und Ukrainehilfe mit einem Mitmach (Mitbring-) Adventskalender\u00a0<\/p><p><span style=\"font-family: tahoma, arial, helvetica, sans-serif\"><strong>2021<\/strong>\u00a0<\/span><\/p><p><span style=\"font-family: tahoma, arial, helvetica, sans-serif\">&#8211; Apfelaktion 2021 (Thema: Nachhaltigkeit)<\/span><\/p><p><span style=\"font-family: tahoma, arial, helvetica, sans-serif\">&#8211; <a href=\"index.php?option=com_content&amp;view=article&amp;id=542&amp;catid=2\">Fairtrade Sch\u00fclerakademie 2021<\/a>:\u00a0Aktive Teilnahme an der Sch\u00fclerakademie (Thema: Kleidung)<\/span><\/p><p><span style=\"text-decoration: underline\"><span style=\"font-family: tahoma, arial, helvetica, sans-serif\">in der Adventszeit:<\/span><\/span><\/p><p><span style=\"font-family: tahoma, arial, helvetica, sans-serif\">&#8211; Unterst\u00fctzung\u00a0der Fairtrade Initiative Saarland\u00a0am Weihnachtsmarkt im DFG<\/span><\/p><p><span style=\"font-family: tahoma, arial, helvetica, sans-serif\">&#8211; Postkartenaktion:\u00a0Gestalten und Schreiben von Karten f\u00fcr Besucher der\u00a0W\u00e4rmestube<\/span><\/p><p><span style=\"font-family: tahoma, arial, helvetica, sans-serif\">&#8211; Pl\u00e4tzchenaktion<\/span><\/p><p><span style=\"font-family: tahoma, arial, helvetica, sans-serif\">&#8211; Nikolausaktion<\/span><\/p><p><span style=\"font-family: tahoma, arial, helvetica, sans-serif\">&#8211; Punschverkauf<\/span><\/p><p><span style=\"font-family: tahoma, arial, helvetica, sans-serif\"><strong><span style=\"color: #000000\">2020:<\/span><\/strong><\/span><\/p><p><span style=\"color: #000000;font-family: tahoma, arial, helvetica, sans-serif\">&#8211; <a href=\"index.php?option=com_content&amp;view=article&amp;id=502&amp;catid=2\">Apfelaktion 2020<\/a><\/span><\/p><p><span style=\"color: #000000;font-family: tahoma, arial, helvetica, sans-serif\">&#8211; <a href=\"index.php?option=com_content&amp;view=article&amp;id=504&amp;catid=10\">Beteiligung an Fairer Woche\u00a0<\/a><\/span><\/p><p><span style=\"color: #000000;font-family: tahoma, arial, helvetica, sans-serif\">&#8211;\u00a0<a href=\"index.php?option=com_content&amp;view=article&amp;id=504&amp;catid=10\">Faire Woche und Bolivienwoche 2020<\/a><\/span><\/p><p><span style=\"color: #000000;font-family: tahoma, arial, helvetica, sans-serif\">&#8211;\u00a0Teilnahme an der Veranstaltung\u00a0Auszeichnung &#8222;Faire Klassen&#8220;<\/span><\/p><p><span style=\"font-family: tahoma, arial, helvetica, sans-serif\"><a href=\"index.php?option=com_content&amp;view=article&amp;id=501&amp;catid=2\">&#8211;\u00a0Fairtrade-Projekt: Szenisches Spiel zu Thema &#8222;Sch\u00fclervisionen einer besseren Welt&#8220; mit Melanie Seibelt\u00a0<\/a><\/span><\/p><p><span style=\"color: #000000;font-family: tahoma, arial, helvetica, sans-serif\">&#8211; Adventskarten &#8211; Aktion: Gestalten und Schreiben von Karten f\u00fcr Besucher der\u00a0W\u00e4rmestube<\/span><\/p><p><span style=\"color: #000000;font-family: tahoma, arial, helvetica, sans-serif\">&#8211;\u00a0Information \u00fcber Faire Schokolade und Beteiligung an der Nikolausaktion des Bonifatiuswerk\u00a0<\/span><\/p><p><span style=\"color: #000000;font-family: tahoma, arial, helvetica, sans-serif\">&#8211; <a href=\"index.php?option=com_content&amp;view=article&amp;id=503&amp;catid=10\">Zweite Teilnahme am lebendigen Adventskalender der FIS und der Stadt Saarbr\u00fccken<\/a><\/span><\/p><p><span style=\"font-family: tahoma, arial, helvetica, sans-serif\">\u00a0<\/span><\/p><p><span style=\"font-family: tahoma, arial, helvetica, sans-serif\"><strong><span style=\"color: #000000\">2019<\/span>:\u00a0<\/strong><\/span><\/p><p><span style=\"color: #000000;font-family: tahoma, arial, helvetica, sans-serif\">&#8211; Verkaufsaktionen in den Gro\u00dfen Pausen am Fairtrade- Kiosk\u00a0<\/span><\/p><p><span style=\"color: #000000;font-family: tahoma, arial, helvetica, sans-serif\">&#8211; &#8222;true Cost&#8220; , Filmvorf\u00fchrung im Rahmen der Infoveranstaltung zum Fairen Handel durch die Fairtrade Initiative Saarbr\u00fccken\u00a0<\/span><\/p><p><span style=\"color: #000000;font-family: tahoma, arial, helvetica, sans-serif\">&#8211; Teilnahme an der Veranstaltung\u00a0Auszeichnung &#8222;Faire Klassen&#8220;<\/span><\/p><p><span style=\"color: #000000;font-family: tahoma, arial, helvetica, sans-serif\">&#8211; <a href=\"index.php?option=com_content&amp;view=article&amp;id=429&amp;catid=10\">Fairtrade Adventsbasar 2019<\/a><\/span><\/p><p><span style=\"color: #000000;font-family: tahoma, arial, helvetica, sans-serif\">\u00a0<\/span><\/p><p><span style=\"color: #000000;font-family: tahoma, arial, helvetica, sans-serif\"><b>2018:<\/b>\u00a0<\/span><\/p><p><span style=\"color: #000000;font-family: tahoma, arial, helvetica, sans-serif\">regelm\u00e4\u00dfige Fairtrade-Aktionen des Willifairteams\u00a0<\/span><\/p><ul><li><p><span style=\"color: #000000;font-family: tahoma, arial, helvetica, sans-serif\">Verkauf am Fairtrade-Kiosk<\/span><\/p><\/li><li><p><span style=\"font-family: tahoma, arial, helvetica, sans-serif\"><a href=\"index.php?option=com_content&amp;view=article&amp;id=373&amp;catid=10\">Teilnahme am Altstadtfest 16.6.18-17.6.18<br \/>\u00a0 \u00a0 \u00a0 \u00a0 \u00a0 \u00a0 \u00a0 \u00a0&#8211; Mithilfe bei der Fairtrade Initiative Saarbr\u00fccken und <br \/>\u00a0 \u00a0 \u00a0 \u00a0 \u00a0 \u00a0 \u00a0 \u00a0&#8211; Mithilfe beim Kinderschutzbund\u00a0<\/a><\/span><\/p><\/li><\/ul><p><span style=\"font-family: tahoma, arial, helvetica, sans-serif\"><a href=\"index.php?option=com_content&amp;view=article&amp;id=36&amp;catid=10\">Auszeichnung &#8222;Faire Schulklasse &#8211; Klasse des Fairen Handels&#8220; als\u00a0Highlight des unter dem Motto \u201eErleben. Staunen. Entdecken\u201c stattfindenden \u00a0achten Saarl\u00e4ndischen Lernfest im Deutsch-Franz\u00f6sischen-Garten, 2. September 2018\u00a0<\/a><\/span><\/p><p><span style=\"font-family: tahoma, arial, helvetica, sans-serif;font-size: 13px\"><strong style=\"color: #800000;font-family: Arial, Helvetica, sans-serif;font-size: 13px\"><a href=\"index.php?option=com_content&amp;view=article&amp;id=494&amp;catid=2\">Fairtrade School Titelerneuerung 2018<\/a> <\/strong><\/span><\/p><p><span style=\"font-family: tahoma, arial, helvetica, sans-serif\">\u00a0<\/span><\/p><p><span style=\"font-family: tahoma, arial, helvetica, sans-serif\"><b>2017<\/b>\u00a0<\/span><\/p><p><span style=\"font-family: tahoma, arial, helvetica, sans-serif\">\u00a0<\/span><\/p><ul><li><p><span style=\"font-family: tahoma, arial, helvetica, sans-serif\">Teilnahme am \u00a0Projekt\u00a0Kindersklaverei, Kunstprojekt Holzer-Scheer mit Klasse 8r2<\/span><\/p><\/li><li><p><span style=\"font-family: tahoma, arial, helvetica, sans-serif\">Teilnahme am Altstadtfest mit fairem Stand<\/span><\/p><\/li><li><p><span style=\"font-family: tahoma, arial, helvetica, sans-serif\">Teilnahme an der fairtrade Towns Congress in Saarbr\u00fccken:<\/span><\/p><\/li><li><span style=\"font-family: tahoma, arial, helvetica, sans-serif\"><a href=\"index.php?option=com_content&amp;view=article&amp;id=86&amp;catid=10\">Unter dem Motto &#8222;Fairtrade across generations\u201c tauschten sich vom 14.-17. September Akteure aus zahlreichen L\u00e4ndern \u00fcber die neusten Entwicklungen im Fairtrade Projekt \u00a02017 Handel sowie ihre Erfahrungen und Ideen rund um die Fairtrade-Towns-Kampagne aus. Die Konferenz wird l\u00e4nder\u00fcbergreifend im St\u00e4dtenetz QuattroPole und damit au\u00dfer in Saarbr\u00fccken und Trier auch in Luxemburg und Frankreich (Metz) stattfinden.\u00a0<\/a><\/span><\/li><\/ul><p><span style=\"font-family: tahoma, arial, helvetica, sans-serif\">\u00a0<\/span><\/p><p><span style=\"font-family: tahoma, arial, helvetica, sans-serif\">Unter dem Motto \u201eFairtrade across generations\u201c tauschten sich vom 14.-17. September Akteure aus zahlreichen L\u00e4ndern \u00fcber die neusten Entwicklungen im fairen Handel sowie ihre Erfahrungen und Ideen rund um die Fairtrade-Towns-Kampagne aus. Die Konferenz wird l\u00e4nder\u00fcbergreifend im St\u00e4dtenetz QuattroPole und damit au\u00dfer in Saarbr\u00fccken und Trier auch in Luxemburg und Frankreich(Metz) stattfinden.\u00a0<\/span><\/p><p><span style=\"font-family: tahoma, arial, helvetica, sans-serif\">\u00a0<\/span><\/p><p><span style=\"font-family: tahoma, arial, helvetica, sans-serif\">Neben Workshops zur Vernetzungsarbeit auf europ\u00e4ischer Ebene sowie Projektpartnerschaften im globalen S\u00fcden werden auch Arbeitsgruppen zu den Nachhaltigen Entwicklungszielen der Vereinten Nationen und dem fairen Handel angeboten. Weitere Themen sind Ideen zu Social Media, Stadtmarketing und einer guten Zusammenarbeit zwischen Fairtrade-Towns, Schools und -Universities.\u00a0<\/span><\/p><p><span style=\"font-family: tahoma, arial, helvetica, sans-serif\">\u00a0<\/span><\/p><p><span style=\"font-family: tahoma, arial, helvetica, sans-serif\">Siehe: Konferenz-Website\u00a0<a href=\"http:\/\/www.quattrofair.org\/\" target=\"_blank\" rel=\"noopener noreferrer\">www.quattrofair.org<\/a>\u00a0und unter\u00a0<a class=\"external-link-new-window\" title=\"Opens external link in new window\" href=\"http:\/\/faire-uni-saar.de\/\" target=\"_blank\" rel=\"noopener noreferrer\">http:\/\/faire-uni-saar.de\/<\/a><\/span><\/p><p><span style=\"font-family: tahoma, arial, helvetica, sans-serif\">\u00a0<\/span><\/p><p><span style=\"font-family: tahoma, arial, helvetica, sans-serif\">Der Titel \u201eFair Trade across Generations\u201c soll auf die gro\u00dfe Spannweite der Aktivisten anspielen: in den n\u00f6rdlichen L\u00e4ndern werden Weltl\u00e4den eher von Erwachsenen oder Senioren betrieben, w\u00e4hrend die Kampagnen f\u00fcr St\u00e4dte, Schulen und Universit\u00e4ten vorrangig von j\u00fcngeren Menschen verbreitet werden. In den s\u00fcdlichen L\u00e4ndern sieht es \u00e4hnlich aus: die Pioniere, die die Kooperativen gegr\u00fcndet haben, werden durch ihren erfahrenen und professionellen Nachwuchs, der dank Fairtrade eine gute Bildung genie\u00dfen konnte, ersetzt.<\/span><\/p><h3>Jahre 2012- \u00a02016:<\/h3><p><span style=\"font-family: tahoma, arial, helvetica, sans-serif\"><strong>2012<\/strong>\u00a0<a href=\"index.php?option=com_content&amp;view=article&amp;id=49&amp;catid=10\">bubbles-tea-Aktion, erste Faire Klasses<\/a><\/span><\/p><p><span style=\"font-family: tahoma, arial, helvetica, sans-serif\"><strong>2013<\/strong> Bolivienwoche<\/span><\/p><p><span style=\"font-family: tahoma, arial, helvetica, sans-serif\"><strong>2014<\/strong> <a href=\"index.php?option=com_content&amp;view=article&amp;id=91&amp;catid=10\">Auszeichnung zu Fairtrade-School<\/a>, Teilnahme an\u00a0Bananen-Aktionen,\u00a0N\u00e4haktion,\u00a0<\/span><\/p><p><span style=\"font-family: tahoma, arial, helvetica, sans-serif\"><strong>2015<\/strong>\u00a0<a href=\"index.php?option=com_content&amp;view=article&amp;id=84&amp;catid=10\">Faire Rosen-Aktion<\/a>,\u00a0<a href=\"index.php?option=com_content&amp;view=article&amp;id=327&amp;catid=2\">Tag der offenen T\u00fcr 2015<\/a><\/span><\/p><p><strong><span style=\"font-family: tahoma, arial, helvetica, sans-serif\">2016<\/span><\/strong><\/p><ul><li><p><span style=\"font-family: tahoma, arial, helvetica, sans-serif\"><a href=\"index.php?option=com_content&amp;view=article&amp;id=328&amp;catid=2\">Tag der offenen T\u00fcr 2016<\/a> (Schuhputzaktion, Zeitungspapiert\u00fcten basteln, Fairer Verkaufsstand mit\u00a0Schwerpunkt Bolivien)<\/span><\/p><\/li><li><p><a href=\"index.php?option=com_content&amp;view=article&amp;id=126&amp;catid=10\">Besuch des Hope Theater Nairobi<\/a><\/p><\/li><li><p><span style=\"font-family: tahoma, arial, helvetica, sans-serif\"><a href=\"index.php?option=com_content&amp;view=article&amp;id=388&amp;catid=10\">Zukunftstour 2016<\/a>\u00a0(Filmbeitrag folgt)<\/span><\/p><\/li><li><p><span style=\"font-family: tahoma, arial, helvetica, sans-serif\">Filmbeitrag\u00a0<em><a href=\"index.php?option=com_content&amp;view=article&amp;catid=2&amp;id=304\">the true cost<\/a><\/em>\u00a0mit anschlie\u00dfender Diskussion<\/span><\/p><\/li><li><p><span style=\"font-family: tahoma, arial, helvetica, sans-serif\"><a href=\"index.php?option=com_content&amp;view=article&amp;id=380&amp;catid=2\">Fair gehandelte Kleidung mit Modenschau und weiteren Aktionen am Schulfest 2016<\/a>\u00a0<\/span><\/p><\/li><li><p><span style=\"font-family: tahoma, arial, helvetica, sans-serif\"><a href=\"index.php?option=com_content&amp;view=article&amp;id=110&amp;catid=10\">Gedichtswettbewerb am Schulfest<\/a><\/span><\/p><\/li><\/ul><p><strong>Die Anf\u00e4nge:<\/strong><\/p><p>Die Wirtschafts-AG mit der Sch\u00fclerfirma willifair an der Willi-Graf-Realschule<\/p><p><span style=\"font-family: tahoma, arial, helvetica, sans-serif\"><span style=\"color: #000000\"><strong>Aktivit\u00e4ten:<br \/><\/strong><\/span><\/span><\/p><p><span style=\"font-family: tahoma, arial, helvetica, sans-serif\"><span style=\"color: #000000\"><strong>&#8211; <a class=\"mceItemAnchor\" name=\"beachoben\"><\/a><a href=\"#beachunten\">Beach-Manager-Planspiel, weiter lesen&#8230;<\/a><br \/><\/strong><\/span><\/span><\/p><p><span style=\"font-family: tahoma, arial, helvetica, sans-serif\"><a href=\"#nikolausunten\"><strong><span style=\"color: #000000\">&#8211; <\/span><\/strong><\/a><strong><a class=\"mceItemAnchor\" name=\"Nikolausoben\"><\/a><a href=\"#nikolausunten\">Weihnachtsmannfreie Zone<\/a><br \/><span style=\"color: #000000\">Eine Aktion des Bonifatiuswerkes der deutschen Katholiken,\u00a0 weiter lesen&#8230;.<\/span><\/strong><\/span><\/p><p><span style=\"font-family: tahoma, arial, helvetica, sans-serif\"><strong>&#8211; Teilnahme an der Bolivien-Partnerschaftswoche 2012<span style=\"color: #000000\"> <a href=\"http:\/\/cms.bistum-trier.de\/bistum-trier\/Integrale?SID=CRAWLER&amp;MODULE=Frontend&amp;ACTION=ViewPage&amp;Page.PK=8625\" target=\"_blank\" rel=\"noopener noreferrer\">des Bistums Trier <\/a><\/span><\/strong><\/span><\/p><p><span style=\"font-family: tahoma, arial, helvetica, sans-serif\"><strong>&#8211; Teilnahme am Weihnachtsmarkt Saarbr\u00fccken 2012<span style=\"color: #000000\"><br \/><\/span><\/strong><\/span><\/p><p><span style=\"font-family: tahoma, arial, helvetica, sans-serif\"><br \/><span style=\"color: #000000\"><a class=\"mceItemAnchor\" name=\"beachunten\"><\/a>Acht Sch\u00fclerInnen der Klasse 8r2 nahmen f\u00fcr zwei Tage zusammen mit ihrer Klassenlehrerin Gesine Zare an dem Wirtschaftsplanspiel \u201ebeachmanger\u201c teil.<\/span><\/span><\/p><p><span style=\"font-family: tahoma, arial, helvetica, sans-serif\"><span style=\"color: #000000\">Das Planspiel wurde dank ALWIS e.V. an der Willi-Graf-Schule Saarbr\u00fccken erm\u00f6glicht und von der Spielleiterin Carmen Kallenborn mit ihrem Mitarbeiter Herrn Boos betreut. In diesem Simulationsspiel erhielten die Sch\u00fcler<\/span> <span style=\"color: #000000\">Einblick in das unternehmerische Wirken eines Gesch\u00e4ftsf\u00fchrers eines Dienstleistungsunternehmens. Dass es<\/span> <span style=\"color: #000000\">sich hierbei um ein \u201eWassersport- bzw. Freizeit-Center\u201c handelt, macht f\u00fcr Jugendliche einen zus\u00e4tzlichen Reiz aus.<\/span><\/span><\/p><p><span style=\"font-family: tahoma, arial, helvetica, sans-serif\"><span style=\"color: #000000\">Spielerisch vermittelt ALWIS den Sch\u00fclern Schl\u00fcsselqualifikationen der Arbeitswelt. Die praktischen<\/span> <span style=\"color: #000000\">Aufgabenstellungen erm\u00f6glichen einen f\u00e4cher\u00fcbergreifenden und handlungsorientierten Unterrichtseinsatz<\/span>.<\/span><\/p><table class=\"mceItemTable\" border=\"0\"><tbody><tr><td><p><span style=\"font-family: tahoma, arial, helvetica, sans-serif\"><img decoding=\"async\" class=\" size-full wp-image-283\" src=\"https:\/\/willi-graf-schulen.de\/realschule\/wp-content\/uploads\/sites\/4\/2012\/03\/DSC00710.jpg\" width=\"300\" border=\"0\" srcset=\"https:\/\/www.willi-graf-schulen.de\/realschule\/wp-content\/uploads\/sites\/4\/2012\/03\/DSC00710.jpg 450w, https:\/\/www.willi-graf-schulen.de\/realschule\/wp-content\/uploads\/sites\/4\/2012\/03\/DSC00710-300x225.jpg 300w\" sizes=\"(max-width: 450px) 100vw, 450px\" \/><\/span><\/p><\/td><td><p><span style=\"font-family: tahoma, arial, helvetica, sans-serif\"><img decoding=\"async\" class=\" size-full wp-image-284\" src=\"https:\/\/willi-graf-schulen.de\/realschule\/wp-content\/uploads\/sites\/4\/2012\/03\/DSC00714.jpg\" width=\"300\" border=\"0\" srcset=\"https:\/\/www.willi-graf-schulen.de\/realschule\/wp-content\/uploads\/sites\/4\/2012\/03\/DSC00714.jpg 450w, https:\/\/www.willi-graf-schulen.de\/realschule\/wp-content\/uploads\/sites\/4\/2012\/03\/DSC00714-300x225.jpg 300w\" sizes=\"(max-width: 450px) 100vw, 450px\" \/><\/span><\/p><\/td><\/tr><tr><td><p><span style=\"font-family: tahoma, arial, helvetica, sans-serif\"><img decoding=\"async\" class=\" size-full wp-image-285\" src=\"https:\/\/willi-graf-schulen.de\/realschule\/wp-content\/uploads\/sites\/4\/2012\/03\/DSC00716.jpg\" width=\"300\" border=\"0\" srcset=\"https:\/\/www.willi-graf-schulen.de\/realschule\/wp-content\/uploads\/sites\/4\/2012\/03\/DSC00716.jpg 450w, https:\/\/www.willi-graf-schulen.de\/realschule\/wp-content\/uploads\/sites\/4\/2012\/03\/DSC00716-300x225.jpg 300w\" sizes=\"(max-width: 450px) 100vw, 450px\" \/><\/span><\/p><\/td><td><p><span style=\"font-family: tahoma, arial, helvetica, sans-serif\"><img decoding=\"async\" class=\" size-full wp-image-286\" src=\"https:\/\/willi-graf-schulen.de\/realschule\/wp-content\/uploads\/sites\/4\/2012\/03\/DSC00718.jpg\" width=\"300\" border=\"0\" srcset=\"https:\/\/www.willi-graf-schulen.de\/realschule\/wp-content\/uploads\/sites\/4\/2012\/03\/DSC00718.jpg 450w, https:\/\/www.willi-graf-schulen.de\/realschule\/wp-content\/uploads\/sites\/4\/2012\/03\/DSC00718-300x225.jpg 300w\" sizes=\"(max-width: 450px) 100vw, 450px\" \/><\/span><\/p><\/td><\/tr><tr><td><p><span style=\"font-family: tahoma, arial, helvetica, sans-serif\"><img decoding=\"async\" class=\" size-full wp-image-287\" src=\"https:\/\/willi-graf-schulen.de\/realschule\/wp-content\/uploads\/sites\/4\/2012\/03\/DSC00726.jpg\" width=\"300\" border=\"0\" srcset=\"https:\/\/www.willi-graf-schulen.de\/realschule\/wp-content\/uploads\/sites\/4\/2012\/03\/DSC00726.jpg 450w, https:\/\/www.willi-graf-schulen.de\/realschule\/wp-content\/uploads\/sites\/4\/2012\/03\/DSC00726-300x225.jpg 300w\" sizes=\"(max-width: 450px) 100vw, 450px\" \/><\/span><\/p><\/td><td><p><span style=\"font-family: tahoma, arial, helvetica, sans-serif\"><img decoding=\"async\" class=\" size-full wp-image-288\" src=\"https:\/\/willi-graf-schulen.de\/realschule\/wp-content\/uploads\/sites\/4\/2012\/03\/DSC00728.jpg\" width=\"300\" border=\"0\" srcset=\"https:\/\/www.willi-graf-schulen.de\/realschule\/wp-content\/uploads\/sites\/4\/2012\/03\/DSC00728.jpg 450w, https:\/\/www.willi-graf-schulen.de\/realschule\/wp-content\/uploads\/sites\/4\/2012\/03\/DSC00728-300x225.jpg 300w\" sizes=\"(max-width: 450px) 100vw, 450px\" \/><\/span><\/p><\/td><\/tr><tr><td><p><span style=\"font-family: tahoma, arial, helvetica, sans-serif\">\u00a0<\/span><\/p><\/td><td><p><span style=\"font-family: tahoma, arial, helvetica, sans-serif\">\u00a0<\/span><\/p><\/td><\/tr><\/tbody><\/table><p><span style=\"font-family: tahoma, arial, helvetica, sans-serif\"><strong>\u00a0<\/strong><\/span><\/p><p><strong>Die Sch\u00fclerfirma Willifair<\/strong><span style=\"font-family: tahoma, arial, helvetica, sans-serif\"> <span style=\"color: #000000\">beteiligte sich an der Aktion:<\/span><\/span><\/p><p><span style=\"font-family: tahoma, arial, helvetica, sans-serif\"><span style=\"color: #000000\">Kaum ist es September, da tauchen in den Superm\u00e4rkten schon die ersten Lebkuchen auf und sp\u00e4testens Anfang Dezember sieht man sie \u00fcberall &#8211; die dicken, rot gekleideten M\u00e4nner mit langem, wei\u00dfem Bart und Zipfelm\u00fctze &#8211; &#8222;Weihnachtsm\u00e4nner&#8220; als Werbefigur, um den Konsum zu f\u00f6rdern.\u00a0 <a href=\"http:\/\/www.weihnachtsmannfreie-zone.de\/start\/einzelansicht\/Archiv\/2010\/Oktober\/article\/vorfahrt-fuer-den-heiligen-nikolaus-bdkj-aktion-weihnachtsmannfreie-zone-aber-fair.html?cHash=fa5c879567c5fdddebe93c14a718cbc0&amp;tx_ttnews[day]=13\" target=\"_blank\" rel=\"noopener noreferrer\">weiterlesen oder <\/a><a href=\"#Nikolausoben\">nach oben<\/a><\/span><\/span><\/p><p><span style=\"font-family: tahoma, arial, helvetica, sans-serif\">\u00a0<\/span><\/p><p align=\"center\"><span style=\"font-family: tahoma, arial, helvetica, sans-serif\">\u00a0<\/span><\/p>\t\t\t\t\t\t\t\t<\/div>\n\t\t\t\t<\/div>\n\t\t\t\t\t<\/div>\n\t\t<\/div>\n\t\t\t\t\t<\/div>\n\t\t<\/section>\n\t\t\t\t<\/div>\n\t\t","protected":false},"excerpt":{"rendered":"<p>Fairtrade- und BNE Team &#8222;Willifair&#8220;Fair und nachhaltig an der Willi-Graf-Realschule Die Willi-Graf-Realschule ist Fairtrade School. Der Titel, den Fairtrade Deutschland vergibt, wird \u00a0alle zwei Jahre auf Antrag erneuert. Die Titelerneuerung wird durch Fairtrade Deutschland gepr\u00fcft. Das letzte Mal hat 2022 eine Titelerneuerung stattgefunden. Die n\u00e4chste Titelerneuerung in 2024 ist gleichzeitig das 10-j\u00e4hrige Jubil\u00e4um Fairtrade School. [&hellip;]<\/p>\n","protected":false},"author":1,"featured_media":283,"comment_status":"open","ping_status":"open","sticky":false,"template":"","format":"standard","meta":{"footnotes":""},"categories":[32],"tags":[],"class_list":["post-289","post","type-post","status-publish","format-standard","has-post-thumbnail","hentry","category-wgr-leben"],"_links":{"self":[{"href":"https:\/\/www.willi-graf-schulen.de\/realschule\/wp-json\/wp\/v2\/posts\/289","targetHints":{"allow":["GET"]}}],"collection":[{"href":"https:\/\/www.willi-graf-schulen.de\/realschule\/wp-json\/wp\/v2\/posts"}],"about":[{"href":"https:\/\/www.willi-graf-schulen.de\/realschule\/wp-json\/wp\/v2\/types\/post"}],"author":[{"embeddable":true,"href":"https:\/\/www.willi-graf-schulen.de\/realschule\/wp-json\/wp\/v2\/users\/1"}],"replies":[{"embeddable":true,"href":"https:\/\/www.willi-graf-schulen.de\/realschule\/wp-json\/wp\/v2\/comments?post=289"}],"version-history":[{"count":58,"href":"https:\/\/www.willi-graf-schulen.de\/realschule\/wp-json\/wp\/v2\/posts\/289\/revisions"}],"predecessor-version":[{"id":7951,"href":"https:\/\/www.willi-graf-schulen.de\/realschule\/wp-json\/wp\/v2\/posts\/289\/revisions\/7951"}],"wp:featuredmedia":[{"embeddable":true,"href":"https:\/\/www.willi-graf-schulen.de\/realschule\/wp-json\/wp\/v2\/media\/283"}],"wp:attachment":[{"href":"https:\/\/www.willi-graf-schulen.de\/realschule\/wp-json\/wp\/v2\/media?parent=289"}],"wp:term":[{"taxonomy":"category","embeddable":true,"href":"https:\/\/www.willi-graf-schulen.de\/realschule\/wp-json\/wp\/v2\/categories?post=289"},{"taxonomy":"post_tag","embeddable":true,"href":"https:\/\/www.willi-graf-schulen.de\/realschule\/wp-json\/wp\/v2\/tags?post=289"}],"curies":[{"name":"wp","href":"https:\/\/api.w.org\/{rel}","templated":true}]}}