{"id":399,"date":"2012-05-27T08:21:59","date_gmt":"2012-05-27T06:21:59","guid":{"rendered":"https:\/\/www.willi-graf-schulen.de\/realschule\/2012\/05\/27\/franzoesisch\/"},"modified":"2022-07-26T12:44:38","modified_gmt":"2022-07-26T10:44:38","slug":"franzoesisch","status":"publish","type":"post","link":"https:\/\/www.willi-graf-schulen.de\/realschule\/franzoesisch\/","title":{"rendered":"Franz\u00f6sisch"},"content":{"rendered":"\t\t<div data-elementor-type=\"wp-post\" data-elementor-id=\"399\" class=\"elementor elementor-399\" data-elementor-post-type=\"post\">\n\t\t\t\t\t\t<section class=\"elementor-section elementor-top-section elementor-element elementor-element-3450b3ed elementor-section-boxed elementor-section-height-default elementor-section-height-default\" data-id=\"3450b3ed\" data-element_type=\"section\" data-e-type=\"section\" data-settings=\"{&quot;jet_parallax_layout_list&quot;:[]}\">\n\t\t\t\t\t\t<div class=\"elementor-container elementor-column-gap-default\">\n\t\t\t\t\t<div class=\"elementor-column elementor-col-100 elementor-top-column elementor-element elementor-element-11367e9f\" data-id=\"11367e9f\" data-element_type=\"column\" data-e-type=\"column\">\n\t\t\t<div class=\"elementor-widget-wrap elementor-element-populated\">\n\t\t\t\t\t\t<div class=\"elementor-element elementor-element-777d1c17 elementor-widget elementor-widget-text-editor\" data-id=\"777d1c17\" data-element_type=\"widget\" data-e-type=\"widget\" data-widget_type=\"text-editor.default\">\n\t\t\t\t<div class=\"elementor-widget-container\">\n\t\t\t\t\t\t\t\t\t<p><span style=\"color: #000000;\">Franz\u00f6sisch wird an unserer Schule als erste Fremdsprache unterrichtet. In regelm\u00e4\u00dfigen Abst\u00e4nden steht dem Fachbereich ein Fremdsprachenassistent\/ eine Fremdsprachenassistentin aus Frankreich zur Verf\u00fcgung.<\/span><\/p><p><span style=\"color: #000000;\"><strong>Lehrwerke, Medien und Ausleihbibliothek:<\/strong>\u00a0 Im Unterricht der Jahrgangsstufen 5-8 wird &#8222;\u00c0 Plus! Nouvelle Edition&#8220; 1 und 2 (cornelsen-Verlag) eingesetzt. Ab Klasse\u00a08 arbeiten wir mit &#8222;\u00c0 Toi&#8220; 3 und 4 (cornelsen-Verlag). Beide Lehrwerke sind Werke des Cornelsen-Verlages.<\/span><span style=\"color: #000000;\">Der Bibliotheksbestand der Schule bietet den Sch\u00fclerinnen und Sch\u00fclern Zugang zu einsprachigen und zweisprachigen W\u00f6rterb\u00fcchern und Materialien zur Landeskunde und Literatur.<\/span> <span style=\"color: #000000;\">Mit der \u201cBiblio-Valise\u201c, einem roten Rollkoffer, steht den Sch\u00fclerinnen und Sch\u00fclern eine kleine Bibliothek mit Lekt\u00fcren verschiedener Schwierigkeits- stufen f\u00fcr Anf\u00e4nger (ab Klasse 5) bis zu Fortgeschrittenen in der Oberstufe des Willi-Graf Gymnasiums zur Verf\u00fcgung. Die B\u00fccher werden \u00fcber den jeweiligen Franz\u00f6sischlehrer ausgeliehen.<\/span><\/p><p><span style=\"color: #000000;\"><strong>Austauschm\u00f6glichkeiten: <br \/>Robert-Schuman-Programm:<\/strong> <\/span><span style=\"color: #000000;\">Sch\u00fclerinnen und Sch\u00fcler der Willi-Graf Realschule der Stufen 8 und\/oder 9 nehmen seit vielen Jahren regelm\u00e4\u00dfig an einem zweiw\u00f6chigen individuellen Sch\u00fcleraustausch mit Lothringen, Belgien oder Luxemburg teil, der vom saarl\u00e4ndischen Bildungsministerium, der Acad\u00e9mie de Nancy-Metz, dem Ministerium der franz\u00f6sischsprachigen Gemeinschaft Belgiens, dem Erziehungsministerium des Gro\u00dfherzogtums Luxemburg und der Aufsichts- und Dienstleistungsdirektion Rheinland-Pfalz Trier\/Koblenz gemeinsam organisiert wird.<\/span> <br \/><span style=\"color: #000000;\"><strong>Aktivit\u00e4ten<\/strong><\/span>:<span style=\"color: #000000;\"> Die Klassen und Kurse nutzen auch gerne die allj\u00e4hrlichen Angebote der Cin\u00e9f\u00eate: Kinobesuche mit Filmen in franz\u00f6sischer Sprache. Des weiteren finden regelm\u00e4\u00dfige Marktbesuche in Saargem\u00fcnd sowieso Ausfl\u00fcge nach Paris und Metz statt. Je nach Verf\u00fcgbarkeit werden folgende AGs angeboten:\u00a0 eine AG\u00a0<\/span><strong style=\"color: #000000;\">Franz\u00f6sisch &#8222;Werkstatt&#8220;<\/strong><span style=\"color: #000000;\">, in der Probleme\u00a0insbesondere\u00a0vor Klassenarbeiten gezielt behandelt werden oder eine\u00a0 franz\u00f6sische Theater-AG \u00a0&#8222;Theater und Chanson&#8220;.\u00a0 In diesem Rahmen hat 2019 die Realschule beim Chansonwettbewerb den 4.Platz erreicht.<br \/><\/span><\/p><p><span style=\"color: #000000;\"><strong>Europ\u00e4isches Sprachenzertifikat<\/strong><\/span>: <span style=\"color: #000000;\">Die Sch\u00fcler haben die M\u00f6glichkeit, am Ende der zehnte Klasse, ein europ\u00e4siches Sprachenzertifikat zu erwerben. Hierzu nehmen sie an einer schriftlichen und einer m\u00fcndlichen Pr\u00fcfung teil. Interessierte Sch\u00fcler\/-innen wenden sich bitte an ihre Franz\u00f6sischlehrer\/-innen, die gerne zu weiteren Ausk\u00fcnften zur Verf\u00fcgung stehen. In den vergangenen Jahren haben unsere Sch\u00fcler\/-innen die Pr\u00fcfungen mit Erfolg gemeistert und somit bewiesen, dass sie in schriftlicher und m\u00fcndlicher Kommunikation den europ\u00e4ischen Standard erf\u00fcllen.<\/span><\/p><p><span style=\"color: #000000;\"><strong>FachlehrerInnen:<\/strong><\/span><\/p><ul><li><span style=\"color: #000000;\">Frau Eva Arnold<\/span><\/li><li><span style=\"color: #000000;\">Herr Dominic Blanchette<\/span><\/li><li><span style=\"color: #000000;\">Frau Priscille Dizi\u00e8re<\/span><\/li><li><span style=\"color: #000000;\">Frau Birgit Raffaele\u00a0<\/span><\/li><li><span style=\"color: #000000;\">Herr Rudolf Zettelmeier<\/span><\/li><\/ul>\t\t\t\t\t\t\t\t<\/div>\n\t\t\t\t<\/div>\n\t\t\t\t\t<\/div>\n\t\t<\/div>\n\t\t\t\t\t<\/div>\n\t\t<\/section>\n\t\t\t\t<\/div>\n\t\t","protected":false},"excerpt":{"rendered":"<p>Franz\u00f6sisch wird an unserer Schule als erste Fremdsprache unterrichtet. In regelm\u00e4\u00dfigen Abst\u00e4nden steht dem Fachbereich ein Fremdsprachenassistent\/ eine Fremdsprachenassistentin aus Frankreich zur Verf\u00fcgung. Lehrwerke, Medien und Ausleihbibliothek:\u00a0 Im Unterricht der Jahrgangsstufen 5-8 wird &#8222;\u00c0 Plus! Nouvelle Edition&#8220; 1 und 2 (cornelsen-Verlag) eingesetzt. Ab Klasse\u00a08 arbeiten wir mit &#8222;\u00c0 Toi&#8220; 3 und 4 (cornelsen-Verlag). Beide Lehrwerke [&hellip;]<\/p>\n","protected":false},"author":1,"featured_media":0,"comment_status":"open","ping_status":"open","sticky":false,"template":"","format":"standard","meta":{"footnotes":""},"categories":[28,27],"tags":[],"class_list":["post-399","post","type-post","status-publish","format-standard","hentry","category-pflichtunterricht","category-wgr-fachbereiche"],"_links":{"self":[{"href":"https:\/\/www.willi-graf-schulen.de\/realschule\/wp-json\/wp\/v2\/posts\/399","targetHints":{"allow":["GET"]}}],"collection":[{"href":"https:\/\/www.willi-graf-schulen.de\/realschule\/wp-json\/wp\/v2\/posts"}],"about":[{"href":"https:\/\/www.willi-graf-schulen.de\/realschule\/wp-json\/wp\/v2\/types\/post"}],"author":[{"embeddable":true,"href":"https:\/\/www.willi-graf-schulen.de\/realschule\/wp-json\/wp\/v2\/users\/1"}],"replies":[{"embeddable":true,"href":"https:\/\/www.willi-graf-schulen.de\/realschule\/wp-json\/wp\/v2\/comments?post=399"}],"version-history":[{"count":7,"href":"https:\/\/www.willi-graf-schulen.de\/realschule\/wp-json\/wp\/v2\/posts\/399\/revisions"}],"predecessor-version":[{"id":3444,"href":"https:\/\/www.willi-graf-schulen.de\/realschule\/wp-json\/wp\/v2\/posts\/399\/revisions\/3444"}],"wp:attachment":[{"href":"https:\/\/www.willi-graf-schulen.de\/realschule\/wp-json\/wp\/v2\/media?parent=399"}],"wp:term":[{"taxonomy":"category","embeddable":true,"href":"https:\/\/www.willi-graf-schulen.de\/realschule\/wp-json\/wp\/v2\/categories?post=399"},{"taxonomy":"post_tag","embeddable":true,"href":"https:\/\/www.willi-graf-schulen.de\/realschule\/wp-json\/wp\/v2\/tags?post=399"}],"curies":[{"name":"wp","href":"https:\/\/api.w.org\/{rel}","templated":true}]}}