{"id":4688,"date":"2023-01-26T11:01:10","date_gmt":"2023-01-26T10:01:10","guid":{"rendered":"https:\/\/www.willi-graf-schulen.de\/realschule\/?p=4688"},"modified":"2023-01-26T11:08:41","modified_gmt":"2023-01-26T10:08:41","slug":"sternsinger-2023","status":"publish","type":"post","link":"https:\/\/www.willi-graf-schulen.de\/realschule\/sternsinger-2023\/","title":{"rendered":"Sternsinger 2023"},"content":{"rendered":"\t\t<div data-elementor-type=\"wp-post\" data-elementor-id=\"4688\" class=\"elementor elementor-4688\" data-elementor-post-type=\"post\">\n\t\t\t\t\t\t<section class=\"elementor-section elementor-top-section elementor-element elementor-element-3b088a4 elementor-section-boxed elementor-section-height-default elementor-section-height-default\" data-id=\"3b088a4\" data-element_type=\"section\" data-e-type=\"section\" data-settings=\"{&quot;jet_parallax_layout_list&quot;:[]}\">\n\t\t\t\t\t\t<div class=\"elementor-container elementor-column-gap-default\">\n\t\t\t\t\t<div class=\"elementor-column elementor-col-100 elementor-top-column elementor-element elementor-element-bf3d5e9\" data-id=\"bf3d5e9\" data-element_type=\"column\" data-e-type=\"column\">\n\t\t\t<div class=\"elementor-widget-wrap elementor-element-populated\">\n\t\t\t\t\t\t<div class=\"elementor-element elementor-element-0bd2d01 elementor-widget elementor-widget-text-editor\" data-id=\"0bd2d01\" data-element_type=\"widget\" data-e-type=\"widget\" data-widget_type=\"text-editor.default\">\n\t\t\t\t<div class=\"elementor-widget-container\">\n\t\t\t\t\t\t\t\t\t<h3><b>Sternsingeraktion 2023\u00a0<\/b><\/h3><p>Am Montag, dem 9. Januar 2023, waren die Sternsinger in unseren Schulen unterwegs.\u00a0<\/p><p>Sch\u00fclerinnen und Sch\u00fcler der 6b des Gymnasiums und 5er der Realschule besuchten an diesem Vormittag, begleitet von Frau Duppe, Herrn M\u00fcller und Herrn Sch\u00fctz die Klassenr\u00e4ume. Sie \u00fcberbrachten die Segensw\u00fcnsche der <i>\u201eHeiligen Drei K\u00f6nige\u201c<\/i> und die zuvor am 6. Januar 2023 im Fr\u00fchgottesdienst in unserer Kapelle gesegneten Aufkleber. <i>\u201cKinder st\u00e4rken &#8211; Kinder sch\u00fctzen&#8220;<\/i> &#8211; so lautete das Motto des Kindermissionswerkes Aachen (https:\/\/www.sternsinger.de) in diesem Jahr. Wir freuen uns, dass wir f\u00fcr die Kinder dieser Welt nun insgesamt 500,- EUR Spenden \u00fcberweisen k\u00f6nnen. Ein herzliches \u201eVergelts Gott\u201c allen Spenderinnen und Spendern.<\/p>\t\t\t\t\t\t\t\t<\/div>\n\t\t\t\t<\/div>\n\t\t\t\t\t<\/div>\n\t\t<\/div>\n\t\t\t\t\t<\/div>\n\t\t<\/section>\n\t\t\t\t<section class=\"elementor-section elementor-top-section elementor-element elementor-element-fc36077 elementor-section-boxed elementor-section-height-default elementor-section-height-default\" data-id=\"fc36077\" data-element_type=\"section\" data-e-type=\"section\" data-settings=\"{&quot;jet_parallax_layout_list&quot;:[]}\">\n\t\t\t\t\t\t<div class=\"elementor-container elementor-column-gap-default\">\n\t\t\t\t\t<div class=\"elementor-column elementor-col-100 elementor-top-column elementor-element elementor-element-5b73e77\" data-id=\"5b73e77\" data-element_type=\"column\" data-e-type=\"column\">\n\t\t\t<div class=\"elementor-widget-wrap elementor-element-populated\">\n\t\t\t\t\t\t<div class=\"elementor-element elementor-element-ef1c567 elementor-widget elementor-widget-image\" data-id=\"ef1c567\" data-element_type=\"widget\" data-e-type=\"widget\" data-widget_type=\"image.default\">\n\t\t\t\t<div class=\"elementor-widget-container\">\n\t\t\t\t\t\t\t\t\t\t\t\t\t\t\t<img fetchpriority=\"high\" decoding=\"async\" width=\"1020\" height=\"572\" src=\"https:\/\/www.willi-graf-schulen.de\/realschule\/wp-content\/uploads\/sites\/4\/2023\/01\/Sternsinger-2023.jpg\" class=\"attachment-large size-large wp-image-4690\" alt=\"\" srcset=\"https:\/\/www.willi-graf-schulen.de\/realschule\/wp-content\/uploads\/sites\/4\/2023\/01\/Sternsinger-2023.jpg 1020w, https:\/\/www.willi-graf-schulen.de\/realschule\/wp-content\/uploads\/sites\/4\/2023\/01\/Sternsinger-2023-300x168.jpg 300w, https:\/\/www.willi-graf-schulen.de\/realschule\/wp-content\/uploads\/sites\/4\/2023\/01\/Sternsinger-2023-768x431.jpg 768w, https:\/\/www.willi-graf-schulen.de\/realschule\/wp-content\/uploads\/sites\/4\/2023\/01\/Sternsinger-2023-150x85.jpg 150w, https:\/\/www.willi-graf-schulen.de\/realschule\/wp-content\/uploads\/sites\/4\/2023\/01\/Sternsinger-2023-600x336.jpg 600w\" sizes=\"(max-width: 1020px) 100vw, 1020px\" \/>\t\t\t\t\t\t\t\t\t\t\t\t\t\t\t<\/div>\n\t\t\t\t<\/div>\n\t\t\t\t\t<\/div>\n\t\t<\/div>\n\t\t\t\t\t<\/div>\n\t\t<\/section>\n\t\t\t\t<\/div>\n\t\t","protected":false},"excerpt":{"rendered":"<p>Sternsingeraktion 2023&nbsp; Am Montag, dem 9. Januar 2023, waren die Sternsinger in unseren Schulen unterwegs.&nbsp; Sch\u00fclerinnen und Sch\u00fcler der 6b des Gymnasiums und 5er der Realschule besuchten an diesem Vormittag, begleitet von Frau Duppe, Herrn M\u00fcller und Herrn Sch\u00fctz die Klassenr\u00e4ume. Sie \u00fcberbrachten die Segensw\u00fcnsche der \u201eHeiligen Drei K\u00f6nige\u201c und die zuvor am 6. Januar [&hellip;]<\/p>\n","protected":false},"author":7,"featured_media":4690,"comment_status":"open","ping_status":"open","sticky":false,"template":"","format":"standard","meta":{"footnotes":""},"categories":[6],"tags":[],"class_list":["post-4688","post","type-post","status-publish","format-standard","has-post-thumbnail","hentry","category-aktuelles"],"_links":{"self":[{"href":"https:\/\/www.willi-graf-schulen.de\/realschule\/wp-json\/wp\/v2\/posts\/4688","targetHints":{"allow":["GET"]}}],"collection":[{"href":"https:\/\/www.willi-graf-schulen.de\/realschule\/wp-json\/wp\/v2\/posts"}],"about":[{"href":"https:\/\/www.willi-graf-schulen.de\/realschule\/wp-json\/wp\/v2\/types\/post"}],"author":[{"embeddable":true,"href":"https:\/\/www.willi-graf-schulen.de\/realschule\/wp-json\/wp\/v2\/users\/7"}],"replies":[{"embeddable":true,"href":"https:\/\/www.willi-graf-schulen.de\/realschule\/wp-json\/wp\/v2\/comments?post=4688"}],"version-history":[{"count":5,"href":"https:\/\/www.willi-graf-schulen.de\/realschule\/wp-json\/wp\/v2\/posts\/4688\/revisions"}],"predecessor-version":[{"id":4694,"href":"https:\/\/www.willi-graf-schulen.de\/realschule\/wp-json\/wp\/v2\/posts\/4688\/revisions\/4694"}],"wp:featuredmedia":[{"embeddable":true,"href":"https:\/\/www.willi-graf-schulen.de\/realschule\/wp-json\/wp\/v2\/media\/4690"}],"wp:attachment":[{"href":"https:\/\/www.willi-graf-schulen.de\/realschule\/wp-json\/wp\/v2\/media?parent=4688"}],"wp:term":[{"taxonomy":"category","embeddable":true,"href":"https:\/\/www.willi-graf-schulen.de\/realschule\/wp-json\/wp\/v2\/categories?post=4688"},{"taxonomy":"post_tag","embeddable":true,"href":"https:\/\/www.willi-graf-schulen.de\/realschule\/wp-json\/wp\/v2\/tags?post=4688"}],"curies":[{"name":"wp","href":"https:\/\/api.w.org\/{rel}","templated":true}]}}