{"id":4717,"date":"2023-01-28T13:37:05","date_gmt":"2023-01-28T12:37:05","guid":{"rendered":"https:\/\/www.willi-graf-schulen.de\/realschule\/?p=4717"},"modified":"2023-01-28T13:50:11","modified_gmt":"2023-01-28T12:50:11","slug":"stadtradeln","status":"publish","type":"post","link":"https:\/\/www.willi-graf-schulen.de\/realschule\/stadtradeln\/","title":{"rendered":"Stadtradeln"},"content":{"rendered":"\t\t<div data-elementor-type=\"wp-post\" data-elementor-id=\"4717\" class=\"elementor elementor-4717\" data-elementor-post-type=\"post\">\n\t\t\t\t\t\t<section class=\"elementor-section elementor-top-section elementor-element elementor-element-9291f9c elementor-section-boxed elementor-section-height-default elementor-section-height-default\" data-id=\"9291f9c\" data-element_type=\"section\" data-e-type=\"section\" data-settings=\"{&quot;jet_parallax_layout_list&quot;:[]}\">\n\t\t\t\t\t\t<div class=\"elementor-container elementor-column-gap-default\">\n\t\t\t\t\t<div class=\"elementor-column elementor-col-100 elementor-top-column elementor-element elementor-element-3c2007c\" data-id=\"3c2007c\" data-element_type=\"column\" data-e-type=\"column\">\n\t\t\t<div class=\"elementor-widget-wrap elementor-element-populated\">\n\t\t\t\t\t\t<div class=\"elementor-element elementor-element-bd2c196 elementor-widget elementor-widget-text-editor\" data-id=\"bd2c196\" data-element_type=\"widget\" data-e-type=\"widget\" data-widget_type=\"text-editor.default\">\n\t\t\t\t<div class=\"elementor-widget-container\">\n\t\t\t\t\t\t\t\t\t<h3><span style=\"color: #020101\">Willi-Graf Schulen erringen den ersten Platz beim Stadtradeln 2022<\/span><\/h3><p>Mit 129 Radlern und 23096 Kilometern belegen die Willi-Graf-Schulen den ersten Platz der Teamwertung im Stadtverband beim Stadtradeln 2022 mit dem gr\u00f6\u00dften Team und den meisten Kilometern vor der Marienschule und dem Team der ZF.<\/p><p>In der landesweiten Kategorie des Schulradelns belegen die Willi-Graf Schulen den dritten Platz hinter dem Gymnasium Homburg und Gymnasium am Stefansberg Merzig.<\/p><p>Bei der Pr\u00e4mierung der Gewinner am 9.11. im Rathausfestsaal \u00fcberreichte B\u00fcrgermeisterin Meyer Herrn Jochen Clemens stellvertretend einen Scheck im Wert von 400\u20ac.<\/p><table cellspacing=\"0\" cellpadding=\"0\"><tbody><tr><td valign=\"top\">\u00a0<\/td><td valign=\"top\"><p>Radfahrer<\/p><\/td><td valign=\"top\"><p>Kilometer<\/p><\/td><\/tr><tr><td valign=\"top\"><p>2019<\/p><\/td><td valign=\"top\"><p>86<\/p><\/td><td valign=\"top\"><p>14548<\/p><\/td><\/tr><tr><td valign=\"top\"><p>2020<\/p><\/td><td valign=\"top\"><p>108<\/p><\/td><td valign=\"top\"><p>16373<\/p><\/td><\/tr><tr><td valign=\"top\"><p>2021<\/p><\/td><td valign=\"top\"><p>121<\/p><\/td><td valign=\"top\"><p>20610<\/p><\/td><\/tr><tr><td valign=\"top\"><p>2022<\/p><\/td><td valign=\"top\"><p>129<\/p><\/td><td valign=\"top\"><p>23096<\/p><\/td><\/tr><\/tbody><\/table><p>Wir bedanken uns bei allen Radlern und Radlerinnen f\u00fcr das tolle Engagement und hoffen, dass wir die kontinuierlichen Erfolge im n\u00e4chsten Jahr weiterf\u00fchren k\u00f6nnen.<\/p><p>Bei Fragen zum Thema Fahrrad an den Willi-Graf Schulen k\u00f6nnen Sie sich gerne an Herrn Clemens wenden:<\/p><p><a href=\"mailto:Jochen.clemens@bistum-trier.de\">Jochen.clemens@bistum-trier.de<\/a><\/p>\t\t\t\t\t\t\t\t<\/div>\n\t\t\t\t<\/div>\n\t\t\t\t\t<\/div>\n\t\t<\/div>\n\t\t\t\t\t<\/div>\n\t\t<\/section>\n\t\t\t\t<section class=\"elementor-section elementor-top-section elementor-element elementor-element-5a260f9 elementor-section-boxed elementor-section-height-default elementor-section-height-default\" data-id=\"5a260f9\" data-element_type=\"section\" data-e-type=\"section\" data-settings=\"{&quot;jet_parallax_layout_list&quot;:[]}\">\n\t\t\t\t\t\t<div class=\"elementor-container elementor-column-gap-default\">\n\t\t\t\t\t<div class=\"elementor-column elementor-col-100 elementor-top-column elementor-element elementor-element-53c1210\" data-id=\"53c1210\" data-element_type=\"column\" data-e-type=\"column\">\n\t\t\t<div class=\"elementor-widget-wrap elementor-element-populated\">\n\t\t\t\t\t\t<div class=\"elementor-element elementor-element-e2cff6a elementor-widget elementor-widget-heading\" data-id=\"e2cff6a\" data-element_type=\"widget\" data-e-type=\"widget\" data-widget_type=\"heading.default\">\n\t\t\t\t<div class=\"elementor-widget-container\">\n\t\t\t\t\t<h2 class=\"elementor-heading-title elementor-size-medium\">Foto von der Preisverleihung und Diagramm zur Entwicklung des Stadtradelns an den Willi-Graf-Schulen:<\/h2>\t\t\t\t<\/div>\n\t\t\t\t<\/div>\n\t\t\t\t\t<\/div>\n\t\t<\/div>\n\t\t\t\t\t<\/div>\n\t\t<\/section>\n\t\t\t\t<section class=\"elementor-section elementor-top-section elementor-element elementor-element-6b5f587 elementor-section-boxed elementor-section-height-default elementor-section-height-default\" data-id=\"6b5f587\" data-element_type=\"section\" data-e-type=\"section\" data-settings=\"{&quot;jet_parallax_layout_list&quot;:[]}\">\n\t\t\t\t\t\t<div class=\"elementor-container elementor-column-gap-default\">\n\t\t\t\t\t<div class=\"elementor-column elementor-col-50 elementor-top-column elementor-element elementor-element-b84ef1c\" data-id=\"b84ef1c\" data-element_type=\"column\" data-e-type=\"column\">\n\t\t\t<div class=\"elementor-widget-wrap elementor-element-populated\">\n\t\t\t\t\t\t<div class=\"elementor-element elementor-element-a0730a6 elementor-widget elementor-widget-image\" data-id=\"a0730a6\" data-element_type=\"widget\" data-e-type=\"widget\" data-widget_type=\"image.default\">\n\t\t\t\t<div class=\"elementor-widget-container\">\n\t\t\t\t\t\t\t\t\t\t\t\t\t\t\t<img fetchpriority=\"high\" decoding=\"async\" width=\"774\" height=\"1024\" src=\"https:\/\/www.willi-graf-schulen.de\/realschule\/wp-content\/uploads\/sites\/4\/2023\/01\/20221109_192529-1-774x1024.jpg\" class=\"attachment-large size-large wp-image-4727\" alt=\"\" srcset=\"https:\/\/www.willi-graf-schulen.de\/realschule\/wp-content\/uploads\/sites\/4\/2023\/01\/20221109_192529-1-774x1024.jpg 774w, https:\/\/www.willi-graf-schulen.de\/realschule\/wp-content\/uploads\/sites\/4\/2023\/01\/20221109_192529-1-227x300.jpg 227w, https:\/\/www.willi-graf-schulen.de\/realschule\/wp-content\/uploads\/sites\/4\/2023\/01\/20221109_192529-1-768x1016.jpg 768w, https:\/\/www.willi-graf-schulen.de\/realschule\/wp-content\/uploads\/sites\/4\/2023\/01\/20221109_192529-1-1161x1536.jpg 1161w, https:\/\/www.willi-graf-schulen.de\/realschule\/wp-content\/uploads\/sites\/4\/2023\/01\/20221109_192529-1-1549x2048.jpg 1549w, https:\/\/www.willi-graf-schulen.de\/realschule\/wp-content\/uploads\/sites\/4\/2023\/01\/20221109_192529-1-600x794.jpg 600w, https:\/\/www.willi-graf-schulen.de\/realschule\/wp-content\/uploads\/sites\/4\/2023\/01\/20221109_192529-1-scaled.jpg 1936w\" sizes=\"(max-width: 774px) 100vw, 774px\" \/>\t\t\t\t\t\t\t\t\t\t\t\t\t\t\t<\/div>\n\t\t\t\t<\/div>\n\t\t\t\t\t<\/div>\n\t\t<\/div>\n\t\t\t\t<div class=\"elementor-column elementor-col-50 elementor-top-column elementor-element elementor-element-4273d7e\" data-id=\"4273d7e\" data-element_type=\"column\" data-e-type=\"column\">\n\t\t\t<div class=\"elementor-widget-wrap elementor-element-populated\">\n\t\t\t\t\t\t<div class=\"elementor-element elementor-element-7f90900 elementor-widget elementor-widget-image\" data-id=\"7f90900\" data-element_type=\"widget\" data-e-type=\"widget\" data-widget_type=\"image.default\">\n\t\t\t\t<div class=\"elementor-widget-container\">\n\t\t\t\t\t\t\t\t\t\t\t\t\t\t\t<img decoding=\"async\" width=\"723\" height=\"1024\" src=\"https:\/\/www.willi-graf-schulen.de\/realschule\/wp-content\/uploads\/sites\/4\/2023\/01\/Balkendiagramme-723x1024.jpg\" class=\"attachment-large size-large wp-image-4719\" alt=\"\" srcset=\"https:\/\/www.willi-graf-schulen.de\/realschule\/wp-content\/uploads\/sites\/4\/2023\/01\/Balkendiagramme-723x1024.jpg 723w, https:\/\/www.willi-graf-schulen.de\/realschule\/wp-content\/uploads\/sites\/4\/2023\/01\/Balkendiagramme-212x300.jpg 212w, https:\/\/www.willi-graf-schulen.de\/realschule\/wp-content\/uploads\/sites\/4\/2023\/01\/Balkendiagramme-768x1087.jpg 768w, https:\/\/www.willi-graf-schulen.de\/realschule\/wp-content\/uploads\/sites\/4\/2023\/01\/Balkendiagramme-1085x1536.jpg 1085w, https:\/\/www.willi-graf-schulen.de\/realschule\/wp-content\/uploads\/sites\/4\/2023\/01\/Balkendiagramme-600x849.jpg 600w, https:\/\/www.willi-graf-schulen.de\/realschule\/wp-content\/uploads\/sites\/4\/2023\/01\/Balkendiagramme.jpg 1239w\" sizes=\"(max-width: 723px) 100vw, 723px\" \/>\t\t\t\t\t\t\t\t\t\t\t\t\t\t\t<\/div>\n\t\t\t\t<\/div>\n\t\t\t\t\t<\/div>\n\t\t<\/div>\n\t\t\t\t\t<\/div>\n\t\t<\/section>\n\t\t\t\t<\/div>\n\t\t","protected":false},"excerpt":{"rendered":"<p>Willi-Graf Schulen erringen den ersten Platz beim Stadtradeln 2022 Mit 129 Radlern und 23096 Kilometern belegen die Willi-Graf-Schulen den ersten Platz der Teamwertung im Stadtverband beim Stadtradeln 2022 mit dem gr\u00f6\u00dften Team und den meisten Kilometern vor der Marienschule und dem Team der ZF. In der landesweiten Kategorie des Schulradelns belegen die Willi-Graf Schulen den [&hellip;]<\/p>\n","protected":false},"author":7,"featured_media":4723,"comment_status":"open","ping_status":"open","sticky":false,"template":"","format":"standard","meta":{"footnotes":""},"categories":[6],"tags":[],"class_list":["post-4717","post","type-post","status-publish","format-standard","has-post-thumbnail","hentry","category-aktuelles"],"_links":{"self":[{"href":"https:\/\/www.willi-graf-schulen.de\/realschule\/wp-json\/wp\/v2\/posts\/4717","targetHints":{"allow":["GET"]}}],"collection":[{"href":"https:\/\/www.willi-graf-schulen.de\/realschule\/wp-json\/wp\/v2\/posts"}],"about":[{"href":"https:\/\/www.willi-graf-schulen.de\/realschule\/wp-json\/wp\/v2\/types\/post"}],"author":[{"embeddable":true,"href":"https:\/\/www.willi-graf-schulen.de\/realschule\/wp-json\/wp\/v2\/users\/7"}],"replies":[{"embeddable":true,"href":"https:\/\/www.willi-graf-schulen.de\/realschule\/wp-json\/wp\/v2\/comments?post=4717"}],"version-history":[{"count":11,"href":"https:\/\/www.willi-graf-schulen.de\/realschule\/wp-json\/wp\/v2\/posts\/4717\/revisions"}],"predecessor-version":[{"id":4733,"href":"https:\/\/www.willi-graf-schulen.de\/realschule\/wp-json\/wp\/v2\/posts\/4717\/revisions\/4733"}],"wp:featuredmedia":[{"embeddable":true,"href":"https:\/\/www.willi-graf-schulen.de\/realschule\/wp-json\/wp\/v2\/media\/4723"}],"wp:attachment":[{"href":"https:\/\/www.willi-graf-schulen.de\/realschule\/wp-json\/wp\/v2\/media?parent=4717"}],"wp:term":[{"taxonomy":"category","embeddable":true,"href":"https:\/\/www.willi-graf-schulen.de\/realschule\/wp-json\/wp\/v2\/categories?post=4717"},{"taxonomy":"post_tag","embeddable":true,"href":"https:\/\/www.willi-graf-schulen.de\/realschule\/wp-json\/wp\/v2\/tags?post=4717"}],"curies":[{"name":"wp","href":"https:\/\/api.w.org\/{rel}","templated":true}]}}