{"id":4734,"date":"2023-01-28T13:55:26","date_gmt":"2023-01-28T12:55:26","guid":{"rendered":"https:\/\/www.willi-graf-schulen.de\/realschule\/?p=4734"},"modified":"2023-01-28T14:14:23","modified_gmt":"2023-01-28T13:14:23","slug":"vorlesewettbewerb-2022-23","status":"publish","type":"post","link":"https:\/\/www.willi-graf-schulen.de\/realschule\/vorlesewettbewerb-2022-23\/","title":{"rendered":"Vorlese &#8211; Wettbewerb 2022\/23"},"content":{"rendered":"\t\t<div data-elementor-type=\"wp-post\" data-elementor-id=\"4734\" class=\"elementor elementor-4734\" data-elementor-post-type=\"post\">\n\t\t\t\t\t\t<section class=\"elementor-section elementor-top-section elementor-element elementor-element-106c17e elementor-section-boxed elementor-section-height-default elementor-section-height-default\" data-id=\"106c17e\" data-element_type=\"section\" data-e-type=\"section\" data-settings=\"{&quot;jet_parallax_layout_list&quot;:[]}\">\n\t\t\t\t\t\t<div class=\"elementor-container elementor-column-gap-default\">\n\t\t\t\t\t<div class=\"elementor-column elementor-col-100 elementor-top-column elementor-element elementor-element-21ad211\" data-id=\"21ad211\" data-element_type=\"column\" data-e-type=\"column\">\n\t\t\t<div class=\"elementor-widget-wrap elementor-element-populated\">\n\t\t\t\t\t\t<div class=\"elementor-element elementor-element-e446787 elementor-widget elementor-widget-text-editor\" data-id=\"e446787\" data-element_type=\"widget\" data-e-type=\"widget\" data-widget_type=\"text-editor.default\">\n\t\t\t\t<div class=\"elementor-widget-container\">\n\t\t\t\t\t\t\t\t\t<h3>Vorlese &#8211; Wettbewerb 2022\/23<\/h3>\n<p><span style=\"text-decoration: underline\">Spannender Kampf um den Sieg beim Vorlesewettbewerb<\/span><\/p>\n<p>Auch in diesem Jahr schickt die Willi-Graf-Realschule eine talentierte Vorleserin ins Rennen um die Vorlesekrone. Marie Sand aus der Klasse 6r2 konnte sich gegen starke weibliche Konkurrenz aus den Parallelklassen im Schulentscheid durchsetzen. Schauplatz der 2. Runde des Wettbewerbs war der Klassenraum der 8r1, die als Jury fungierte. Unter dem kritischen Blick der Achtkl\u00e4ssler boten alle Kinder eine hervorragende Leistung. Marie, die von ihrer Freundin Svea unterst\u00fctzt wurde, gl\u00e4nzte vor allem mit einer lebendigen Lesetechnik und einer gelungenen Textauswahl. Die gesamte Schulgemeinschaft w\u00fcnscht Marie alles Gute f\u00fcr den Regionalentscheid!<\/p>\t\t\t\t\t\t\t\t<\/div>\n\t\t\t\t<\/div>\n\t\t\t\t\t<\/div>\n\t\t<\/div>\n\t\t\t\t\t<\/div>\n\t\t<\/section>\n\t\t\t\t<section class=\"elementor-section elementor-top-section elementor-element elementor-element-a0fd761 elementor-section-boxed elementor-section-height-default elementor-section-height-default\" data-id=\"a0fd761\" data-element_type=\"section\" data-e-type=\"section\" data-settings=\"{&quot;jet_parallax_layout_list&quot;:[]}\">\n\t\t\t\t\t\t<div class=\"elementor-container elementor-column-gap-default\">\n\t\t\t\t\t<div class=\"elementor-column elementor-col-100 elementor-top-column elementor-element elementor-element-4fa4ebe\" data-id=\"4fa4ebe\" data-element_type=\"column\" data-e-type=\"column\">\n\t\t\t<div class=\"elementor-widget-wrap elementor-element-populated\">\n\t\t\t\t\t\t<div class=\"elementor-element elementor-element-68aacc2 elementor-widget elementor-widget-image\" data-id=\"68aacc2\" data-element_type=\"widget\" data-e-type=\"widget\" data-widget_type=\"image.default\">\n\t\t\t\t<div class=\"elementor-widget-container\">\n\t\t\t\t\t\t\t\t\t\t\t\t\t\t\t<img decoding=\"async\" src=\"https:\/\/www.willi-graf-schulen.de\/realschule\/wp-content\/uploads\/sites\/4\/elementor\/thumbs\/1-scaled-q75en9j80do68a2htsuic9rmlzad9g22rzqifeuec0.jpg\" title=\"1\" alt=\"1\" loading=\"lazy\" \/>\t\t\t\t\t\t\t\t\t\t\t\t\t\t\t<\/div>\n\t\t\t\t<\/div>\n\t\t\t\t\t<\/div>\n\t\t<\/div>\n\t\t\t\t\t<\/div>\n\t\t<\/section>\n\t\t\t\t<\/div>\n\t\t","protected":false},"excerpt":{"rendered":"<p>Vorlese &#8211; Wettbewerb 2022\/23 Spannender Kampf um den Sieg beim Vorlesewettbewerb Auch in diesem Jahr schickt die Willi-Graf-Realschule eine talentierte Vorleserin ins Rennen um die Vorlesekrone. Marie Sand aus der Klasse 6r2 konnte sich gegen starke weibliche Konkurrenz aus den Parallelklassen im Schulentscheid durchsetzen. Schauplatz der 2. Runde des Wettbewerbs war der Klassenraum der 8r1, [&hellip;]<\/p>\n","protected":false},"author":7,"featured_media":4757,"comment_status":"open","ping_status":"open","sticky":false,"template":"","format":"standard","meta":{"footnotes":""},"categories":[6],"tags":[],"class_list":["post-4734","post","type-post","status-publish","format-standard","has-post-thumbnail","hentry","category-aktuelles"],"_links":{"self":[{"href":"https:\/\/www.willi-graf-schulen.de\/realschule\/wp-json\/wp\/v2\/posts\/4734","targetHints":{"allow":["GET"]}}],"collection":[{"href":"https:\/\/www.willi-graf-schulen.de\/realschule\/wp-json\/wp\/v2\/posts"}],"about":[{"href":"https:\/\/www.willi-graf-schulen.de\/realschule\/wp-json\/wp\/v2\/types\/post"}],"author":[{"embeddable":true,"href":"https:\/\/www.willi-graf-schulen.de\/realschule\/wp-json\/wp\/v2\/users\/7"}],"replies":[{"embeddable":true,"href":"https:\/\/www.willi-graf-schulen.de\/realschule\/wp-json\/wp\/v2\/comments?post=4734"}],"version-history":[{"count":22,"href":"https:\/\/www.willi-graf-schulen.de\/realschule\/wp-json\/wp\/v2\/posts\/4734\/revisions"}],"predecessor-version":[{"id":4759,"href":"https:\/\/www.willi-graf-schulen.de\/realschule\/wp-json\/wp\/v2\/posts\/4734\/revisions\/4759"}],"wp:featuredmedia":[{"embeddable":true,"href":"https:\/\/www.willi-graf-schulen.de\/realschule\/wp-json\/wp\/v2\/media\/4757"}],"wp:attachment":[{"href":"https:\/\/www.willi-graf-schulen.de\/realschule\/wp-json\/wp\/v2\/media?parent=4734"}],"wp:term":[{"taxonomy":"category","embeddable":true,"href":"https:\/\/www.willi-graf-schulen.de\/realschule\/wp-json\/wp\/v2\/categories?post=4734"},{"taxonomy":"post_tag","embeddable":true,"href":"https:\/\/www.willi-graf-schulen.de\/realschule\/wp-json\/wp\/v2\/tags?post=4734"}],"curies":[{"name":"wp","href":"https:\/\/api.w.org\/{rel}","templated":true}]}}