{"id":4762,"date":"2023-01-28T14:17:38","date_gmt":"2023-01-28T13:17:38","guid":{"rendered":"https:\/\/www.willi-graf-schulen.de\/realschule\/?p=4762"},"modified":"2023-01-28T15:02:24","modified_gmt":"2023-01-28T14:02:24","slug":"gedichts-wettbewerb-22-23","status":"publish","type":"post","link":"https:\/\/www.willi-graf-schulen.de\/realschule\/gedichts-wettbewerb-22-23\/","title":{"rendered":"Gedichts &#8211; Wettbewerb 22\/23"},"content":{"rendered":"\t\t<div data-elementor-type=\"wp-post\" data-elementor-id=\"4762\" class=\"elementor elementor-4762\" data-elementor-post-type=\"post\">\n\t\t\t\t\t\t<section class=\"elementor-section elementor-top-section elementor-element elementor-element-ab6523a elementor-section-boxed elementor-section-height-default elementor-section-height-default\" data-id=\"ab6523a\" data-element_type=\"section\" data-e-type=\"section\" data-settings=\"{&quot;jet_parallax_layout_list&quot;:[]}\">\n\t\t\t\t\t\t<div class=\"elementor-container elementor-column-gap-default\">\n\t\t\t\t\t<div class=\"elementor-column elementor-col-100 elementor-top-column elementor-element elementor-element-38959c7\" data-id=\"38959c7\" data-element_type=\"column\" data-e-type=\"column\">\n\t\t\t<div class=\"elementor-widget-wrap elementor-element-populated\">\n\t\t\t\t\t\t<div class=\"elementor-element elementor-element-3280b7a elementor-widget elementor-widget-text-editor\" data-id=\"3280b7a\" data-element_type=\"widget\" data-e-type=\"widget\" data-widget_type=\"text-editor.default\">\n\t\t\t\t<div class=\"elementor-widget-container\">\n\t\t\t\t\t\t\t\t\t<h3>Gedichtswettbewerb \u2013 Die Sieger steht fest<\/h3><p>Im Rahmen unseres Schulfestes veranstalteten wir einen Gedichtwettbewerb, der das sch\u00f6nste Elfchen k\u00fcren sollte. Unsere G\u00e4ste schrieben flei\u00dfig Texte zu verschiedenen Themen. Angesichts der Masse an lyrischem Material war es schwierig, einen Sieger oder eine Siegerin zu finden. Durchsetzen konnte sich letztlich Liliana Fanara aus der 7r3.<\/p><p>Herzlichen Gl\u00fcckwunsch!<\/p>\t\t\t\t\t\t\t\t<\/div>\n\t\t\t\t<\/div>\n\t\t\t\t\t<\/div>\n\t\t<\/div>\n\t\t\t\t\t<\/div>\n\t\t<\/section>\n\t\t\t\t<section class=\"elementor-section elementor-top-section elementor-element elementor-element-d2ec9ac elementor-section-boxed elementor-section-height-default elementor-section-height-default\" data-id=\"d2ec9ac\" data-element_type=\"section\" data-e-type=\"section\" data-settings=\"{&quot;jet_parallax_layout_list&quot;:[]}\">\n\t\t\t\t\t\t<div class=\"elementor-container elementor-column-gap-default\">\n\t\t\t\t\t<div class=\"elementor-column elementor-col-100 elementor-top-column elementor-element elementor-element-96a8184\" data-id=\"96a8184\" data-element_type=\"column\" data-e-type=\"column\">\n\t\t\t<div class=\"elementor-widget-wrap elementor-element-populated\">\n\t\t\t\t\t\t<div class=\"elementor-element elementor-element-7063fe7 elementor-widget elementor-widget-image\" data-id=\"7063fe7\" data-element_type=\"widget\" data-e-type=\"widget\" data-widget_type=\"image.default\">\n\t\t\t\t<div class=\"elementor-widget-container\">\n\t\t\t\t\t\t\t\t\t\t\t\t\t\t\t<img fetchpriority=\"high\" decoding=\"async\" width=\"684\" height=\"952\" src=\"https:\/\/www.willi-graf-schulen.de\/realschule\/wp-content\/uploads\/sites\/4\/2023\/01\/2.jpg\" class=\"attachment-large size-large wp-image-4767\" alt=\"\" srcset=\"https:\/\/www.willi-graf-schulen.de\/realschule\/wp-content\/uploads\/sites\/4\/2023\/01\/2.jpg 684w, https:\/\/www.willi-graf-schulen.de\/realschule\/wp-content\/uploads\/sites\/4\/2023\/01\/2-216x300.jpg 216w, https:\/\/www.willi-graf-schulen.de\/realschule\/wp-content\/uploads\/sites\/4\/2023\/01\/2-600x835.jpg 600w\" sizes=\"(max-width: 684px) 100vw, 684px\" \/>\t\t\t\t\t\t\t\t\t\t\t\t\t\t\t<\/div>\n\t\t\t\t<\/div>\n\t\t\t\t\t<\/div>\n\t\t<\/div>\n\t\t\t\t\t<\/div>\n\t\t<\/section>\n\t\t\t\t<\/div>\n\t\t","protected":false},"excerpt":{"rendered":"<p>Gedichtswettbewerb \u2013 Die Sieger steht fest Im Rahmen unseres Schulfestes veranstalteten wir einen Gedichtwettbewerb, der das sch\u00f6nste Elfchen k\u00fcren sollte. Unsere G\u00e4ste schrieben flei\u00dfig Texte zu verschiedenen Themen. Angesichts der Masse an lyrischem Material war es schwierig, einen Sieger oder eine Siegerin zu finden. Durchsetzen konnte sich letztlich Liliana Fanara aus der 7r3. Herzlichen Gl\u00fcckwunsch! [&hellip;]<\/p>\n","protected":false},"author":7,"featured_media":0,"comment_status":"open","ping_status":"open","sticky":false,"template":"","format":"standard","meta":{"footnotes":""},"categories":[6],"tags":[],"class_list":["post-4762","post","type-post","status-publish","format-standard","hentry","category-aktuelles"],"_links":{"self":[{"href":"https:\/\/www.willi-graf-schulen.de\/realschule\/wp-json\/wp\/v2\/posts\/4762","targetHints":{"allow":["GET"]}}],"collection":[{"href":"https:\/\/www.willi-graf-schulen.de\/realschule\/wp-json\/wp\/v2\/posts"}],"about":[{"href":"https:\/\/www.willi-graf-schulen.de\/realschule\/wp-json\/wp\/v2\/types\/post"}],"author":[{"embeddable":true,"href":"https:\/\/www.willi-graf-schulen.de\/realschule\/wp-json\/wp\/v2\/users\/7"}],"replies":[{"embeddable":true,"href":"https:\/\/www.willi-graf-schulen.de\/realschule\/wp-json\/wp\/v2\/comments?post=4762"}],"version-history":[{"count":9,"href":"https:\/\/www.willi-graf-schulen.de\/realschule\/wp-json\/wp\/v2\/posts\/4762\/revisions"}],"predecessor-version":[{"id":4789,"href":"https:\/\/www.willi-graf-schulen.de\/realschule\/wp-json\/wp\/v2\/posts\/4762\/revisions\/4789"}],"wp:attachment":[{"href":"https:\/\/www.willi-graf-schulen.de\/realschule\/wp-json\/wp\/v2\/media?parent=4762"}],"wp:term":[{"taxonomy":"category","embeddable":true,"href":"https:\/\/www.willi-graf-schulen.de\/realschule\/wp-json\/wp\/v2\/categories?post=4762"},{"taxonomy":"post_tag","embeddable":true,"href":"https:\/\/www.willi-graf-schulen.de\/realschule\/wp-json\/wp\/v2\/tags?post=4762"}],"curies":[{"name":"wp","href":"https:\/\/api.w.org\/{rel}","templated":true}]}}