{"id":4965,"date":"2023-02-05T21:44:18","date_gmt":"2023-02-05T20:44:18","guid":{"rendered":"https:\/\/www.willi-graf-schulen.de\/realschule\/?p=4965"},"modified":"2023-03-09T10:36:09","modified_gmt":"2023-03-09T09:36:09","slug":"schulschach","status":"publish","type":"post","link":"https:\/\/www.willi-graf-schulen.de\/realschule\/schulschach\/","title":{"rendered":"Schach in der Schule"},"content":{"rendered":"\t\t<div data-elementor-type=\"wp-post\" data-elementor-id=\"4965\" class=\"elementor elementor-4965\" data-elementor-post-type=\"post\">\n\t\t\t\t\t\t<section class=\"elementor-section elementor-top-section elementor-element elementor-element-f4c9ad0 elementor-section-boxed elementor-section-height-default elementor-section-height-default\" data-id=\"f4c9ad0\" data-element_type=\"section\" data-e-type=\"section\" data-settings=\"{&quot;jet_parallax_layout_list&quot;:[]}\">\n\t\t\t\t\t\t<div class=\"elementor-container elementor-column-gap-default\">\n\t\t\t\t\t<div class=\"elementor-column elementor-col-100 elementor-top-column elementor-element elementor-element-8bc4206\" data-id=\"8bc4206\" data-element_type=\"column\" data-e-type=\"column\">\n\t\t\t<div class=\"elementor-widget-wrap elementor-element-populated\">\n\t\t\t\t\t\t<div class=\"elementor-element elementor-element-db7977f elementor-widget elementor-widget-text-editor\" data-id=\"db7977f\" data-element_type=\"widget\" data-e-type=\"widget\" data-widget_type=\"text-editor.default\">\n\t\t\t\t<div class=\"elementor-widget-container\">\n\t\t\t\t\t\t\t\t\t<h2 class=\"x_elementToProof x_ContentPasted0\">Schulschach: Saarlandpokal f\u00fcr Mannschaften <br \/>der Willi-Graf-Schulen<\/h2>\t\t\t\t\t\t\t\t<\/div>\n\t\t\t\t<\/div>\n\t\t\t\t\t<\/div>\n\t\t<\/div>\n\t\t\t\t\t<\/div>\n\t\t<\/section>\n\t\t\t\t<section class=\"elementor-section elementor-top-section elementor-element elementor-element-b293321 elementor-section-boxed elementor-section-height-default elementor-section-height-default\" data-id=\"b293321\" data-element_type=\"section\" data-e-type=\"section\" data-settings=\"{&quot;jet_parallax_layout_list&quot;:[]}\">\n\t\t\t\t\t\t<div class=\"elementor-container elementor-column-gap-default\">\n\t\t\t\t\t<div class=\"elementor-column elementor-col-100 elementor-top-column elementor-element elementor-element-7946dec\" data-id=\"7946dec\" data-element_type=\"column\" data-e-type=\"column\">\n\t\t\t<div class=\"elementor-widget-wrap elementor-element-populated\">\n\t\t\t\t\t\t<div class=\"elementor-element elementor-element-99292ec elementor-widget elementor-widget-text-editor\" data-id=\"99292ec\" data-element_type=\"widget\" data-e-type=\"widget\" data-widget_type=\"text-editor.default\">\n\t\t\t\t<div class=\"elementor-widget-container\">\n\t\t\t\t\t\t\t\t\t<div class=\"x_elementToProof\">Am 3. Februar fand in Ottweiler die diesj\u00e4hrige Schulschach &#8211; Meisterschaft statt. Die Willi-Graf-Schulen haben mit zwei\u00a0 Mannschaften mit gro\u00dfem Erfolg teilgenommen und sich f\u00fcr die Bundesschulschachmeisterschaft qualifiziert. Herzlichen Gl\u00fcckwunsch an die zwei Mannschaften:<\/div><div class=\"x_elementToProof\">Raphael Klein (8b), Felix R\u00fcckel (6a), Nathanael Wolf (7b) und Moritz Gasthalter (9a) (Wettkampfklasse III: Jahrg\u00e4nge 2008 und j\u00fcnger)<\/div><div>Julian Koch (5c), Keani Braun (6r2), Jasper W\u00f6lk (6r1) und Jan Schmidt (6r2) (Wettkampfklasse IV: 2010 und j\u00fcnger).<\/div><div class=\"x_elementToProof\">\u00a0<\/div>\t\t\t\t\t\t\t\t<\/div>\n\t\t\t\t<\/div>\n\t\t\t\t\t<\/div>\n\t\t<\/div>\n\t\t\t\t\t<\/div>\n\t\t<\/section>\n\t\t\t\t<section class=\"elementor-section elementor-top-section elementor-element elementor-element-6bc1e5f elementor-section-boxed elementor-section-height-default elementor-section-height-default\" data-id=\"6bc1e5f\" data-element_type=\"section\" data-e-type=\"section\" data-settings=\"{&quot;jet_parallax_layout_list&quot;:[]}\">\n\t\t\t\t\t\t<div class=\"elementor-container elementor-column-gap-default\">\n\t\t\t\t\t<div class=\"elementor-column elementor-col-50 elementor-top-column elementor-element elementor-element-69b40c6\" data-id=\"69b40c6\" data-element_type=\"column\" data-e-type=\"column\">\n\t\t\t<div class=\"elementor-widget-wrap elementor-element-populated\">\n\t\t\t\t\t\t<div class=\"elementor-element elementor-element-9aa30e9 elementor-widget elementor-widget-image\" data-id=\"9aa30e9\" data-element_type=\"widget\" data-e-type=\"widget\" data-widget_type=\"image.default\">\n\t\t\t\t<div class=\"elementor-widget-container\">\n\t\t\t\t\t\t\t\t\t\t\t\t\t\t\t<img fetchpriority=\"high\" decoding=\"async\" width=\"1024\" height=\"1024\" src=\"https:\/\/www.willi-graf-schulen.de\/realschule\/wp-content\/uploads\/sites\/4\/2023\/02\/20230203_183509-1024x1024.jpg\" class=\"attachment-large size-large wp-image-4966\" alt=\"\" srcset=\"https:\/\/www.willi-graf-schulen.de\/realschule\/wp-content\/uploads\/sites\/4\/2023\/02\/20230203_183509-1024x1024.jpg 1024w, https:\/\/www.willi-graf-schulen.de\/realschule\/wp-content\/uploads\/sites\/4\/2023\/02\/20230203_183509-300x300.jpg 300w, https:\/\/www.willi-graf-schulen.de\/realschule\/wp-content\/uploads\/sites\/4\/2023\/02\/20230203_183509-150x150.jpg 150w, https:\/\/www.willi-graf-schulen.de\/realschule\/wp-content\/uploads\/sites\/4\/2023\/02\/20230203_183509-768x768.jpg 768w, https:\/\/www.willi-graf-schulen.de\/realschule\/wp-content\/uploads\/sites\/4\/2023\/02\/20230203_183509-1536x1536.jpg 1536w, https:\/\/www.willi-graf-schulen.de\/realschule\/wp-content\/uploads\/sites\/4\/2023\/02\/20230203_183509-2048x2048.jpg 2048w, https:\/\/www.willi-graf-schulen.de\/realschule\/wp-content\/uploads\/sites\/4\/2023\/02\/20230203_183509-230x230.jpg 230w, https:\/\/www.willi-graf-schulen.de\/realschule\/wp-content\/uploads\/sites\/4\/2023\/02\/20230203_183509-400x400.jpg 400w, https:\/\/www.willi-graf-schulen.de\/realschule\/wp-content\/uploads\/sites\/4\/2023\/02\/20230203_183509-600x600.jpg 600w, https:\/\/www.willi-graf-schulen.de\/realschule\/wp-content\/uploads\/sites\/4\/2023\/02\/20230203_183509-640x640.jpg 640w\" sizes=\"(max-width: 1024px) 100vw, 1024px\" \/>\t\t\t\t\t\t\t\t\t\t\t\t\t\t\t<\/div>\n\t\t\t\t<\/div>\n\t\t\t\t\t<\/div>\n\t\t<\/div>\n\t\t\t\t<div class=\"elementor-column elementor-col-50 elementor-top-column elementor-element elementor-element-61b823d\" data-id=\"61b823d\" data-element_type=\"column\" data-e-type=\"column\">\n\t\t\t<div class=\"elementor-widget-wrap elementor-element-populated\">\n\t\t\t\t\t\t<div class=\"elementor-element elementor-element-9cd0547 elementor-widget elementor-widget-image\" data-id=\"9cd0547\" data-element_type=\"widget\" data-e-type=\"widget\" data-widget_type=\"image.default\">\n\t\t\t\t<div class=\"elementor-widget-container\">\n\t\t\t\t\t\t\t\t\t\t\t\t\t\t\t<img decoding=\"async\" width=\"1024\" height=\"1024\" src=\"https:\/\/www.willi-graf-schulen.de\/realschule\/wp-content\/uploads\/sites\/4\/2023\/02\/20230203_182847-1024x1024.jpg\" class=\"attachment-large size-large wp-image-4967\" alt=\"\" srcset=\"https:\/\/www.willi-graf-schulen.de\/realschule\/wp-content\/uploads\/sites\/4\/2023\/02\/20230203_182847-1024x1024.jpg 1024w, https:\/\/www.willi-graf-schulen.de\/realschule\/wp-content\/uploads\/sites\/4\/2023\/02\/20230203_182847-300x300.jpg 300w, https:\/\/www.willi-graf-schulen.de\/realschule\/wp-content\/uploads\/sites\/4\/2023\/02\/20230203_182847-150x150.jpg 150w, https:\/\/www.willi-graf-schulen.de\/realschule\/wp-content\/uploads\/sites\/4\/2023\/02\/20230203_182847-768x768.jpg 768w, https:\/\/www.willi-graf-schulen.de\/realschule\/wp-content\/uploads\/sites\/4\/2023\/02\/20230203_182847-1536x1536.jpg 1536w, https:\/\/www.willi-graf-schulen.de\/realschule\/wp-content\/uploads\/sites\/4\/2023\/02\/20230203_182847-2048x2048.jpg 2048w, https:\/\/www.willi-graf-schulen.de\/realschule\/wp-content\/uploads\/sites\/4\/2023\/02\/20230203_182847-230x230.jpg 230w, https:\/\/www.willi-graf-schulen.de\/realschule\/wp-content\/uploads\/sites\/4\/2023\/02\/20230203_182847-400x400.jpg 400w, https:\/\/www.willi-graf-schulen.de\/realschule\/wp-content\/uploads\/sites\/4\/2023\/02\/20230203_182847-600x600.jpg 600w, https:\/\/www.willi-graf-schulen.de\/realschule\/wp-content\/uploads\/sites\/4\/2023\/02\/20230203_182847-640x640.jpg 640w\" sizes=\"(max-width: 1024px) 100vw, 1024px\" \/>\t\t\t\t\t\t\t\t\t\t\t\t\t\t\t<\/div>\n\t\t\t\t<\/div>\n\t\t\t\t\t<\/div>\n\t\t<\/div>\n\t\t\t\t\t<\/div>\n\t\t<\/section>\n\t\t\t\t<section class=\"elementor-section elementor-top-section elementor-element elementor-element-67df38f elementor-section-boxed elementor-section-height-default elementor-section-height-default\" data-id=\"67df38f\" data-element_type=\"section\" data-e-type=\"section\" data-settings=\"{&quot;jet_parallax_layout_list&quot;:[]}\">\n\t\t\t\t\t\t<div class=\"elementor-container elementor-column-gap-default\">\n\t\t\t\t\t<div class=\"elementor-column elementor-col-50 elementor-top-column elementor-element elementor-element-e2ce466\" data-id=\"e2ce466\" data-element_type=\"column\" data-e-type=\"column\">\n\t\t\t<div class=\"elementor-widget-wrap elementor-element-populated\">\n\t\t\t\t\t\t<div class=\"elementor-element elementor-element-19b80fe elementor-widget elementor-widget-text-editor\" data-id=\"19b80fe\" data-element_type=\"widget\" data-e-type=\"widget\" data-widget_type=\"text-editor.default\">\n\t\t\t\t<div class=\"elementor-widget-container\">\n\t\t\t\t\t\t\t\t\t<h6>Julian Koch (5c),\u00a0Jasper W\u00f6lk (6r1),\u00a0Keani Braun (6r2), \u00a0und Jan Schmidt (6r2)<\/h6>\t\t\t\t\t\t\t\t<\/div>\n\t\t\t\t<\/div>\n\t\t\t\t\t<\/div>\n\t\t<\/div>\n\t\t\t\t<div class=\"elementor-column elementor-col-50 elementor-top-column elementor-element elementor-element-ae1152f\" data-id=\"ae1152f\" data-element_type=\"column\" data-e-type=\"column\">\n\t\t\t<div class=\"elementor-widget-wrap elementor-element-populated\">\n\t\t\t\t\t\t<div class=\"elementor-element elementor-element-ca7bab9 elementor-widget elementor-widget-text-editor\" data-id=\"ca7bab9\" data-element_type=\"widget\" data-e-type=\"widget\" data-widget_type=\"text-editor.default\">\n\t\t\t\t<div class=\"elementor-widget-container\">\n\t\t\t\t\t\t\t\t\t<h6>Felix R\u00fcckel (6a), Nathanael Wolf (7b),\u00a0Raphael Klein (8b) und\u00a0Moritz Gasthalter (9a)<\/h6>\t\t\t\t\t\t\t\t<\/div>\n\t\t\t\t<\/div>\n\t\t\t\t\t<\/div>\n\t\t<\/div>\n\t\t\t\t\t<\/div>\n\t\t<\/section>\n\t\t\t\t<\/div>\n\t\t","protected":false},"excerpt":{"rendered":"<p>Schulschach: Saarlandpokal f\u00fcr Mannschaften der Willi-Graf-Schulen Am 3. Februar fand in Ottweiler die diesj\u00e4hrige Schulschachmeisterschaft statt. Die Willi-Graf-Schulen haben mit zwei&nbsp; Mannschaften mit gro\u00dfem Erfolg teilgenommen und sich f\u00fcr die Bundesschulschachmeisterschaft qualifiziert. Herzlichen Gl\u00fcckwunsch an die zwei Mannschaften:Raphael Klein (8b), Felix R\u00fcckel (6a), Nathanael Wolf (7b) und Moritz Gasthalter (9a) (Wettkampfklasse III: Jahrg\u00e4nge 2008 und [&hellip;]<\/p>\n","protected":false},"author":7,"featured_media":0,"comment_status":"open","ping_status":"open","sticky":false,"template":"","format":"standard","meta":{"footnotes":""},"categories":[6],"tags":[],"class_list":["post-4965","post","type-post","status-publish","format-standard","hentry","category-aktuelles"],"_links":{"self":[{"href":"https:\/\/www.willi-graf-schulen.de\/realschule\/wp-json\/wp\/v2\/posts\/4965","targetHints":{"allow":["GET"]}}],"collection":[{"href":"https:\/\/www.willi-graf-schulen.de\/realschule\/wp-json\/wp\/v2\/posts"}],"about":[{"href":"https:\/\/www.willi-graf-schulen.de\/realschule\/wp-json\/wp\/v2\/types\/post"}],"author":[{"embeddable":true,"href":"https:\/\/www.willi-graf-schulen.de\/realschule\/wp-json\/wp\/v2\/users\/7"}],"replies":[{"embeddable":true,"href":"https:\/\/www.willi-graf-schulen.de\/realschule\/wp-json\/wp\/v2\/comments?post=4965"}],"version-history":[{"count":10,"href":"https:\/\/www.willi-graf-schulen.de\/realschule\/wp-json\/wp\/v2\/posts\/4965\/revisions"}],"predecessor-version":[{"id":5216,"href":"https:\/\/www.willi-graf-schulen.de\/realschule\/wp-json\/wp\/v2\/posts\/4965\/revisions\/5216"}],"wp:attachment":[{"href":"https:\/\/www.willi-graf-schulen.de\/realschule\/wp-json\/wp\/v2\/media?parent=4965"}],"wp:term":[{"taxonomy":"category","embeddable":true,"href":"https:\/\/www.willi-graf-schulen.de\/realschule\/wp-json\/wp\/v2\/categories?post=4965"},{"taxonomy":"post_tag","embeddable":true,"href":"https:\/\/www.willi-graf-schulen.de\/realschule\/wp-json\/wp\/v2\/tags?post=4965"}],"curies":[{"name":"wp","href":"https:\/\/api.w.org\/{rel}","templated":true}]}}