{"id":5089,"date":"2023-02-01T08:41:36","date_gmt":"2023-02-01T07:41:36","guid":{"rendered":"https:\/\/www.willi-graf-schulen.de\/realschule\/?p=5089"},"modified":"2023-02-18T08:47:43","modified_gmt":"2023-02-18T07:47:43","slug":"holocaust-gedenktag","status":"publish","type":"post","link":"https:\/\/www.willi-graf-schulen.de\/realschule\/holocaust-gedenktag\/","title":{"rendered":"Holocaust Gedenktag"},"content":{"rendered":"\t\t<div data-elementor-type=\"wp-post\" data-elementor-id=\"5089\" class=\"elementor elementor-5089\" data-elementor-post-type=\"post\">\n\t\t\t\t\t\t<section class=\"elementor-section elementor-top-section elementor-element elementor-element-b4cda93 elementor-section-boxed elementor-section-height-default elementor-section-height-default\" data-id=\"b4cda93\" data-element_type=\"section\" data-e-type=\"section\" data-settings=\"{&quot;jet_parallax_layout_list&quot;:[]}\">\n\t\t\t\t\t\t<div class=\"elementor-container elementor-column-gap-default\">\n\t\t\t\t\t<div class=\"elementor-column elementor-col-100 elementor-top-column elementor-element elementor-element-1a276e3\" data-id=\"1a276e3\" data-element_type=\"column\" data-e-type=\"column\">\n\t\t\t<div class=\"elementor-widget-wrap elementor-element-populated\">\n\t\t\t\t\t\t<div class=\"elementor-element elementor-element-0679249 elementor-widget elementor-widget-text-editor\" data-id=\"0679249\" data-element_type=\"widget\" data-e-type=\"widget\" data-widget_type=\"text-editor.default\">\n\t\t\t\t<div class=\"elementor-widget-container\">\n\t\t\t\t\t\t\t\t\t<p><b>Gedenktag mit St\u00f6r-Elementen<br \/><\/b>24-Stunden-Lesung mit Klanginstallation in Saarbr\u00fccker Jugendkirche<\/p><p><b>Saarbr\u00fccken<\/b> \u2013 Ein Stimmengewirr dr\u00e4ngt aus den T\u00fcren der Jugendkirche eli.ja in Saarbr\u00fccken. Im Inneren ist es noch lauter. Der Kirchenraum ist mit roten Strahlern erleuchtet. Vor der Altarinsel steht ein Bildschirm, auf dem sechsstellige Nummern laufen. Vier Tische sind im Kirchenraum verteilt, an denen einige Sch\u00fclerinnen und Sch\u00fcler der Willi-Graf-Schulen sitzen und laut vorlesen. \u00dcber 100 von ihnen sind am Vormittag des 27. Januars in die Kirche gekommen, um die<b> \u201eKlangstele. Gesang vom Zyklon B. F\u00fcr das H\u00f6ren \u2013 Gegen das Aufh\u00f6ren\u201c<\/b> zu h\u00f6ren oder selbst mitzuwirken. <a href=\"https:\/\/www.willi-graf-schulen.de\/realschule\/wp-content\/uploads\/sites\/4\/2023\/02\/Holocaust-Gedenken-elija_cl_HR.pdf\" target=\"_blank\" rel=\"noopener\">Lesen Sie hier weiter&#8230;.<\/a><\/p>\t\t\t\t\t\t\t\t<\/div>\n\t\t\t\t<\/div>\n\t\t\t\t\t<\/div>\n\t\t<\/div>\n\t\t\t\t\t<\/div>\n\t\t<\/section>\n\t\t\t\t<section class=\"elementor-section elementor-top-section elementor-element elementor-element-b3648a4 elementor-section-boxed elementor-section-height-default elementor-section-height-default\" data-id=\"b3648a4\" data-element_type=\"section\" data-e-type=\"section\" data-settings=\"{&quot;jet_parallax_layout_list&quot;:[]}\">\n\t\t\t\t\t\t<div class=\"elementor-container elementor-column-gap-default\">\n\t\t\t\t\t<div class=\"elementor-column elementor-col-100 elementor-top-column elementor-element elementor-element-3c49d69\" data-id=\"3c49d69\" data-element_type=\"column\" data-e-type=\"column\">\n\t\t\t<div class=\"elementor-widget-wrap elementor-element-populated\">\n\t\t\t\t\t\t<div class=\"elementor-element elementor-element-65cdf54 elementor-widget elementor-widget-gallery\" data-id=\"65cdf54\" data-element_type=\"widget\" data-e-type=\"widget\" data-settings=\"{&quot;lazyload&quot;:&quot;yes&quot;,&quot;gallery_layout&quot;:&quot;grid&quot;,&quot;columns&quot;:4,&quot;columns_tablet&quot;:2,&quot;columns_mobile&quot;:1,&quot;gap&quot;:{&quot;unit&quot;:&quot;px&quot;,&quot;size&quot;:10,&quot;sizes&quot;:[]},&quot;gap_tablet&quot;:{&quot;unit&quot;:&quot;px&quot;,&quot;size&quot;:10,&quot;sizes&quot;:[]},&quot;gap_mobile&quot;:{&quot;unit&quot;:&quot;px&quot;,&quot;size&quot;:10,&quot;sizes&quot;:[]},&quot;link_to&quot;:&quot;file&quot;,&quot;aspect_ratio&quot;:&quot;3:2&quot;,&quot;overlay_background&quot;:&quot;yes&quot;,&quot;content_hover_animation&quot;:&quot;fade-in&quot;}\" data-widget_type=\"gallery.default\">\n\t\t\t\t<div class=\"elementor-widget-container\">\n\t\t\t\t\t\t\t<div class=\"elementor-gallery__container\">\n\t\t\t\t\t\t\t<a class=\"e-gallery-item elementor-gallery-item elementor-animated-content\" href=\"https:\/\/www.willi-graf-schulen.de\/realschule\/wp-content\/uploads\/sites\/4\/2023\/02\/Holocaust-Gedenken_Elija-2-Bernd-Schuetz-Katja-Goebel_Galerie.jpg\" data-elementor-open-lightbox=\"yes\" data-elementor-lightbox-slideshow=\"65cdf54\" data-elementor-lightbox-title=\"Holocaust-Gedenken_Elija-2 Bernd Sch\u00fctz, Katja G\u00f6bel_Galerie\" data-e-action-hash=\"#elementor-action%3Aaction%3Dlightbox%26settings%3DeyJpZCI6NTA5NiwidXJsIjoiaHR0cHM6XC9cL3d3dy53aWxsaS1ncmFmLXNjaHVsZW4uZGVcL3JlYWxzY2h1bGVcL3dwLWNvbnRlbnRcL3VwbG9hZHNcL3NpdGVzXC80XC8yMDIzXC8wMlwvSG9sb2NhdXN0LUdlZGVua2VuX0VsaWphLTItQmVybmQtU2NodWV0ei1LYXRqYS1Hb2ViZWxfR2FsZXJpZS5qcGciLCJzbGlkZXNob3ciOiI2NWNkZjU0In0%3D\">\n\t\t\t\t\t<div class=\"e-gallery-image elementor-gallery-item__image\" data-thumbnail=\"https:\/\/www.willi-graf-schulen.de\/realschule\/wp-content\/uploads\/sites\/4\/2023\/02\/Holocaust-Gedenken_Elija-2-Bernd-Schuetz-Katja-Goebel_Galerie-300x225.jpg\" data-width=\"300\" data-height=\"225\" aria-label=\"\" role=\"img\" ><\/div>\n\t\t\t\t\t\t\t\t\t\t\t<div class=\"elementor-gallery-item__overlay\"><\/div>\n\t\t\t\t\t\t\t\t\t\t\t\t\t\t<\/a>\n\t\t\t\t\t\t\t<a class=\"e-gallery-item elementor-gallery-item elementor-animated-content\" href=\"https:\/\/www.willi-graf-schulen.de\/realschule\/wp-content\/uploads\/sites\/4\/2023\/02\/Holocaust-Gedenken_Elija_cl.-Charlotte-Kohler_Galerie.jpg\" data-elementor-open-lightbox=\"yes\" data-elementor-lightbox-slideshow=\"65cdf54\" data-elementor-lightbox-title=\"Holocaust-Gedenktag 2023 in Eli.ja\" data-e-action-hash=\"#elementor-action%3Aaction%3Dlightbox%26settings%3DeyJpZCI6NTA5NywidXJsIjoiaHR0cHM6XC9cL3d3dy53aWxsaS1ncmFmLXNjaHVsZW4uZGVcL3JlYWxzY2h1bGVcL3dwLWNvbnRlbnRcL3VwbG9hZHNcL3NpdGVzXC80XC8yMDIzXC8wMlwvSG9sb2NhdXN0LUdlZGVua2VuX0VsaWphX2NsLi1DaGFybG90dGUtS29obGVyX0dhbGVyaWUuanBnIiwic2xpZGVzaG93IjoiNjVjZGY1NCJ9\">\n\t\t\t\t\t<div class=\"e-gallery-image elementor-gallery-item__image\" data-thumbnail=\"https:\/\/www.willi-graf-schulen.de\/realschule\/wp-content\/uploads\/sites\/4\/2023\/02\/Holocaust-Gedenken_Elija_cl.-Charlotte-Kohler_Galerie-300x225.jpg\" data-width=\"300\" data-height=\"225\" aria-label=\"\" role=\"img\" ><\/div>\n\t\t\t\t\t\t\t\t\t\t\t<div class=\"elementor-gallery-item__overlay\"><\/div>\n\t\t\t\t\t\t\t\t\t\t\t\t\t\t<\/a>\n\t\t\t\t\t\t\t<a class=\"e-gallery-item elementor-gallery-item elementor-animated-content\" href=\"https:\/\/www.willi-graf-schulen.de\/realschule\/wp-content\/uploads\/sites\/4\/2023\/02\/Holocaust-Gedenken-2023.01.27.-02.jpg\" data-elementor-open-lightbox=\"yes\" data-elementor-lightbox-slideshow=\"65cdf54\" data-elementor-lightbox-title=\"Holocaust-Gedenken 2023.01.27. 02\" data-e-action-hash=\"#elementor-action%3Aaction%3Dlightbox%26settings%3DeyJpZCI6NTA5OSwidXJsIjoiaHR0cHM6XC9cL3d3dy53aWxsaS1ncmFmLXNjaHVsZW4uZGVcL3JlYWxzY2h1bGVcL3dwLWNvbnRlbnRcL3VwbG9hZHNcL3NpdGVzXC80XC8yMDIzXC8wMlwvSG9sb2NhdXN0LUdlZGVua2VuLTIwMjMuMDEuMjcuLTAyLmpwZyIsInNsaWRlc2hvdyI6IjY1Y2RmNTQifQ%3D%3D\">\n\t\t\t\t\t<div class=\"e-gallery-image elementor-gallery-item__image\" data-thumbnail=\"https:\/\/www.willi-graf-schulen.de\/realschule\/wp-content\/uploads\/sites\/4\/2023\/02\/Holocaust-Gedenken-2023.01.27.-02-300x225.jpg\" data-width=\"300\" data-height=\"225\" aria-label=\"\" role=\"img\" ><\/div>\n\t\t\t\t\t\t\t\t\t\t\t<div class=\"elementor-gallery-item__overlay\"><\/div>\n\t\t\t\t\t\t\t\t\t\t\t\t\t\t<\/a>\n\t\t\t\t\t\t\t<a class=\"e-gallery-item elementor-gallery-item elementor-animated-content\" href=\"https:\/\/www.willi-graf-schulen.de\/realschule\/wp-content\/uploads\/sites\/4\/2023\/02\/Holocaust-Gedenken-2023.01.27.-01.jpg\" data-elementor-open-lightbox=\"yes\" data-elementor-lightbox-slideshow=\"65cdf54\" data-elementor-lightbox-title=\"Holocaust-Gedenken 2023.01.27. 01\" data-e-action-hash=\"#elementor-action%3Aaction%3Dlightbox%26settings%3DeyJpZCI6NTEwMCwidXJsIjoiaHR0cHM6XC9cL3d3dy53aWxsaS1ncmFmLXNjaHVsZW4uZGVcL3JlYWxzY2h1bGVcL3dwLWNvbnRlbnRcL3VwbG9hZHNcL3NpdGVzXC80XC8yMDIzXC8wMlwvSG9sb2NhdXN0LUdlZGVua2VuLTIwMjMuMDEuMjcuLTAxLmpwZyIsInNsaWRlc2hvdyI6IjY1Y2RmNTQifQ%3D%3D\">\n\t\t\t\t\t<div class=\"e-gallery-image elementor-gallery-item__image\" data-thumbnail=\"https:\/\/www.willi-graf-schulen.de\/realschule\/wp-content\/uploads\/sites\/4\/2023\/02\/Holocaust-Gedenken-2023.01.27.-01-300x225.jpg\" data-width=\"300\" data-height=\"225\" aria-label=\"\" role=\"img\" ><\/div>\n\t\t\t\t\t\t\t\t\t\t\t<div class=\"elementor-gallery-item__overlay\"><\/div>\n\t\t\t\t\t\t\t\t\t\t\t\t\t\t<\/a>\n\t\t\t\t\t<\/div>\n\t\t\t\t\t<\/div>\n\t\t\t\t<\/div>\n\t\t\t\t\t<\/div>\n\t\t<\/div>\n\t\t\t\t\t<\/div>\n\t\t<\/section>\n\t\t\t\t<\/div>\n\t\t","protected":false},"excerpt":{"rendered":"<p>Gedenktag mit St\u00f6r-Elementen 24-Stunden-Lesung mit Klanginstallation in Saarbr\u00fccker Jugendkirche Saarbr\u00fccken \u2013 Ein Stimmengewirr dr\u00e4ngt aus den T\u00fcren der Jugendkirche eli.ja in Saarbr\u00fccken. Im Inneren ist es noch lauter. Der Kirchenraum ist mit roten Strahlern erleuchtet. Vor der Altarinsel steht ein Bildschirm, auf dem sechsstellige Nummern laufen. Vier Tische sind im Kirchenraum verteilt, an denen einige [&hellip;]<\/p>\n","protected":false},"author":7,"featured_media":5100,"comment_status":"open","ping_status":"open","sticky":false,"template":"","format":"standard","meta":{"footnotes":""},"categories":[6],"tags":[],"class_list":["post-5089","post","type-post","status-publish","format-standard","has-post-thumbnail","hentry","category-aktuelles"],"_links":{"self":[{"href":"https:\/\/www.willi-graf-schulen.de\/realschule\/wp-json\/wp\/v2\/posts\/5089","targetHints":{"allow":["GET"]}}],"collection":[{"href":"https:\/\/www.willi-graf-schulen.de\/realschule\/wp-json\/wp\/v2\/posts"}],"about":[{"href":"https:\/\/www.willi-graf-schulen.de\/realschule\/wp-json\/wp\/v2\/types\/post"}],"author":[{"embeddable":true,"href":"https:\/\/www.willi-graf-schulen.de\/realschule\/wp-json\/wp\/v2\/users\/7"}],"replies":[{"embeddable":true,"href":"https:\/\/www.willi-graf-schulen.de\/realschule\/wp-json\/wp\/v2\/comments?post=5089"}],"version-history":[{"count":6,"href":"https:\/\/www.willi-graf-schulen.de\/realschule\/wp-json\/wp\/v2\/posts\/5089\/revisions"}],"predecessor-version":[{"id":5105,"href":"https:\/\/www.willi-graf-schulen.de\/realschule\/wp-json\/wp\/v2\/posts\/5089\/revisions\/5105"}],"wp:featuredmedia":[{"embeddable":true,"href":"https:\/\/www.willi-graf-schulen.de\/realschule\/wp-json\/wp\/v2\/media\/5100"}],"wp:attachment":[{"href":"https:\/\/www.willi-graf-schulen.de\/realschule\/wp-json\/wp\/v2\/media?parent=5089"}],"wp:term":[{"taxonomy":"category","embeddable":true,"href":"https:\/\/www.willi-graf-schulen.de\/realschule\/wp-json\/wp\/v2\/categories?post=5089"},{"taxonomy":"post_tag","embeddable":true,"href":"https:\/\/www.willi-graf-schulen.de\/realschule\/wp-json\/wp\/v2\/tags?post=5089"}],"curies":[{"name":"wp","href":"https:\/\/api.w.org\/{rel}","templated":true}]}}