{"id":5106,"date":"2023-03-02T12:00:47","date_gmt":"2023-03-02T11:00:47","guid":{"rendered":"https:\/\/www.willi-graf-schulen.de\/realschule\/?p=5106"},"modified":"2023-03-03T09:21:32","modified_gmt":"2023-03-03T08:21:32","slug":"wgs-bigband","status":"publish","type":"post","link":"https:\/\/www.willi-graf-schulen.de\/realschule\/wgs-bigband\/","title":{"rendered":"WGS Bigband"},"content":{"rendered":"\t\t<div data-elementor-type=\"wp-post\" data-elementor-id=\"5106\" class=\"elementor elementor-5106\" data-elementor-post-type=\"post\">\n\t\t\t\t\t\t<section class=\"elementor-section elementor-top-section elementor-element elementor-element-f262315 elementor-section-boxed elementor-section-height-default elementor-section-height-default\" data-id=\"f262315\" data-element_type=\"section\" data-e-type=\"section\" data-settings=\"{&quot;jet_parallax_layout_list&quot;:[]}\">\n\t\t\t\t\t\t<div class=\"elementor-container elementor-column-gap-default\">\n\t\t\t\t\t<div class=\"elementor-column elementor-col-100 elementor-top-column elementor-element elementor-element-8837fb6\" data-id=\"8837fb6\" data-element_type=\"column\" data-e-type=\"column\">\n\t\t\t<div class=\"elementor-widget-wrap elementor-element-populated\">\n\t\t\t\t\t\t<div class=\"elementor-element elementor-element-33b9488 elementor-widget elementor-widget-text-editor\" data-id=\"33b9488\" data-element_type=\"widget\" data-e-type=\"widget\" data-widget_type=\"text-editor.default\">\n\t\t\t\t<div class=\"elementor-widget-container\">\n\t\t\t\t\t\t\t\t\t<h3>Die WGS Bigband zu Gast bei der SWR Bigband in Stuttgart<\/h3><p>Nach einer Bewerbung f\u00fcr das Projekt live@school der SWR Big Band im Sommer 2022, wurde die Bigband der Willi-Graf Schulen zu einem Workshop im Aufnahmestudio der SWR Bigband in Stuttgart am Donnerstag, dem 16.2.2023 eingeladen.<\/p><p>Unter professionellen Bedingungen nahmen wir Musiktitel im SWR-Tonstudio auf. Mit dabei war Herr Felice Civitareale, Trompeter der SWR Bigband, unter dessen Leitung wir drei vorbereitete Songs aufnahmen.<\/p><p>Am Donnerstagmorgen sind wir mit dem Zug nach Stuttgart gefahren. Viele Instrumente und manche Gep\u00e4ckst\u00fccke wurden zum Gl\u00fcck von zwei hilfsbereiten Eltern mit dem Auto zum Studio gefahren.<\/p><p>Zus\u00e4tzlich zu den Instrumentalisten der WGS Big Band und unserem Dirigenten Herrn Clemens haben uns auch unser ehemaliger Musiklehrer Herr Morgen (welcher uns am Klavier unterst\u00fctzte), und unsere ehemalige Musiklehrerin, Frau M\u00fcller, begleitet.<\/p><p>Nach der Ankunft ging es auch schon los. Obwohl unser Dozent, Herr Civitareale nicht immer ganz leicht mit uns umgegangen ist, woraufhin unsere Motivation teilweise ein wenig gesunken war, haben wir den vierst\u00fcndigen Workshop und die Aufnahmen erfolgreich abgeschlossen.\u00a0<\/p><p>Auch wenn die Aufnahmen etwas anstrengend waren, waren alle mit dem Ergebnis, welches uns dann auch schon w\u00e4hrend der R\u00fcckfahrt nach Saarbr\u00fccken fertig geschnitten und bearbeitet zugeschickt wurde, sehr zufrieden.<\/p><p>Nach der Aufnahme haben wir den Tag mit einem gemeinsamen Besuch in der Pizzeria und einem entspannten Abend mit Billard und Tischkicker in der Jugendherberge ausklingen lassen.<\/p><p>Am n\u00e4chsten Tag sind wir zusammen in den wundersch\u00f6nen Zoologischen Garten von Stuttgart, die Wilhelma, gegangen. Neben allerlei Land-, Luft- und Wassertieren finden sich dort auch Blumen, Kakteen und sch\u00f6n dekorierte Wege, Wiesen und Gew\u00e4chsh\u00e4user. Aufgrund der Gr\u00f6\u00dfe des Zoos konnte keine der 3-6 Personen gro\u00dfen Kleingruppen alles sehen, aber egal wo man war, man hatte immer viel Spa\u00df.<\/p><p>Nach einem kurzen Aufenthalt in der Stadt, bei dem man nochmal etwas mehr von Stuttgart sehen und sich in Kleingruppen frei bewegen konnte, haben wir auch schon den R\u00fccktritt angetreten. F\u00fcr alle Beteiligten war es eine gro\u00dfartige Erfahrung, bei einer professionellen Aufnahme mitwirken zu k\u00f6nnen.<span class=\"Apple-converted-space\">\u00a0<\/span><\/p><p>Wenn wir nochmal so ein Angebot bek\u00e4men, w\u00fcrden wir nicht z\u00f6gern, es wieder anzunehmen.\u00a0<\/p><p>Wir bedanken uns ganz herzlich bei Herrn Clemens f\u00fcr die Organisation dieser tollen Fahrt, und bei Frau Landmann und Frau Jung f\u00fcr die tolle Unterst\u00fctzung beim Transport unserer Instrumente.<\/p><p>(Linus Muselkamp, 10a)<\/p>\t\t\t\t\t\t\t\t<\/div>\n\t\t\t\t<\/div>\n\t\t\t\t\t<\/div>\n\t\t<\/div>\n\t\t\t\t\t<\/div>\n\t\t<\/section>\n\t\t\t\t<section class=\"elementor-section elementor-top-section elementor-element elementor-element-80dc5f0 elementor-section-boxed elementor-section-height-default elementor-section-height-default\" data-id=\"80dc5f0\" data-element_type=\"section\" data-e-type=\"section\" data-settings=\"{&quot;jet_parallax_layout_list&quot;:[]}\">\n\t\t\t\t\t\t<div class=\"elementor-container elementor-column-gap-default\">\n\t\t\t\t\t<div class=\"elementor-column elementor-col-100 elementor-top-column elementor-element elementor-element-dffb673\" data-id=\"dffb673\" data-element_type=\"column\" data-e-type=\"column\">\n\t\t\t<div class=\"elementor-widget-wrap elementor-element-populated\">\n\t\t\t\t\t\t<div class=\"elementor-element elementor-element-3c1798d elementor-widget elementor-widget-gallery\" data-id=\"3c1798d\" data-element_type=\"widget\" data-e-type=\"widget\" data-settings=\"{&quot;gallery_layout&quot;:&quot;masonry&quot;,&quot;columns&quot;:&quot;3&quot;,&quot;lazyload&quot;:&quot;yes&quot;,&quot;columns_tablet&quot;:2,&quot;columns_mobile&quot;:1,&quot;gap&quot;:{&quot;unit&quot;:&quot;px&quot;,&quot;size&quot;:10,&quot;sizes&quot;:[]},&quot;gap_tablet&quot;:{&quot;unit&quot;:&quot;px&quot;,&quot;size&quot;:10,&quot;sizes&quot;:[]},&quot;gap_mobile&quot;:{&quot;unit&quot;:&quot;px&quot;,&quot;size&quot;:10,&quot;sizes&quot;:[]},&quot;link_to&quot;:&quot;file&quot;,&quot;overlay_background&quot;:&quot;yes&quot;,&quot;content_hover_animation&quot;:&quot;fade-in&quot;}\" data-widget_type=\"gallery.default\">\n\t\t\t\t<div class=\"elementor-widget-container\">\n\t\t\t\t\t\t\t<div class=\"elementor-gallery__container\">\n\t\t\t\t\t\t\t<a class=\"e-gallery-item elementor-gallery-item elementor-animated-content\" href=\"https:\/\/www.willi-graf-schulen.de\/realschule\/wp-content\/uploads\/sites\/4\/2023\/03\/20230216_081038-scaled.jpg\" data-elementor-open-lightbox=\"yes\" data-elementor-lightbox-slideshow=\"3c1798d\" data-elementor-lightbox-title=\"20230216_081038\" data-e-action-hash=\"#elementor-action%3Aaction%3Dlightbox%26settings%3DeyJpZCI6NTExNiwidXJsIjoiaHR0cHM6XC9cL3d3dy53aWxsaS1ncmFmLXNjaHVsZW4uZGVcL3JlYWxzY2h1bGVcL3dwLWNvbnRlbnRcL3VwbG9hZHNcL3NpdGVzXC80XC8yMDIzXC8wM1wvMjAyMzAyMTZfMDgxMDM4LXNjYWxlZC5qcGciLCJzbGlkZXNob3ciOiIzYzE3OThkIn0%3D\">\n\t\t\t\t\t<div class=\"e-gallery-image elementor-gallery-item__image\" data-thumbnail=\"https:\/\/www.willi-graf-schulen.de\/realschule\/wp-content\/uploads\/sites\/4\/2023\/03\/20230216_081038-300x225.jpg\" data-width=\"300\" data-height=\"225\" aria-label=\"\" role=\"img\" ><\/div>\n\t\t\t\t\t\t\t\t\t\t\t<div class=\"elementor-gallery-item__overlay\"><\/div>\n\t\t\t\t\t\t\t\t\t\t\t\t\t\t<\/a>\n\t\t\t\t\t\t\t<a class=\"e-gallery-item elementor-gallery-item elementor-animated-content\" href=\"https:\/\/www.willi-graf-schulen.de\/realschule\/wp-content\/uploads\/sites\/4\/2023\/03\/BigBandStuttgart-19.jpg\" data-elementor-open-lightbox=\"yes\" data-elementor-lightbox-slideshow=\"3c1798d\" data-elementor-lightbox-title=\"BigBandStuttgart-19\" data-e-action-hash=\"#elementor-action%3Aaction%3Dlightbox%26settings%3DeyJpZCI6NTExNSwidXJsIjoiaHR0cHM6XC9cL3d3dy53aWxsaS1ncmFmLXNjaHVsZW4uZGVcL3JlYWxzY2h1bGVcL3dwLWNvbnRlbnRcL3VwbG9hZHNcL3NpdGVzXC80XC8yMDIzXC8wM1wvQmlnQmFuZFN0dXR0Z2FydC0xOS5qcGciLCJzbGlkZXNob3ciOiIzYzE3OThkIn0%3D\">\n\t\t\t\t\t<div class=\"e-gallery-image elementor-gallery-item__image\" data-thumbnail=\"https:\/\/www.willi-graf-schulen.de\/realschule\/wp-content\/uploads\/sites\/4\/2023\/03\/BigBandStuttgart-19-225x300.jpg\" data-width=\"225\" data-height=\"300\" aria-label=\"\" role=\"img\" ><\/div>\n\t\t\t\t\t\t\t\t\t\t\t<div class=\"elementor-gallery-item__overlay\"><\/div>\n\t\t\t\t\t\t\t\t\t\t\t\t\t\t<\/a>\n\t\t\t\t\t\t\t<a class=\"e-gallery-item elementor-gallery-item elementor-animated-content\" href=\"https:\/\/www.willi-graf-schulen.de\/realschule\/wp-content\/uploads\/sites\/4\/2023\/03\/BigBandStuttgart-10.jpg\" data-elementor-open-lightbox=\"yes\" data-elementor-lightbox-slideshow=\"3c1798d\" data-elementor-lightbox-title=\"BigBandStuttgart-10\" data-e-action-hash=\"#elementor-action%3Aaction%3Dlightbox%26settings%3DeyJpZCI6NTExNCwidXJsIjoiaHR0cHM6XC9cL3d3dy53aWxsaS1ncmFmLXNjaHVsZW4uZGVcL3JlYWxzY2h1bGVcL3dwLWNvbnRlbnRcL3VwbG9hZHNcL3NpdGVzXC80XC8yMDIzXC8wM1wvQmlnQmFuZFN0dXR0Z2FydC0xMC5qcGciLCJzbGlkZXNob3ciOiIzYzE3OThkIn0%3D\">\n\t\t\t\t\t<div class=\"e-gallery-image elementor-gallery-item__image\" data-thumbnail=\"https:\/\/www.willi-graf-schulen.de\/realschule\/wp-content\/uploads\/sites\/4\/2023\/03\/BigBandStuttgart-10-300x225.jpg\" data-width=\"300\" data-height=\"225\" aria-label=\"\" role=\"img\" ><\/div>\n\t\t\t\t\t\t\t\t\t\t\t<div class=\"elementor-gallery-item__overlay\"><\/div>\n\t\t\t\t\t\t\t\t\t\t\t\t\t\t<\/a>\n\t\t\t\t\t\t\t<a class=\"e-gallery-item elementor-gallery-item elementor-animated-content\" href=\"https:\/\/www.willi-graf-schulen.de\/realschule\/wp-content\/uploads\/sites\/4\/2023\/03\/BigBandStuttgart-05.jpg\" data-elementor-open-lightbox=\"yes\" data-elementor-lightbox-slideshow=\"3c1798d\" data-elementor-lightbox-title=\"BigBandStuttgart-05\" data-e-action-hash=\"#elementor-action%3Aaction%3Dlightbox%26settings%3DeyJpZCI6NTExMywidXJsIjoiaHR0cHM6XC9cL3d3dy53aWxsaS1ncmFmLXNjaHVsZW4uZGVcL3JlYWxzY2h1bGVcL3dwLWNvbnRlbnRcL3VwbG9hZHNcL3NpdGVzXC80XC8yMDIzXC8wM1wvQmlnQmFuZFN0dXR0Z2FydC0wNS5qcGciLCJzbGlkZXNob3ciOiIzYzE3OThkIn0%3D\">\n\t\t\t\t\t<div class=\"e-gallery-image elementor-gallery-item__image\" data-thumbnail=\"https:\/\/www.willi-graf-schulen.de\/realschule\/wp-content\/uploads\/sites\/4\/2023\/03\/BigBandStuttgart-05-300x136.jpg\" data-width=\"300\" data-height=\"136\" aria-label=\"\" role=\"img\" ><\/div>\n\t\t\t\t\t\t\t\t\t\t\t<div class=\"elementor-gallery-item__overlay\"><\/div>\n\t\t\t\t\t\t\t\t\t\t\t\t\t\t<\/a>\n\t\t\t\t\t\t\t<a class=\"e-gallery-item elementor-gallery-item elementor-animated-content\" href=\"https:\/\/www.willi-graf-schulen.de\/realschule\/wp-content\/uploads\/sites\/4\/2023\/03\/BigBandStuttgart-03.jpg\" data-elementor-open-lightbox=\"yes\" data-elementor-lightbox-slideshow=\"3c1798d\" data-elementor-lightbox-title=\"BigBandStuttgart-03\" data-e-action-hash=\"#elementor-action%3Aaction%3Dlightbox%26settings%3DeyJpZCI6NTExMiwidXJsIjoiaHR0cHM6XC9cL3d3dy53aWxsaS1ncmFmLXNjaHVsZW4uZGVcL3JlYWxzY2h1bGVcL3dwLWNvbnRlbnRcL3VwbG9hZHNcL3NpdGVzXC80XC8yMDIzXC8wM1wvQmlnQmFuZFN0dXR0Z2FydC0wMy5qcGciLCJzbGlkZXNob3ciOiIzYzE3OThkIn0%3D\">\n\t\t\t\t\t<div class=\"e-gallery-image elementor-gallery-item__image\" data-thumbnail=\"https:\/\/www.willi-graf-schulen.de\/realschule\/wp-content\/uploads\/sites\/4\/2023\/03\/BigBandStuttgart-03-182x300.jpg\" data-width=\"182\" data-height=\"300\" aria-label=\"\" role=\"img\" ><\/div>\n\t\t\t\t\t\t\t\t\t\t\t<div class=\"elementor-gallery-item__overlay\"><\/div>\n\t\t\t\t\t\t\t\t\t\t\t\t\t\t<\/a>\n\t\t\t\t\t\t\t<a class=\"e-gallery-item elementor-gallery-item elementor-animated-content\" href=\"https:\/\/www.willi-graf-schulen.de\/realschule\/wp-content\/uploads\/sites\/4\/2023\/03\/BigBandStuttgart-02.jpg\" data-elementor-open-lightbox=\"yes\" data-elementor-lightbox-slideshow=\"3c1798d\" data-elementor-lightbox-title=\"BigBandStuttgart-02\" data-e-action-hash=\"#elementor-action%3Aaction%3Dlightbox%26settings%3DeyJpZCI6NTExMSwidXJsIjoiaHR0cHM6XC9cL3d3dy53aWxsaS1ncmFmLXNjaHVsZW4uZGVcL3JlYWxzY2h1bGVcL3dwLWNvbnRlbnRcL3VwbG9hZHNcL3NpdGVzXC80XC8yMDIzXC8wM1wvQmlnQmFuZFN0dXR0Z2FydC0wMi5qcGciLCJzbGlkZXNob3ciOiIzYzE3OThkIn0%3D\">\n\t\t\t\t\t<div class=\"e-gallery-image elementor-gallery-item__image\" data-thumbnail=\"https:\/\/www.willi-graf-schulen.de\/realschule\/wp-content\/uploads\/sites\/4\/2023\/03\/BigBandStuttgart-02-300x194.jpg\" data-width=\"300\" data-height=\"194\" aria-label=\"\" role=\"img\" ><\/div>\n\t\t\t\t\t\t\t\t\t\t\t<div class=\"elementor-gallery-item__overlay\"><\/div>\n\t\t\t\t\t\t\t\t\t\t\t\t\t\t<\/a>\n\t\t\t\t\t<\/div>\n\t\t\t\t\t<\/div>\n\t\t\t\t<\/div>\n\t\t\t\t\t<\/div>\n\t\t<\/div>\n\t\t\t\t\t<\/div>\n\t\t<\/section>\n\t\t\t\t<\/div>\n\t\t","protected":false},"excerpt":{"rendered":"<p>Die WGS Bigband zu Gast bei der SWR Bigband in Stuttgart Nach einer Bewerbung f\u00fcr das Projekt live@school der SWR Big Band im Sommer 2022, wurde die Bigband der Willi-Graf Schulen zu einem Workshop im Aufnahmestudio der SWR Bigband in Stuttgart am Donnerstag, dem 16.2.2023 eingeladen. Unter professionellen Bedingungen nahmen wir Musiktitel im SWR-Tonstudio auf. [&hellip;]<\/p>\n","protected":false},"author":7,"featured_media":5116,"comment_status":"open","ping_status":"open","sticky":false,"template":"","format":"standard","meta":{"footnotes":""},"categories":[6],"tags":[],"class_list":["post-5106","post","type-post","status-publish","format-standard","has-post-thumbnail","hentry","category-aktuelles"],"_links":{"self":[{"href":"https:\/\/www.willi-graf-schulen.de\/realschule\/wp-json\/wp\/v2\/posts\/5106","targetHints":{"allow":["GET"]}}],"collection":[{"href":"https:\/\/www.willi-graf-schulen.de\/realschule\/wp-json\/wp\/v2\/posts"}],"about":[{"href":"https:\/\/www.willi-graf-schulen.de\/realschule\/wp-json\/wp\/v2\/types\/post"}],"author":[{"embeddable":true,"href":"https:\/\/www.willi-graf-schulen.de\/realschule\/wp-json\/wp\/v2\/users\/7"}],"replies":[{"embeddable":true,"href":"https:\/\/www.willi-graf-schulen.de\/realschule\/wp-json\/wp\/v2\/comments?post=5106"}],"version-history":[{"count":13,"href":"https:\/\/www.willi-graf-schulen.de\/realschule\/wp-json\/wp\/v2\/posts\/5106\/revisions"}],"predecessor-version":[{"id":5127,"href":"https:\/\/www.willi-graf-schulen.de\/realschule\/wp-json\/wp\/v2\/posts\/5106\/revisions\/5127"}],"wp:featuredmedia":[{"embeddable":true,"href":"https:\/\/www.willi-graf-schulen.de\/realschule\/wp-json\/wp\/v2\/media\/5116"}],"wp:attachment":[{"href":"https:\/\/www.willi-graf-schulen.de\/realschule\/wp-json\/wp\/v2\/media?parent=5106"}],"wp:term":[{"taxonomy":"category","embeddable":true,"href":"https:\/\/www.willi-graf-schulen.de\/realschule\/wp-json\/wp\/v2\/categories?post=5106"},{"taxonomy":"post_tag","embeddable":true,"href":"https:\/\/www.willi-graf-schulen.de\/realschule\/wp-json\/wp\/v2\/tags?post=5106"}],"curies":[{"name":"wp","href":"https:\/\/api.w.org\/{rel}","templated":true}]}}