{"id":5395,"date":"2023-04-25T22:02:47","date_gmt":"2023-04-25T20:02:47","guid":{"rendered":"https:\/\/www.willi-graf-schulen.de\/realschule\/?p=5395"},"modified":"2023-04-25T22:06:11","modified_gmt":"2023-04-25T20:06:11","slug":"laufpass-aktion","status":"publish","type":"post","link":"https:\/\/www.willi-graf-schulen.de\/realschule\/laufpass-aktion\/","title":{"rendered":"Laufpass &#8211; Aktion"},"content":{"rendered":"\t\t<div data-elementor-type=\"wp-post\" data-elementor-id=\"5395\" class=\"elementor elementor-5395\" data-elementor-post-type=\"post\">\n\t\t\t\t\t\t<section class=\"elementor-section elementor-top-section elementor-element elementor-element-a3c7c5c elementor-section-boxed elementor-section-height-default elementor-section-height-default\" data-id=\"a3c7c5c\" data-element_type=\"section\" data-e-type=\"section\" data-settings=\"{&quot;jet_parallax_layout_list&quot;:[]}\">\n\t\t\t\t\t\t<div class=\"elementor-container elementor-column-gap-default\">\n\t\t\t\t\t<div class=\"elementor-column elementor-col-100 elementor-top-column elementor-element elementor-element-f68e304\" data-id=\"f68e304\" data-element_type=\"column\" data-e-type=\"column\">\n\t\t\t<div class=\"elementor-widget-wrap elementor-element-populated\">\n\t\t\t\t\t\t<div class=\"elementor-element elementor-element-8ff925f elementor-widget elementor-widget-text-editor\" data-id=\"8ff925f\" data-element_type=\"widget\" data-e-type=\"widget\" data-widget_type=\"text-editor.default\">\n\t\t\t\t<div class=\"elementor-widget-container\">\n\t\t\t\t\t\t\t\t\t<h2 class=\"jet-breadcrumbs__title\">Willi-Graf-Sch\u00fcler erlaufen 14.000 Euro f\u00fcr Schulen in Bolivien und Burundi<\/h2><p><span class=\"contentpasted1\"><b>7.050 Kilometer f\u00fcr den guten Zweck<\/b><\/span><\/p><div><p><span class=\"contentpasted1\"><b>Saarbr\u00fccken<\/b><\/span><span class=\"contentpasted1\"> \u2013 Mehr als 14.000 Euro haben die Sch\u00fclerinnen und Sch\u00fcler der bisch\u00f6flichen Willi-Graf-Schulen (WGS) in Saarbr\u00fccken f\u00fcr ihre Partnerschule, das Colegio San Juanillo im bolivianischen Sucre, und f\u00fcr den Bau der \u00c9cole St. Joseph in Bujumbura in Burundi bei ihrer diesj\u00e4hrigen Laufpass-Aktion gesammelt. \u201eDie Laufpass-Aktion gibt es seit mindestens 17 Jahren, aber diese Summe ist ein neuer Rekord und freut uns riesig\u201c, sagt Lehrerin Annemarie Reimers.<\/span><\/p><p>\u00a0<\/p><\/div>\t\t\t\t\t\t\t\t<\/div>\n\t\t\t\t<\/div>\n\t\t\t\t\t<\/div>\n\t\t<\/div>\n\t\t\t\t\t<\/div>\n\t\t<\/section>\n\t\t\t\t<section class=\"elementor-section elementor-top-section elementor-element elementor-element-d4fa153 elementor-section-boxed elementor-section-height-default elementor-section-height-default\" data-id=\"d4fa153\" data-element_type=\"section\" data-e-type=\"section\" data-settings=\"{&quot;jet_parallax_layout_list&quot;:[]}\">\n\t\t\t\t\t\t<div class=\"elementor-container elementor-column-gap-default\">\n\t\t\t\t\t<div class=\"elementor-column elementor-col-100 elementor-top-column elementor-element elementor-element-7b3c87a\" data-id=\"7b3c87a\" data-element_type=\"column\" data-e-type=\"column\">\n\t\t\t<div class=\"elementor-widget-wrap elementor-element-populated\">\n\t\t\t\t\t\t<div class=\"elementor-element elementor-element-5f1a76e elementor-widget elementor-widget-image\" data-id=\"5f1a76e\" data-element_type=\"widget\" data-e-type=\"widget\" data-widget_type=\"image.default\">\n\t\t\t\t<div class=\"elementor-widget-container\">\n\t\t\t\t\t\t\t\t\t\t\t\t\t\t\t<img decoding=\"async\" src=\"https:\/\/www.willi-graf-schulen.de\/realschule\/wp-content\/uploads\/sites\/4\/2023\/04\/20230417_Laufpass2-WGS-2-4.jpg\" title=\"\" alt=\"\" loading=\"lazy\" \/>\t\t\t\t\t\t\t\t\t\t\t\t\t\t\t<\/div>\n\t\t\t\t<\/div>\n\t\t\t\t\t<\/div>\n\t\t<\/div>\n\t\t\t\t\t<\/div>\n\t\t<\/section>\n\t\t\t\t<section class=\"elementor-section elementor-top-section elementor-element elementor-element-c569fb9 elementor-section-boxed elementor-section-height-default elementor-section-height-default\" data-id=\"c569fb9\" data-element_type=\"section\" data-e-type=\"section\" data-settings=\"{&quot;jet_parallax_layout_list&quot;:[]}\">\n\t\t\t\t\t\t<div class=\"elementor-container elementor-column-gap-default\">\n\t\t\t\t\t<div class=\"elementor-column elementor-col-100 elementor-top-column elementor-element elementor-element-1acc37f\" data-id=\"1acc37f\" data-element_type=\"column\" data-e-type=\"column\">\n\t\t\t<div class=\"elementor-widget-wrap elementor-element-populated\">\n\t\t\t\t\t\t<div class=\"elementor-element elementor-element-9bf9ef7 elementor-widget elementor-widget-text-editor\" data-id=\"9bf9ef7\" data-element_type=\"widget\" data-e-type=\"widget\" data-widget_type=\"text-editor.default\">\n\t\t\t\t<div class=\"elementor-widget-container\">\n\t\t\t\t\t\t\t\t\t<p>Im Zeitraum vom 27. Februar bis 24. M\u00e4rz waren die rund 1.200 Sch\u00fclerinnen und Sch\u00fcler der Willi-Graf-Realschule und des Willi-Graf-Gymnasiums aufgerufen, im Rahmen des Sportunterrichts innerhalb von 60 Minuten so viele Kilometer wie m\u00f6glich zu laufen. Zuvor sollten sie Sponsoren suchen, die pro gelaufenen Kilometer ein \u201eKilometergeld\u201c spenden. \u201eDie Sch\u00fclerinnen und Sch\u00fcler sind \u00fcberwiegend innerhalb der Familie, des Freundeskreises und ihrer Nachbarschaft auf Sponsorensuche gegangen und waren dabei teilweise sehr erfolgreich\u201c, sagt Reimers. So habe ein Sch\u00fcler in einem Restaurant im Nauwieser Viertel unter den G\u00e4sten zahlreiche Unterst\u00fctzer geworben und konnte so eine dreistellige Summe spenden. Organisiert wurde die Laufpassaktion von den Sportlehrern, unter der Leitung von Mark Kopp.<\/p><p>Im Rahmen der drei Abschlussgottesdienste f\u00fcr die Unter-, Mittel- und Oberstufe vor den Osterferien wurde die Laufpass-Aktion spirituell zum Abschluss gebracht. \u201eNach den F\u00fcrbitten haben die Klassensprecherinnen und -sprecher das gesammelte Geld symbolisch nach vorne gebracht\u201c, sagt Reimers.\u00a0<\/p><p>Gemeinsam haben die Sch\u00fclerinnen und Sch\u00fcler es auf rund 7.050 gelaufene Kilometer gebracht. Insgesamt kamen sie so auf eine Spendensumme von 14.101,61 Euro, die nun je zur H\u00e4lfte den Projekten in Bolivien und Burundi zugutekommen. Die private Ordensschule San Juanillo am Stadtrand der bolivianischen Hauptstadt Sucre betreut \u00fcber 2.000 Sch\u00fcler*innen von der Primarstufe bis zum Abitur und bietet ihnen neben der schulischen Ausbildung und religi\u00f6sen Erziehung auch geregelte Mahlzeiten an. Das Colegio ist seit 2006 Partnerschule der Willi-Graf-Schulen.<\/p><p>In der \u00c9cole St. Joseph in Bujumbura, der Hauptstadt von Burundi, werden \u00fcber 950 Kinder unterrichtet. Seit 2007 engagieren sich die Schulen in Tr\u00e4gerschaft des Bistums in einem gemeinsamen Projekt f\u00fcr den Bau der \u00c9cole St. Joseph in Bujumbura. Mit ihrem Engagement wollen die Schulen einen Beitrag f\u00fcr die Bildung der jungen Generation in Burundi leisten.<\/p><p>Ute Kirch,\u00a0Bisch\u00f6fliche Pressestelle Trier, Redaktion Saarbr\u00fccken<\/p>\t\t\t\t\t\t\t\t<\/div>\n\t\t\t\t<\/div>\n\t\t\t\t\t<\/div>\n\t\t<\/div>\n\t\t\t\t\t<\/div>\n\t\t<\/section>\n\t\t\t\t<section class=\"elementor-section elementor-top-section elementor-element elementor-element-869ad14 elementor-section-boxed elementor-section-height-default elementor-section-height-default\" data-id=\"869ad14\" data-element_type=\"section\" data-e-type=\"section\" data-settings=\"{&quot;jet_parallax_layout_list&quot;:[]}\">\n\t\t\t\t\t\t<div class=\"elementor-container elementor-column-gap-default\">\n\t\t\t\t\t<div class=\"elementor-column elementor-col-100 elementor-top-column elementor-element elementor-element-2132463\" data-id=\"2132463\" data-element_type=\"column\" data-e-type=\"column\">\n\t\t\t<div class=\"elementor-widget-wrap elementor-element-populated\">\n\t\t\t\t\t\t<div class=\"elementor-element elementor-element-27c21c2 elementor-widget elementor-widget-gallery\" data-id=\"27c21c2\" data-element_type=\"widget\" data-e-type=\"widget\" data-settings=\"{&quot;lazyload&quot;:&quot;yes&quot;,&quot;gallery_layout&quot;:&quot;grid&quot;,&quot;columns&quot;:4,&quot;columns_tablet&quot;:2,&quot;columns_mobile&quot;:1,&quot;gap&quot;:{&quot;unit&quot;:&quot;px&quot;,&quot;size&quot;:10,&quot;sizes&quot;:[]},&quot;gap_tablet&quot;:{&quot;unit&quot;:&quot;px&quot;,&quot;size&quot;:10,&quot;sizes&quot;:[]},&quot;gap_mobile&quot;:{&quot;unit&quot;:&quot;px&quot;,&quot;size&quot;:10,&quot;sizes&quot;:[]},&quot;link_to&quot;:&quot;file&quot;,&quot;aspect_ratio&quot;:&quot;3:2&quot;,&quot;overlay_background&quot;:&quot;yes&quot;,&quot;content_hover_animation&quot;:&quot;fade-in&quot;}\" data-widget_type=\"gallery.default\">\n\t\t\t\t<div class=\"elementor-widget-container\">\n\t\t\t\t\t\t\t<div class=\"elementor-gallery__container\">\n\t\t\t\t\t\t\t<a class=\"e-gallery-item elementor-gallery-item elementor-animated-content\" href=\"https:\/\/www.willi-graf-schulen.de\/realschule\/wp-content\/uploads\/sites\/4\/2023\/04\/05_Burundi_Schule_Bujumbura_2015.jpg\" data-elementor-open-lightbox=\"yes\" data-elementor-lightbox-slideshow=\"27c21c2\" data-elementor-lightbox-title=\"05_Burundi_Schule_Bujumbura_2015\" data-e-action-hash=\"#elementor-action%3Aaction%3Dlightbox%26settings%3DeyJpZCI6NTM4MSwidXJsIjoiaHR0cHM6XC9cL3d3dy53aWxsaS1ncmFmLXNjaHVsZW4uZGVcL3JlYWxzY2h1bGVcL3dwLWNvbnRlbnRcL3VwbG9hZHNcL3NpdGVzXC80XC8yMDIzXC8wNFwvMDVfQnVydW5kaV9TY2h1bGVfQnVqdW1idXJhXzIwMTUuanBnIiwic2xpZGVzaG93IjoiMjdjMjFjMiJ9\">\n\t\t\t\t\t<div class=\"e-gallery-image elementor-gallery-item__image\" data-thumbnail=\"https:\/\/www.willi-graf-schulen.de\/realschule\/wp-content\/uploads\/sites\/4\/2023\/04\/05_Burundi_Schule_Bujumbura_2015-300x200.jpg\" data-width=\"300\" data-height=\"200\" aria-label=\"\" role=\"img\" ><\/div>\n\t\t\t\t\t\t\t\t\t\t\t<div class=\"elementor-gallery-item__overlay\"><\/div>\n\t\t\t\t\t\t\t\t\t\t\t\t\t\t<\/a>\n\t\t\t\t\t\t\t<a class=\"e-gallery-item elementor-gallery-item elementor-animated-content\" href=\"https:\/\/www.willi-graf-schulen.de\/realschule\/wp-content\/uploads\/sites\/4\/2023\/04\/01_Burundi_2014_Schule_Schild.jpg\" data-elementor-open-lightbox=\"yes\" data-elementor-lightbox-slideshow=\"27c21c2\" data-elementor-lightbox-title=\"01_Burundi_2014_Schule_Schild\" data-e-action-hash=\"#elementor-action%3Aaction%3Dlightbox%26settings%3DeyJpZCI6NTM4MCwidXJsIjoiaHR0cHM6XC9cL3d3dy53aWxsaS1ncmFmLXNjaHVsZW4uZGVcL3JlYWxzY2h1bGVcL3dwLWNvbnRlbnRcL3VwbG9hZHNcL3NpdGVzXC80XC8yMDIzXC8wNFwvMDFfQnVydW5kaV8yMDE0X1NjaHVsZV9TY2hpbGQuanBnIiwic2xpZGVzaG93IjoiMjdjMjFjMiJ9\">\n\t\t\t\t\t<div class=\"e-gallery-image elementor-gallery-item__image\" data-thumbnail=\"https:\/\/www.willi-graf-schulen.de\/realschule\/wp-content\/uploads\/sites\/4\/2023\/04\/01_Burundi_2014_Schule_Schild-300x200.jpg\" data-width=\"300\" data-height=\"200\" aria-label=\"\" role=\"img\" ><\/div>\n\t\t\t\t\t\t\t\t\t\t\t<div class=\"elementor-gallery-item__overlay\"><\/div>\n\t\t\t\t\t\t\t\t\t\t\t\t\t\t<\/a>\n\t\t\t\t\t\t\t<a class=\"e-gallery-item elementor-gallery-item elementor-animated-content\" href=\"https:\/\/www.willi-graf-schulen.de\/realschule\/wp-content\/uploads\/sites\/4\/2023\/04\/02_Burundi_2014_Schule_Schler_auen.jpg\" data-elementor-open-lightbox=\"yes\" data-elementor-lightbox-slideshow=\"27c21c2\" data-elementor-lightbox-title=\"02_Burundi_2014_Schule_Schler_auen\" data-e-action-hash=\"#elementor-action%3Aaction%3Dlightbox%26settings%3DeyJpZCI6NTM3OSwidXJsIjoiaHR0cHM6XC9cL3d3dy53aWxsaS1ncmFmLXNjaHVsZW4uZGVcL3JlYWxzY2h1bGVcL3dwLWNvbnRlbnRcL3VwbG9hZHNcL3NpdGVzXC80XC8yMDIzXC8wNFwvMDJfQnVydW5kaV8yMDE0X1NjaHVsZV9TY2hsZXJfYXVlbi5qcGciLCJzbGlkZXNob3ciOiIyN2MyMWMyIn0%3D\">\n\t\t\t\t\t<div class=\"e-gallery-image elementor-gallery-item__image\" data-thumbnail=\"https:\/\/www.willi-graf-schulen.de\/realschule\/wp-content\/uploads\/sites\/4\/2023\/04\/02_Burundi_2014_Schule_Schler_auen-300x200.jpg\" data-width=\"300\" data-height=\"200\" aria-label=\"\" role=\"img\" ><\/div>\n\t\t\t\t\t\t\t\t\t\t\t<div class=\"elementor-gallery-item__overlay\"><\/div>\n\t\t\t\t\t\t\t\t\t\t\t\t\t\t<\/a>\n\t\t\t\t\t<\/div>\n\t\t\t\t\t<\/div>\n\t\t\t\t<\/div>\n\t\t\t\t\t<\/div>\n\t\t<\/div>\n\t\t\t\t\t<\/div>\n\t\t<\/section>\n\t\t\t\t<\/div>\n\t\t","protected":false},"excerpt":{"rendered":"<p>Willi-Graf-Sch\u00fcler erlaufen 14.000 Euro f\u00fcr Schulen in Bolivien und Burundi 7.050 Kilometer f\u00fcr den guten Zweck Saarbr\u00fccken \u2013 Mehr als 14.000 Euro haben die Sch\u00fclerinnen und Sch\u00fcler der bisch\u00f6flichen Willi-Graf-Schulen (WGS) in Saarbr\u00fccken f\u00fcr ihre Partnerschule, das Colegio San Juanillo im bolivianischen Sucre, und f\u00fcr den Bau der \u00c9cole St. Joseph in Bujumbura in Burundi [&hellip;]<\/p>\n","protected":false},"author":7,"featured_media":5383,"comment_status":"open","ping_status":"open","sticky":false,"template":"","format":"standard","meta":{"footnotes":""},"categories":[6],"tags":[],"class_list":["post-5395","post","type-post","status-publish","format-standard","has-post-thumbnail","hentry","category-aktuelles"],"_links":{"self":[{"href":"https:\/\/www.willi-graf-schulen.de\/realschule\/wp-json\/wp\/v2\/posts\/5395","targetHints":{"allow":["GET"]}}],"collection":[{"href":"https:\/\/www.willi-graf-schulen.de\/realschule\/wp-json\/wp\/v2\/posts"}],"about":[{"href":"https:\/\/www.willi-graf-schulen.de\/realschule\/wp-json\/wp\/v2\/types\/post"}],"author":[{"embeddable":true,"href":"https:\/\/www.willi-graf-schulen.de\/realschule\/wp-json\/wp\/v2\/users\/7"}],"replies":[{"embeddable":true,"href":"https:\/\/www.willi-graf-schulen.de\/realschule\/wp-json\/wp\/v2\/comments?post=5395"}],"version-history":[{"count":4,"href":"https:\/\/www.willi-graf-schulen.de\/realschule\/wp-json\/wp\/v2\/posts\/5395\/revisions"}],"predecessor-version":[{"id":5401,"href":"https:\/\/www.willi-graf-schulen.de\/realschule\/wp-json\/wp\/v2\/posts\/5395\/revisions\/5401"}],"wp:featuredmedia":[{"embeddable":true,"href":"https:\/\/www.willi-graf-schulen.de\/realschule\/wp-json\/wp\/v2\/media\/5383"}],"wp:attachment":[{"href":"https:\/\/www.willi-graf-schulen.de\/realschule\/wp-json\/wp\/v2\/media?parent=5395"}],"wp:term":[{"taxonomy":"category","embeddable":true,"href":"https:\/\/www.willi-graf-schulen.de\/realschule\/wp-json\/wp\/v2\/categories?post=5395"},{"taxonomy":"post_tag","embeddable":true,"href":"https:\/\/www.willi-graf-schulen.de\/realschule\/wp-json\/wp\/v2\/tags?post=5395"}],"curies":[{"name":"wp","href":"https:\/\/api.w.org\/{rel}","templated":true}]}}