{"id":5504,"date":"2023-05-01T11:42:33","date_gmt":"2023-05-01T09:42:33","guid":{"rendered":"https:\/\/www.willi-graf-schulen.de\/realschule\/?p=5504"},"modified":"2023-05-01T12:07:50","modified_gmt":"2023-05-01T10:07:50","slug":"besuch-in-der-buch-handlung","status":"publish","type":"post","link":"https:\/\/www.willi-graf-schulen.de\/realschule\/besuch-in-der-buch-handlung\/","title":{"rendered":"Besuch in der Buchhandlung"},"content":{"rendered":"\t\t<div data-elementor-type=\"wp-post\" data-elementor-id=\"5504\" class=\"elementor elementor-5504\" data-elementor-post-type=\"post\">\n\t\t\t\t\t\t<section class=\"elementor-section elementor-top-section elementor-element elementor-element-cf43cd0 elementor-section-boxed elementor-section-height-default elementor-section-height-default\" data-id=\"cf43cd0\" data-element_type=\"section\" data-e-type=\"section\" data-settings=\"{&quot;jet_parallax_layout_list&quot;:[]}\">\n\t\t\t\t\t\t<div class=\"elementor-container elementor-column-gap-default\">\n\t\t\t\t\t<div class=\"elementor-column elementor-col-100 elementor-top-column elementor-element elementor-element-e1280c3\" data-id=\"e1280c3\" data-element_type=\"column\" data-e-type=\"column\">\n\t\t\t<div class=\"elementor-widget-wrap elementor-element-populated\">\n\t\t\t\t\t\t<div class=\"elementor-element elementor-element-0dda3a1 elementor-widget elementor-widget-text-editor\" data-id=\"0dda3a1\" data-element_type=\"widget\" data-e-type=\"widget\" data-widget_type=\"text-editor.default\">\n\t\t\t\t<div class=\"elementor-widget-container\">\n\t\t\t\t\t\t\t\t\t<h2 style=\"letter-spacing: normal;text-align: left\">5r2 zu Besuch in der Buchhandlung Bock und Seip<\/h2><h2><span style=\"color: #2f2f2f;font-family: Poppins, sans-serif;font-size: 18px;letter-spacing: 0px\">\u00a0<\/span><\/h2><h2><span style=\"color: #2f2f2f;font-family: Poppins, sans-serif;font-size: 18px;letter-spacing: 0px\">Die Klasse 5r2 der Willi Graf-Realschule ging in diesem Jahr einer alten Tradition nach.<\/span><\/h2><p>Am 24.3.2023 besuchten wir wie jedes Jahr mit den F\u00fcnftkl\u00e4sslern die Buchhandlung Bock und Seip, um uns mit Spielen und R\u00e4tseln durch den Welttag des Buches f\u00fchren zu lassen. Die Kinder nutzten den Tag nicht nur zum Schm\u00f6kern, sondern auch zum Aufstocken des eigenen B\u00fccherregals. So erlebten wir alle einen\u00a0 lehrreichen und zugleich spa\u00dfigen\u00a0 Schulausflug.<\/p><p>\u00a0<\/p>\t\t\t\t\t\t\t\t<\/div>\n\t\t\t\t<\/div>\n\t\t\t\t\t<\/div>\n\t\t<\/div>\n\t\t\t\t\t<\/div>\n\t\t<\/section>\n\t\t\t\t<section class=\"elementor-section elementor-top-section elementor-element elementor-element-803df9d elementor-section-content-middle elementor-section-boxed elementor-section-height-default elementor-section-height-default\" data-id=\"803df9d\" data-element_type=\"section\" data-e-type=\"section\" data-settings=\"{&quot;jet_parallax_layout_list&quot;:[]}\">\n\t\t\t\t\t\t<div class=\"elementor-container elementor-column-gap-default\">\n\t\t\t\t\t<div class=\"elementor-column elementor-col-100 elementor-top-column elementor-element elementor-element-7eddb93\" data-id=\"7eddb93\" data-element_type=\"column\" data-e-type=\"column\">\n\t\t\t<div class=\"elementor-widget-wrap elementor-element-populated\">\n\t\t\t\t\t\t<div class=\"elementor-element elementor-element-715b4c2 elementor-widget elementor-widget-gallery\" data-id=\"715b4c2\" data-element_type=\"widget\" data-e-type=\"widget\" data-settings=\"{&quot;gap&quot;:{&quot;unit&quot;:&quot;px&quot;,&quot;size&quot;:&quot;16&quot;,&quot;sizes&quot;:[]},&quot;lazyload&quot;:&quot;yes&quot;,&quot;gallery_layout&quot;:&quot;grid&quot;,&quot;columns&quot;:4,&quot;columns_tablet&quot;:2,&quot;columns_mobile&quot;:1,&quot;gap_tablet&quot;:{&quot;unit&quot;:&quot;px&quot;,&quot;size&quot;:10,&quot;sizes&quot;:[]},&quot;gap_mobile&quot;:{&quot;unit&quot;:&quot;px&quot;,&quot;size&quot;:10,&quot;sizes&quot;:[]},&quot;link_to&quot;:&quot;file&quot;,&quot;aspect_ratio&quot;:&quot;3:2&quot;,&quot;overlay_background&quot;:&quot;yes&quot;,&quot;content_hover_animation&quot;:&quot;fade-in&quot;}\" data-widget_type=\"gallery.default\">\n\t\t\t\t<div class=\"elementor-widget-container\">\n\t\t\t\t\t\t\t<div class=\"elementor-gallery__container\">\n\t\t\t\t\t\t\t<a class=\"e-gallery-item elementor-gallery-item elementor-animated-content\" href=\"https:\/\/www.willi-graf-schulen.de\/realschule\/wp-content\/uploads\/sites\/4\/2023\/05\/Bild-Buchhandlung.jpg\" data-elementor-open-lightbox=\"yes\" data-elementor-lightbox-slideshow=\"715b4c2\" data-elementor-lightbox-title=\"Bild Buchhandlung\" data-e-action-hash=\"#elementor-action%3Aaction%3Dlightbox%26settings%3DeyJpZCI6NTUwNSwidXJsIjoiaHR0cHM6XC9cL3d3dy53aWxsaS1ncmFmLXNjaHVsZW4uZGVcL3JlYWxzY2h1bGVcL3dwLWNvbnRlbnRcL3VwbG9hZHNcL3NpdGVzXC80XC8yMDIzXC8wNVwvQmlsZC1CdWNoaGFuZGx1bmcuanBnIiwic2xpZGVzaG93IjoiNzE1YjRjMiJ9\">\n\t\t\t\t\t<div class=\"e-gallery-image elementor-gallery-item__image\" data-thumbnail=\"https:\/\/www.willi-graf-schulen.de\/realschule\/wp-content\/uploads\/sites\/4\/2023\/05\/Bild-Buchhandlung-300x272.jpg\" data-width=\"300\" data-height=\"272\" aria-label=\"\" role=\"img\" ><\/div>\n\t\t\t\t\t\t\t\t\t\t\t<div class=\"elementor-gallery-item__overlay\"><\/div>\n\t\t\t\t\t\t\t\t\t\t\t\t\t\t<\/a>\n\t\t\t\t\t<\/div>\n\t\t\t\t\t<\/div>\n\t\t\t\t<\/div>\n\t\t\t\t\t<\/div>\n\t\t<\/div>\n\t\t\t\t\t<\/div>\n\t\t<\/section>\n\t\t\t\t<\/div>\n\t\t","protected":false},"excerpt":{"rendered":"<p>5r2 zu Besuch in der Buchhandlung Bock und Seip \u00a0 Die Klasse 5r2 der Willi Graf-Realschule ging in diesem Jahr einer alten Tradition nach. Am 24.3.2023 besuchten wir wie jedes Jahr mit den F\u00fcnftkl\u00e4sslern die Buchhandlung Bock und Seip, um uns mit Spielen und R\u00e4tseln durch den Welttag des Buches f\u00fchren zu lassen. Die Kinder [&hellip;]<\/p>\n","protected":false},"author":7,"featured_media":5505,"comment_status":"open","ping_status":"open","sticky":false,"template":"","format":"standard","meta":{"footnotes":""},"categories":[6],"tags":[],"class_list":["post-5504","post","type-post","status-publish","format-standard","has-post-thumbnail","hentry","category-aktuelles"],"_links":{"self":[{"href":"https:\/\/www.willi-graf-schulen.de\/realschule\/wp-json\/wp\/v2\/posts\/5504","targetHints":{"allow":["GET"]}}],"collection":[{"href":"https:\/\/www.willi-graf-schulen.de\/realschule\/wp-json\/wp\/v2\/posts"}],"about":[{"href":"https:\/\/www.willi-graf-schulen.de\/realschule\/wp-json\/wp\/v2\/types\/post"}],"author":[{"embeddable":true,"href":"https:\/\/www.willi-graf-schulen.de\/realschule\/wp-json\/wp\/v2\/users\/7"}],"replies":[{"embeddable":true,"href":"https:\/\/www.willi-graf-schulen.de\/realschule\/wp-json\/wp\/v2\/comments?post=5504"}],"version-history":[{"count":14,"href":"https:\/\/www.willi-graf-schulen.de\/realschule\/wp-json\/wp\/v2\/posts\/5504\/revisions"}],"predecessor-version":[{"id":5543,"href":"https:\/\/www.willi-graf-schulen.de\/realschule\/wp-json\/wp\/v2\/posts\/5504\/revisions\/5543"}],"wp:featuredmedia":[{"embeddable":true,"href":"https:\/\/www.willi-graf-schulen.de\/realschule\/wp-json\/wp\/v2\/media\/5505"}],"wp:attachment":[{"href":"https:\/\/www.willi-graf-schulen.de\/realschule\/wp-json\/wp\/v2\/media?parent=5504"}],"wp:term":[{"taxonomy":"category","embeddable":true,"href":"https:\/\/www.willi-graf-schulen.de\/realschule\/wp-json\/wp\/v2\/categories?post=5504"},{"taxonomy":"post_tag","embeddable":true,"href":"https:\/\/www.willi-graf-schulen.de\/realschule\/wp-json\/wp\/v2\/tags?post=5504"}],"curies":[{"name":"wp","href":"https:\/\/api.w.org\/{rel}","templated":true}]}}