{"id":5516,"date":"2023-05-01T11:52:41","date_gmt":"2023-05-01T09:52:41","guid":{"rendered":"https:\/\/www.willi-graf-schulen.de\/realschule\/?p=5516"},"modified":"2023-05-01T12:04:36","modified_gmt":"2023-05-01T10:04:36","slug":"ehrung-fuer-sammelaktion","status":"publish","type":"post","link":"https:\/\/www.willi-graf-schulen.de\/realschule\/ehrung-fuer-sammelaktion\/","title":{"rendered":"Ehrung f\u00fcr Sammelaktion"},"content":{"rendered":"\t\t<div data-elementor-type=\"wp-post\" data-elementor-id=\"5516\" class=\"elementor elementor-5516\" data-elementor-post-type=\"post\">\n\t\t\t\t\t\t<section class=\"elementor-section elementor-top-section elementor-element elementor-element-5c16474 elementor-section-boxed elementor-section-height-default elementor-section-height-default\" data-id=\"5c16474\" data-element_type=\"section\" data-e-type=\"section\" data-settings=\"{&quot;jet_parallax_layout_list&quot;:[]}\">\n\t\t\t\t\t\t<div class=\"elementor-container elementor-column-gap-default\">\n\t\t\t\t\t<div class=\"elementor-column elementor-col-100 elementor-top-column elementor-element elementor-element-e8b84e4\" data-id=\"e8b84e4\" data-element_type=\"column\" data-e-type=\"column\">\n\t\t\t<div class=\"elementor-widget-wrap elementor-element-populated\">\n\t\t\t\t\t\t<div class=\"elementor-element elementor-element-c78b97c elementor-widget elementor-widget-text-editor\" data-id=\"c78b97c\" data-element_type=\"widget\" data-e-type=\"widget\" data-widget_type=\"text-editor.default\">\n\t\t\t\t<div class=\"elementor-widget-container\">\n\t\t\t\t\t\t\t\t\t<h2>Willi Graf-Realschule f\u00fcr Sammelarbeit geehrt<\/h2><p>Am 13.4.2023 wurden in der Staatskanzlei die diesj\u00e4hrigen Sammlerinnen und Sammler geehrt, <br \/>die f\u00fcr den \u201eVolksbund Deutsche Kriegsgr\u00e4berf\u00fcrsorge\u201c erneut eine hervorragende Spendensumme generieren konnten.<span class=\"Apple-converted-space\">\u00a0 <\/span><\/p><p>Unter den Augen der Ministerpr\u00e4sidentin Anke Rehlinger wurden dabei Vertreter*innen der Feuerwehr, Bundeswehr und nicht zuletzt der Schulen ausgezeichnet. Die Willi Graf-Realschule wurde dabei wie in den Jahren zuvor mit einer Urkunde f\u00fcr die Leistung der jungen Sammler*innen ausgezeichnet.<\/p><p>Danke an alle, denen wir diese Ehre zu verdanken haben!<\/p>\t\t\t\t\t\t\t\t<\/div>\n\t\t\t\t<\/div>\n\t\t\t\t\t<\/div>\n\t\t<\/div>\n\t\t\t\t\t<\/div>\n\t\t<\/section>\n\t\t\t\t<section class=\"elementor-section elementor-top-section elementor-element elementor-element-7d532ab elementor-section-boxed elementor-section-height-default elementor-section-height-default\" data-id=\"7d532ab\" data-element_type=\"section\" data-e-type=\"section\" data-settings=\"{&quot;jet_parallax_layout_list&quot;:[]}\">\n\t\t\t\t\t\t<div class=\"elementor-container elementor-column-gap-default\">\n\t\t\t\t\t<div class=\"elementor-column elementor-col-100 elementor-top-column elementor-element elementor-element-0213cac\" data-id=\"0213cac\" data-element_type=\"column\" data-e-type=\"column\">\n\t\t\t<div class=\"elementor-widget-wrap elementor-element-populated\">\n\t\t\t\t\t\t<div class=\"elementor-element elementor-element-7fddc68 elementor-widget elementor-widget-gallery\" data-id=\"7fddc68\" data-element_type=\"widget\" data-e-type=\"widget\" data-settings=\"{&quot;aspect_ratio&quot;:&quot;1:1&quot;,&quot;lazyload&quot;:&quot;yes&quot;,&quot;gallery_layout&quot;:&quot;grid&quot;,&quot;columns&quot;:4,&quot;columns_tablet&quot;:2,&quot;columns_mobile&quot;:1,&quot;gap&quot;:{&quot;unit&quot;:&quot;px&quot;,&quot;size&quot;:10,&quot;sizes&quot;:[]},&quot;gap_tablet&quot;:{&quot;unit&quot;:&quot;px&quot;,&quot;size&quot;:10,&quot;sizes&quot;:[]},&quot;gap_mobile&quot;:{&quot;unit&quot;:&quot;px&quot;,&quot;size&quot;:10,&quot;sizes&quot;:[]},&quot;link_to&quot;:&quot;file&quot;,&quot;overlay_background&quot;:&quot;yes&quot;,&quot;content_hover_animation&quot;:&quot;fade-in&quot;}\" data-widget_type=\"gallery.default\">\n\t\t\t\t<div class=\"elementor-widget-container\">\n\t\t\t\t\t\t\t<div class=\"elementor-gallery__container\">\n\t\t\t\t\t\t\t<a class=\"e-gallery-item elementor-gallery-item elementor-animated-content\" href=\"https:\/\/www.willi-graf-schulen.de\/realschule\/wp-content\/uploads\/sites\/4\/2023\/05\/Urkunde-Sammlung-rotated.jpg\" data-elementor-open-lightbox=\"yes\" data-elementor-lightbox-slideshow=\"7fddc68\" data-elementor-lightbox-title=\"Urkunde Sammlung\" data-e-action-hash=\"#elementor-action%3Aaction%3Dlightbox%26settings%3DeyJpZCI6NTUxNywidXJsIjoiaHR0cHM6XC9cL3d3dy53aWxsaS1ncmFmLXNjaHVsZW4uZGVcL3JlYWxzY2h1bGVcL3dwLWNvbnRlbnRcL3VwbG9hZHNcL3NpdGVzXC80XC8yMDIzXC8wNVwvVXJrdW5kZS1TYW1tbHVuZy1yb3RhdGVkLmpwZyIsInNsaWRlc2hvdyI6IjdmZGRjNjgifQ%3D%3D\">\n\t\t\t\t\t<div class=\"e-gallery-image elementor-gallery-item__image\" data-thumbnail=\"https:\/\/www.willi-graf-schulen.de\/realschule\/wp-content\/uploads\/sites\/4\/2023\/05\/Urkunde-Sammlung-213x300.jpg\" data-width=\"213\" data-height=\"300\" aria-label=\"\" role=\"img\" ><\/div>\n\t\t\t\t\t\t\t\t\t\t\t<div class=\"elementor-gallery-item__overlay\"><\/div>\n\t\t\t\t\t\t\t\t\t\t\t\t\t\t<\/a>\n\t\t\t\t\t<\/div>\n\t\t\t\t\t<\/div>\n\t\t\t\t<\/div>\n\t\t\t\t\t<\/div>\n\t\t<\/div>\n\t\t\t\t\t<\/div>\n\t\t<\/section>\n\t\t\t\t<\/div>\n\t\t","protected":false},"excerpt":{"rendered":"<p>Willi Graf-Realschule f\u00fcr Sammelarbeit geehrt Am 13.4.2023 wurden in der Staatskanzlei die diesj\u00e4hrigen Sammlerinnen und Sammler geehrt, die f\u00fcr den \u201eVolksbund Deutsche Kriegsgr\u00e4berf\u00fcrsorge\u201c erneut eine hervorragende Spendensumme generieren konnten.\u00a0 Unter den Augen der Ministerpr\u00e4sidentin Anke Rehlinger wurden dabei Vertreter*innen der Feuerwehr, Bundeswehr und nicht zuletzt der Schulen ausgezeichnet. Die Willi Graf-Realschule wurde dabei wie in [&hellip;]<\/p>\n","protected":false},"author":7,"featured_media":5517,"comment_status":"open","ping_status":"open","sticky":false,"template":"","format":"standard","meta":{"footnotes":""},"categories":[6],"tags":[],"class_list":["post-5516","post","type-post","status-publish","format-standard","has-post-thumbnail","hentry","category-aktuelles"],"_links":{"self":[{"href":"https:\/\/www.willi-graf-schulen.de\/realschule\/wp-json\/wp\/v2\/posts\/5516","targetHints":{"allow":["GET"]}}],"collection":[{"href":"https:\/\/www.willi-graf-schulen.de\/realschule\/wp-json\/wp\/v2\/posts"}],"about":[{"href":"https:\/\/www.willi-graf-schulen.de\/realschule\/wp-json\/wp\/v2\/types\/post"}],"author":[{"embeddable":true,"href":"https:\/\/www.willi-graf-schulen.de\/realschule\/wp-json\/wp\/v2\/users\/7"}],"replies":[{"embeddable":true,"href":"https:\/\/www.willi-graf-schulen.de\/realschule\/wp-json\/wp\/v2\/comments?post=5516"}],"version-history":[{"count":13,"href":"https:\/\/www.willi-graf-schulen.de\/realschule\/wp-json\/wp\/v2\/posts\/5516\/revisions"}],"predecessor-version":[{"id":5534,"href":"https:\/\/www.willi-graf-schulen.de\/realschule\/wp-json\/wp\/v2\/posts\/5516\/revisions\/5534"}],"wp:featuredmedia":[{"embeddable":true,"href":"https:\/\/www.willi-graf-schulen.de\/realschule\/wp-json\/wp\/v2\/media\/5517"}],"wp:attachment":[{"href":"https:\/\/www.willi-graf-schulen.de\/realschule\/wp-json\/wp\/v2\/media?parent=5516"}],"wp:term":[{"taxonomy":"category","embeddable":true,"href":"https:\/\/www.willi-graf-schulen.de\/realschule\/wp-json\/wp\/v2\/categories?post=5516"},{"taxonomy":"post_tag","embeddable":true,"href":"https:\/\/www.willi-graf-schulen.de\/realschule\/wp-json\/wp\/v2\/tags?post=5516"}],"curies":[{"name":"wp","href":"https:\/\/api.w.org\/{rel}","templated":true}]}}