{"id":5624,"date":"2023-06-15T21:04:06","date_gmt":"2023-06-15T19:04:06","guid":{"rendered":"https:\/\/www.willi-graf-schulen.de\/realschule\/?p=5624"},"modified":"2023-06-15T21:35:27","modified_gmt":"2023-06-15T19:35:27","slug":"schullauf-meisterschaften","status":"publish","type":"post","link":"https:\/\/www.willi-graf-schulen.de\/realschule\/schullauf-meisterschaften\/","title":{"rendered":"Schullauf &#8211; Meisterschaften"},"content":{"rendered":"\t\t<div data-elementor-type=\"wp-post\" data-elementor-id=\"5624\" class=\"elementor elementor-5624\" data-elementor-post-type=\"post\">\n\t\t\t\t\t\t<section class=\"elementor-section elementor-top-section elementor-element elementor-element-f32fd52 elementor-section-boxed elementor-section-height-default elementor-section-height-default\" data-id=\"f32fd52\" data-element_type=\"section\" data-e-type=\"section\" data-settings=\"{&quot;jet_parallax_layout_list&quot;:[]}\">\n\t\t\t\t\t\t<div class=\"elementor-container elementor-column-gap-default\">\n\t\t\t\t\t<div class=\"elementor-column elementor-col-100 elementor-top-column elementor-element elementor-element-a320446\" data-id=\"a320446\" data-element_type=\"column\" data-e-type=\"column\">\n\t\t\t<div class=\"elementor-widget-wrap elementor-element-populated\">\n\t\t\t\t\t\t<div class=\"elementor-element elementor-element-ce680e8 elementor-widget elementor-widget-text-editor\" data-id=\"ce680e8\" data-element_type=\"widget\" data-e-type=\"widget\" data-widget_type=\"text-editor.default\">\n\t\t\t\t<div class=\"elementor-widget-container\">\n\t\t\t\t\t\t\t\t\t<h2>\u201eAuf die Pl\u00e4tze, fertig, los\u201c &#8211; Willi Graf erfolgreich bei den Schullaufmeisterschaften in Merzig<\/h2><p>Am Dienstag, den 23. Mai 2023 war es wieder soweit und 46 motivierte L\u00e4ufer\/innen der Jahrgangsstufe 5 und einige ambitionierte L\u00e4ufer\/innen h\u00f6herer Klassenstufen standen ab 8:00 Uhr startbereit auf dem Pausenhof der Willi-Graf-Schulen, um zu den Schullaufmeisterschaften in Merzig aufzubrechen. Schon bevor es losging, versorgte Frau Rehlinger die ersten Sch\u00fcler\/innen mit den Laufshirts in der Hoffnung, dass das Logo der Schule auf den T-Shirts den Teamgeist und das Zusammengeh\u00f6rigkeitsgef\u00fchl st\u00e4rken und keiner bei dem Lauf verloren gehen w\u00fcrde. \u00a0<\/p><p>Nach einer recht unkomplizierten Anreise mit dem Zug empfingen uns Sch\u00fclermengen, bunte Zelte, H\u00fcpfburgen, ein Skatepark, der Geruch von Bratw\u00fcrstchen und nat\u00fcrlich auch das rot-wei\u00dfe Flatterband zur Streckenmarkierung des 2,1 km Laufes. W\u00e4hrend Herr Klein und Herr Meiser bereits einen idealen Treffpunkt gefunden hatten, das Zelt bereits aufgebaut war und wir mit ausreichend Wasser empfangen wurden, verteilten Herr Welsch und Frau d\u2019Aiglepierre die Startnummern f\u00fcr den Lauf. Um 11:10 Uhr starteten dann die ersten L\u00e4uferinnen und k\u00e4mpften mit gro\u00dfem Einsatz f\u00fcr ihre Schule. Das Aufregendste und Anspruchsvollste war sicherlich der Start: Nachdem in der Startzone alle Nummern kontrolliert worden waren, dr\u00e4ngelten sich die jungen Athleten um die Startlinie. Bei 400 Sch\u00fclern im Durchschnitt, erblickten manche nur von weitem das aufgeblasene Starttor. Wie bei einem Rockkonzert animierten vier junge M\u00e4nner die L\u00e4ufer. Nach dem Startschuss ging es zun\u00e4chst nur darum, auf den Beinen zu bleiben und den Ellenbogen der anderen Stand zu halten, bevor man seine Leistung zeigen und unter Beifall der Mitsch\u00fcler seinen Lauf genie\u00dfen konnte.\u00a0Bis auf die letzten Meter vor dem Ziel wurde um die Pl\u00e4tze und jede Minute gek\u00e4mpft.<\/p><p>Auch bei der Siegerehrung der ersten Pl\u00e4tze waren die Willi-Graf Schulen vertreten. Ganz oben auf das Siegertreppchen kam Felix R\u00fcckel aus der Stufe 6 des Willi-Graf Gymnasiums und errang mit schnellen 7:08 Minuten den ersten Platz. Jonas Fahrig aus der Klassenstufe 9 erzielte mit wahnsinnig schnellen 6:47 Minuten den 5. Platz in seiner Altersklasse. Auch Leni Dorst wurde mit tollen 8:15 Minuten F\u00fcnfte. Niels Jung wurde im Lauf 12 (Jahrgang 2009) mit einer beachtlichen Zeit von 7:10 Minuten Sechster. Aus der Stufe 5 konnten sich Clara Carroccia (9:04 min) und Moritz H\u00fcbschen (8:01) \u00fcber den 17. und 20. Platz freuen.\u00a0Ein besonderes Lob gilt Lia Kruse, die in ihrer Altersklasse ihren eigenen Lauf abbrach, um eine ihr unbekannte Mitl\u00e4uferin mit Atemnot zum Sanit\u00e4tsdienst zu bringen: eine selbstlose Aktion, die Lia zwar eine gute Platzierung in ihrem Lauf kostete, aber ihr sehr viel Anerkennung und Lob von allen Seiten einbrachte. <span class=\"Apple-converted-space\">\u00a0<\/span><\/p><p>Allen Teilnehmern gratulieren wir nochmals an dieser Stelle f\u00fcr ihr Engagement und eine tolle Leistung!\u00a0<\/p><p>Im n\u00e4chsten Jahr wird das Willi-Graf Gymnasium sicher wieder dabei sein, wenn es hei\u00dft: \u201eAuf die Pl\u00e4tze, fertig los\u201c.<span class=\"Apple-converted-space\">\u00a0<\/span><\/p>\t\t\t\t\t\t\t\t<\/div>\n\t\t\t\t<\/div>\n\t\t\t\t\t<\/div>\n\t\t<\/div>\n\t\t\t\t\t<\/div>\n\t\t<\/section>\n\t\t\t\t<section class=\"elementor-section elementor-top-section elementor-element elementor-element-f111052 elementor-section-boxed elementor-section-height-default elementor-section-height-default\" data-id=\"f111052\" data-element_type=\"section\" data-e-type=\"section\" data-settings=\"{&quot;jet_parallax_layout_list&quot;:[]}\">\n\t\t\t\t\t\t<div class=\"elementor-container elementor-column-gap-default\">\n\t\t\t\t\t<div class=\"elementor-column elementor-col-100 elementor-top-column elementor-element elementor-element-e688c33\" data-id=\"e688c33\" data-element_type=\"column\" data-e-type=\"column\">\n\t\t\t<div class=\"elementor-widget-wrap elementor-element-populated\">\n\t\t\t\t\t\t<div class=\"elementor-element elementor-element-848c8b7 elementor-widget elementor-widget-gallery\" data-id=\"848c8b7\" data-element_type=\"widget\" data-e-type=\"widget\" data-settings=\"{&quot;lazyload&quot;:&quot;yes&quot;,&quot;gallery_layout&quot;:&quot;grid&quot;,&quot;columns&quot;:4,&quot;columns_tablet&quot;:2,&quot;columns_mobile&quot;:1,&quot;gap&quot;:{&quot;unit&quot;:&quot;px&quot;,&quot;size&quot;:10,&quot;sizes&quot;:[]},&quot;gap_tablet&quot;:{&quot;unit&quot;:&quot;px&quot;,&quot;size&quot;:10,&quot;sizes&quot;:[]},&quot;gap_mobile&quot;:{&quot;unit&quot;:&quot;px&quot;,&quot;size&quot;:10,&quot;sizes&quot;:[]},&quot;link_to&quot;:&quot;file&quot;,&quot;aspect_ratio&quot;:&quot;3:2&quot;,&quot;overlay_background&quot;:&quot;yes&quot;,&quot;content_hover_animation&quot;:&quot;fade-in&quot;}\" data-widget_type=\"gallery.default\">\n\t\t\t\t<div class=\"elementor-widget-container\">\n\t\t\t\t\t\t\t<div class=\"elementor-gallery__container\">\n\t\t\t\t\t\t\t<a class=\"e-gallery-item elementor-gallery-item elementor-animated-content\" href=\"https:\/\/www.willi-graf-schulen.de\/realschule\/wp-content\/uploads\/sites\/4\/2023\/06\/IMG-9485.jpg\" data-elementor-open-lightbox=\"yes\" data-elementor-lightbox-slideshow=\"848c8b7\" data-elementor-lightbox-title=\"IMG-9485\" data-e-action-hash=\"#elementor-action%3Aaction%3Dlightbox%26settings%3DeyJpZCI6NTYyNywidXJsIjoiaHR0cHM6XC9cL3d3dy53aWxsaS1ncmFmLXNjaHVsZW4uZGVcL3JlYWxzY2h1bGVcL3dwLWNvbnRlbnRcL3VwbG9hZHNcL3NpdGVzXC80XC8yMDIzXC8wNlwvSU1HLTk0ODUuanBnIiwic2xpZGVzaG93IjoiODQ4YzhiNyJ9\">\n\t\t\t\t\t<div class=\"e-gallery-image elementor-gallery-item__image\" data-thumbnail=\"https:\/\/www.willi-graf-schulen.de\/realschule\/wp-content\/uploads\/sites\/4\/2023\/06\/IMG-9485-300x225.jpg\" data-width=\"300\" data-height=\"225\" aria-label=\"\" role=\"img\" ><\/div>\n\t\t\t\t\t\t\t\t\t\t\t<div class=\"elementor-gallery-item__overlay\"><\/div>\n\t\t\t\t\t\t\t\t\t\t\t\t\t\t<\/a>\n\t\t\t\t\t\t\t<a class=\"e-gallery-item elementor-gallery-item elementor-animated-content\" href=\"https:\/\/www.willi-graf-schulen.de\/realschule\/wp-content\/uploads\/sites\/4\/2023\/06\/IMG-9490.jpg\" data-elementor-open-lightbox=\"yes\" data-elementor-lightbox-slideshow=\"848c8b7\" data-elementor-lightbox-title=\"IMG-9490\" data-e-action-hash=\"#elementor-action%3Aaction%3Dlightbox%26settings%3DeyJpZCI6NTYyNiwidXJsIjoiaHR0cHM6XC9cL3d3dy53aWxsaS1ncmFmLXNjaHVsZW4uZGVcL3JlYWxzY2h1bGVcL3dwLWNvbnRlbnRcL3VwbG9hZHNcL3NpdGVzXC80XC8yMDIzXC8wNlwvSU1HLTk0OTAuanBnIiwic2xpZGVzaG93IjoiODQ4YzhiNyJ9\">\n\t\t\t\t\t<div class=\"e-gallery-image elementor-gallery-item__image\" data-thumbnail=\"https:\/\/www.willi-graf-schulen.de\/realschule\/wp-content\/uploads\/sites\/4\/2023\/06\/IMG-9490-300x225.jpg\" data-width=\"300\" data-height=\"225\" aria-label=\"\" role=\"img\" ><\/div>\n\t\t\t\t\t\t\t\t\t\t\t<div class=\"elementor-gallery-item__overlay\"><\/div>\n\t\t\t\t\t\t\t\t\t\t\t\t\t\t<\/a>\n\t\t\t\t\t\t\t<a class=\"e-gallery-item elementor-gallery-item elementor-animated-content\" href=\"https:\/\/www.willi-graf-schulen.de\/realschule\/wp-content\/uploads\/sites\/4\/2023\/06\/IMG-9491.jpg\" data-elementor-open-lightbox=\"yes\" data-elementor-lightbox-slideshow=\"848c8b7\" data-elementor-lightbox-title=\"IMG-9491\" data-e-action-hash=\"#elementor-action%3Aaction%3Dlightbox%26settings%3DeyJpZCI6NTYyNSwidXJsIjoiaHR0cHM6XC9cL3d3dy53aWxsaS1ncmFmLXNjaHVsZW4uZGVcL3JlYWxzY2h1bGVcL3dwLWNvbnRlbnRcL3VwbG9hZHNcL3NpdGVzXC80XC8yMDIzXC8wNlwvSU1HLTk0OTEuanBnIiwic2xpZGVzaG93IjoiODQ4YzhiNyJ9\">\n\t\t\t\t\t<div class=\"e-gallery-image elementor-gallery-item__image\" data-thumbnail=\"https:\/\/www.willi-graf-schulen.de\/realschule\/wp-content\/uploads\/sites\/4\/2023\/06\/IMG-9491-300x225.jpg\" data-width=\"300\" data-height=\"225\" aria-label=\"\" role=\"img\" ><\/div>\n\t\t\t\t\t\t\t\t\t\t\t<div class=\"elementor-gallery-item__overlay\"><\/div>\n\t\t\t\t\t\t\t\t\t\t\t\t\t\t<\/a>\n\t\t\t\t\t<\/div>\n\t\t\t\t\t<\/div>\n\t\t\t\t<\/div>\n\t\t\t\t\t<\/div>\n\t\t<\/div>\n\t\t\t\t\t<\/div>\n\t\t<\/section>\n\t\t\t\t<\/div>\n\t\t","protected":false},"excerpt":{"rendered":"<p>\u201eAuf die Pl\u00e4tze, fertig, los\u201c &#8211; Willi Graf erfolgreich bei den Schullaufmeisterschaften in Merzig Am Dienstag, den 23. Mai 2023 war es wieder soweit und 46 motivierte L\u00e4ufer\/innen der Jahrgangsstufe 5 und einige ambitionierte L\u00e4ufer\/innen h\u00f6herer Klassenstufen standen ab 8:00 Uhr startbereit auf dem Pausenhof der Willi-Graf-Schulen, um zu den Schullaufmeisterschaften in Merzig aufzubrechen. Schon [&hellip;]<\/p>\n","protected":false},"author":7,"featured_media":0,"comment_status":"open","ping_status":"open","sticky":false,"template":"","format":"standard","meta":{"footnotes":""},"categories":[6],"tags":[],"class_list":["post-5624","post","type-post","status-publish","format-standard","hentry","category-aktuelles"],"_links":{"self":[{"href":"https:\/\/www.willi-graf-schulen.de\/realschule\/wp-json\/wp\/v2\/posts\/5624","targetHints":{"allow":["GET"]}}],"collection":[{"href":"https:\/\/www.willi-graf-schulen.de\/realschule\/wp-json\/wp\/v2\/posts"}],"about":[{"href":"https:\/\/www.willi-graf-schulen.de\/realschule\/wp-json\/wp\/v2\/types\/post"}],"author":[{"embeddable":true,"href":"https:\/\/www.willi-graf-schulen.de\/realschule\/wp-json\/wp\/v2\/users\/7"}],"replies":[{"embeddable":true,"href":"https:\/\/www.willi-graf-schulen.de\/realschule\/wp-json\/wp\/v2\/comments?post=5624"}],"version-history":[{"count":8,"href":"https:\/\/www.willi-graf-schulen.de\/realschule\/wp-json\/wp\/v2\/posts\/5624\/revisions"}],"predecessor-version":[{"id":5680,"href":"https:\/\/www.willi-graf-schulen.de\/realschule\/wp-json\/wp\/v2\/posts\/5624\/revisions\/5680"}],"wp:attachment":[{"href":"https:\/\/www.willi-graf-schulen.de\/realschule\/wp-json\/wp\/v2\/media?parent=5624"}],"wp:term":[{"taxonomy":"category","embeddable":true,"href":"https:\/\/www.willi-graf-schulen.de\/realschule\/wp-json\/wp\/v2\/categories?post=5624"},{"taxonomy":"post_tag","embeddable":true,"href":"https:\/\/www.willi-graf-schulen.de\/realschule\/wp-json\/wp\/v2\/tags?post=5624"}],"curies":[{"name":"wp","href":"https:\/\/api.w.org\/{rel}","templated":true}]}}