{"id":5632,"date":"2023-06-15T21:16:03","date_gmt":"2023-06-15T19:16:03","guid":{"rendered":"https:\/\/www.willi-graf-schulen.de\/realschule\/?p=5632"},"modified":"2023-06-15T21:34:55","modified_gmt":"2023-06-15T19:34:55","slug":"stadt-radeln","status":"publish","type":"post","link":"https:\/\/www.willi-graf-schulen.de\/realschule\/stadt-radeln\/","title":{"rendered":"Stadt Radeln"},"content":{"rendered":"\t\t<div data-elementor-type=\"wp-post\" data-elementor-id=\"5632\" class=\"elementor elementor-5632\" data-elementor-post-type=\"post\">\n\t\t\t\t\t\t<section class=\"elementor-section elementor-top-section elementor-element elementor-element-a220f83 elementor-section-boxed elementor-section-height-default elementor-section-height-default\" data-id=\"a220f83\" data-element_type=\"section\" data-e-type=\"section\" data-settings=\"{&quot;jet_parallax_layout_list&quot;:[]}\">\n\t\t\t\t\t\t<div class=\"elementor-container elementor-column-gap-default\">\n\t\t\t\t\t<div class=\"elementor-column elementor-col-100 elementor-top-column elementor-element elementor-element-333d2ee\" data-id=\"333d2ee\" data-element_type=\"column\" data-e-type=\"column\">\n\t\t\t<div class=\"elementor-widget-wrap elementor-element-populated\">\n\t\t\t\t\t\t<div class=\"elementor-element elementor-element-17e39a3 elementor-widget elementor-widget-text-editor\" data-id=\"17e39a3\" data-element_type=\"widget\" data-e-type=\"widget\" data-widget_type=\"text-editor.default\">\n\t\t\t\t<div class=\"elementor-widget-container\">\n\t\t\t\t\t\t\t\t\t<h2>STADTRADELN<\/h2><p>wird vom Klima-B\u00fcndnis, dem gr\u00f6\u00dften Netzwerk von St\u00e4dten, Gemeinden und Landkreisen, zum Schutz des Weltklimas veranstaltet. Im Mittelpunkt steht die F\u00f6rderung des Fahrrades als Null-Emissions-Fahrzeug im Stra\u00dfenverkehr. Bei diesem Wettbewerb treten Teams innerhalb der Kommunen gegeneinander an und sammeln 21 Tage lang emissionsfreie Kilometer. Am Ende werden die engagiertesten und die fahrradaktivsten Teams ausgezeichnet.<\/p><p>An dieser Aktion k\u00f6nnen Sch\u00fcler aller Klassenstufen, Lehrer und Eltern und Geschwister freiwillig und auf eigene Gefahr teilnehmen.\u00a0<\/p><p>Voraussetzung ist zun\u00e4chst das Registrieren auf der <b>Homepage <\/b><a href=\"http:\/\/www.stadtradeln.de\/\"><b>www.stadtradeln.de<\/b><\/a>. Dort findet ihr unser Team unter Bundesland: Saarland; Kommune: Regionalverband SB, Hauptstadt Saarbr\u00fccken ausw\u00e4hlen. Schule: Willi-Graf-Schulen. Dort k\u00f6nnt ihr auch noch Unterteams (z.B. Klassen) gr\u00fcnden. Wenn ihr euch beim <b>Wheelie Grafs\u00a0<\/b>Team registriert habt, kann es losgehen. F\u00fcr jeden mit dem Fahrrad zur\u00fcckgelegten Weg k\u00f6nnt ihr die Kilometer auf der STADTRADELN-Homepage in eurem Kilometer-Buch eintragen.\u00a0<\/p><p>Am Ende der Aktion winken Geld- und Sachpreise f\u00fcr die Schule! \u2013 Die <b>Stadtradel-App <\/b>hilft beim Kilometerz\u00e4hlen und kann einfach auf dem Handy installiert werden.<\/p><p>Bei Fragen zur STADTRADEL-Anmeldung wendet ihr euch an das <b>Wheelie Grafs\u00a0<\/b>Team<b>. <\/b>Infos zum Stadtradeln findet ihr an der <b>Wheelie Grafs\u00a0<\/b>Stellwand im Foyer Haupteingang.\u00a0<\/p>\t\t\t\t\t\t\t\t<\/div>\n\t\t\t\t<\/div>\n\t\t\t\t\t<\/div>\n\t\t<\/div>\n\t\t\t\t\t<\/div>\n\t\t<\/section>\n\t\t\t\t<section class=\"elementor-section elementor-top-section elementor-element elementor-element-562bbe0 elementor-section-boxed elementor-section-height-default elementor-section-height-default\" data-id=\"562bbe0\" data-element_type=\"section\" data-e-type=\"section\" data-settings=\"{&quot;jet_parallax_layout_list&quot;:[]}\">\n\t\t\t\t\t\t<div class=\"elementor-container elementor-column-gap-default\">\n\t\t\t\t\t<div class=\"elementor-column elementor-col-100 elementor-top-column elementor-element elementor-element-ba2aebf\" data-id=\"ba2aebf\" data-element_type=\"column\" data-e-type=\"column\">\n\t\t\t<div class=\"elementor-widget-wrap elementor-element-populated\">\n\t\t\t\t\t\t<div class=\"elementor-element elementor-element-5cfa39b elementor-widget elementor-widget-text-editor\" data-id=\"5cfa39b\" data-element_type=\"widget\" data-e-type=\"widget\" data-widget_type=\"text-editor.default\">\n\t\t\t\t<div class=\"elementor-widget-container\">\n\t\t\t\t\t\t\t\t\t<p><a href=\"https:\/\/www.willi-graf-schulen.de\/realschule\/wp-content\/uploads\/sites\/4\/2023\/06\/Flyer_Stadt-SchulradelnSaar2023_sw-3.pdf\" target=\"_blank\" rel=\"noopener\">Flyer zum Stadtradeln&#8230;. hier lesen<\/a><\/p>\t\t\t\t\t\t\t\t<\/div>\n\t\t\t\t<\/div>\n\t\t\t\t\t<\/div>\n\t\t<\/div>\n\t\t\t\t\t<\/div>\n\t\t<\/section>\n\t\t\t\t<section class=\"elementor-section elementor-top-section elementor-element elementor-element-8e17784 elementor-section-boxed elementor-section-height-default elementor-section-height-default\" data-id=\"8e17784\" data-element_type=\"section\" data-e-type=\"section\" data-settings=\"{&quot;jet_parallax_layout_list&quot;:[]}\">\n\t\t\t\t\t\t<div class=\"elementor-container elementor-column-gap-default\">\n\t\t\t\t\t<div class=\"elementor-column elementor-col-100 elementor-top-column elementor-element elementor-element-dcbfaf8\" data-id=\"dcbfaf8\" data-element_type=\"column\" data-e-type=\"column\">\n\t\t\t<div class=\"elementor-widget-wrap elementor-element-populated\">\n\t\t\t\t\t\t<div class=\"elementor-element elementor-element-0e0bf28 elementor-widget elementor-widget-image\" data-id=\"0e0bf28\" data-element_type=\"widget\" data-e-type=\"widget\" data-widget_type=\"image.default\">\n\t\t\t\t<div class=\"elementor-widget-container\">\n\t\t\t\t\t\t\t\t\t\t\t\t\t\t\t<img decoding=\"async\" src=\"https:\/\/www.willi-graf-schulen.de\/realschule\/wp-content\/uploads\/sites\/4\/2023\/06\/Plakat-SchulradelnSaar-2023_Druckversion-2.jpg\" title=\"\" alt=\"\" loading=\"lazy\" \/>\t\t\t\t\t\t\t\t\t\t\t\t\t\t\t<\/div>\n\t\t\t\t<\/div>\n\t\t\t\t\t<\/div>\n\t\t<\/div>\n\t\t\t\t\t<\/div>\n\t\t<\/section>\n\t\t\t\t<section class=\"elementor-section elementor-top-section elementor-element elementor-element-247008b elementor-section-boxed elementor-section-height-default elementor-section-height-default\" data-id=\"247008b\" data-element_type=\"section\" data-e-type=\"section\" data-settings=\"{&quot;jet_parallax_layout_list&quot;:[]}\">\n\t\t\t\t\t\t<div class=\"elementor-container elementor-column-gap-default\">\n\t\t\t\t\t<div class=\"elementor-column elementor-col-100 elementor-top-column elementor-element elementor-element-212cc27\" data-id=\"212cc27\" data-element_type=\"column\" data-e-type=\"column\">\n\t\t\t<div class=\"elementor-widget-wrap elementor-element-populated\">\n\t\t\t\t\t\t\t<\/div>\n\t\t<\/div>\n\t\t\t\t\t<\/div>\n\t\t<\/section>\n\t\t\t\t<\/div>\n\t\t","protected":false},"excerpt":{"rendered":"<p>STADTRADELN wird vom Klima-B\u00fcndnis, dem gr\u00f6\u00dften Netzwerk von St\u00e4dten, Gemeinden und Landkreisen, zum Schutz des Weltklimas veranstaltet. Im Mittelpunkt steht die F\u00f6rderung des Fahrrades als Null-Emissions-Fahrzeug im Stra\u00dfenverkehr. Bei diesem Wettbewerb treten Teams innerhalb der Kommunen gegeneinander an und sammeln 21 Tage lang emissionsfreie Kilometer. Am Ende werden die engagiertesten und die fahrradaktivsten Teams ausgezeichnet. [&hellip;]<\/p>\n","protected":false},"author":7,"featured_media":0,"comment_status":"open","ping_status":"open","sticky":false,"template":"","format":"standard","meta":{"footnotes":""},"categories":[6],"tags":[],"class_list":["post-5632","post","type-post","status-publish","format-standard","hentry","category-aktuelles"],"_links":{"self":[{"href":"https:\/\/www.willi-graf-schulen.de\/realschule\/wp-json\/wp\/v2\/posts\/5632","targetHints":{"allow":["GET"]}}],"collection":[{"href":"https:\/\/www.willi-graf-schulen.de\/realschule\/wp-json\/wp\/v2\/posts"}],"about":[{"href":"https:\/\/www.willi-graf-schulen.de\/realschule\/wp-json\/wp\/v2\/types\/post"}],"author":[{"embeddable":true,"href":"https:\/\/www.willi-graf-schulen.de\/realschule\/wp-json\/wp\/v2\/users\/7"}],"replies":[{"embeddable":true,"href":"https:\/\/www.willi-graf-schulen.de\/realschule\/wp-json\/wp\/v2\/comments?post=5632"}],"version-history":[{"count":11,"href":"https:\/\/www.willi-graf-schulen.de\/realschule\/wp-json\/wp\/v2\/posts\/5632\/revisions"}],"predecessor-version":[{"id":5679,"href":"https:\/\/www.willi-graf-schulen.de\/realschule\/wp-json\/wp\/v2\/posts\/5632\/revisions\/5679"}],"wp:attachment":[{"href":"https:\/\/www.willi-graf-schulen.de\/realschule\/wp-json\/wp\/v2\/media?parent=5632"}],"wp:term":[{"taxonomy":"category","embeddable":true,"href":"https:\/\/www.willi-graf-schulen.de\/realschule\/wp-json\/wp\/v2\/categories?post=5632"},{"taxonomy":"post_tag","embeddable":true,"href":"https:\/\/www.willi-graf-schulen.de\/realschule\/wp-json\/wp\/v2\/tags?post=5632"}],"curies":[{"name":"wp","href":"https:\/\/api.w.org\/{rel}","templated":true}]}}