{"id":5682,"date":"2023-07-01T06:59:54","date_gmt":"2023-07-01T04:59:54","guid":{"rendered":"https:\/\/www.willi-graf-schulen.de\/realschule\/?p=5682"},"modified":"2023-07-01T14:41:43","modified_gmt":"2023-07-01T12:41:43","slug":"ferien-programm","status":"publish","type":"post","link":"https:\/\/www.willi-graf-schulen.de\/realschule\/ferien-programm\/","title":{"rendered":"Ferien &#8211; Programm"},"content":{"rendered":"\t\t<div data-elementor-type=\"wp-post\" data-elementor-id=\"5682\" class=\"elementor elementor-5682\" data-elementor-post-type=\"post\">\n\t\t\t\t\t\t<section class=\"elementor-section elementor-top-section elementor-element elementor-element-0e9e1bf elementor-section-boxed elementor-section-height-default elementor-section-height-default\" data-id=\"0e9e1bf\" data-element_type=\"section\" data-e-type=\"section\" data-settings=\"{&quot;jet_parallax_layout_list&quot;:[]}\">\n\t\t\t\t\t\t<div class=\"elementor-container elementor-column-gap-default\">\n\t\t\t\t\t<div class=\"elementor-column elementor-col-100 elementor-top-column elementor-element elementor-element-e1b7dc3\" data-id=\"e1b7dc3\" data-element_type=\"column\" data-e-type=\"column\">\n\t\t\t<div class=\"elementor-widget-wrap elementor-element-populated\">\n\t\t\t\t\t\t<div class=\"elementor-element elementor-element-9187537 elementor-widget elementor-widget-text-editor\" data-id=\"9187537\" data-element_type=\"widget\" data-e-type=\"widget\" data-widget_type=\"text-editor.default\">\n\t\t\t\t<div class=\"elementor-widget-container\">\n\t\t\t\t\t\t\t\t\t<div><p>Liebe Eltern,<\/p><p>hier ist das <a href=\"https:\/\/www.willi-graf-schulen.de\/realschule\/wp-content\/uploads\/sites\/4\/2023\/07\/Sommerferien_23.pdf\" target=\"_blank\" rel=\"noopener\">Sommerferienprogramm&#8230; (einfach hier klicken).<\/a><\/p><p>Da wir noch keinen Nachfolger f\u00fcr Frau Wolter gefunden haben, k\u00f6nnen wir eine Betreuung bis maximal 15.15 Uhr anbieten.<\/p><p>Das hei\u00dft,\u00a0<strong>die Ferienbetreuung l\u00e4uft t\u00e4glich von 8.00-15.15 Uhr<\/strong><\/p><p>Bitte f\u00fcllen Sie die Anmeldung aus und geben Sie sie Ihrem Kind unterschrieben mit. Oder schicken Sie es uns per Mail an:\u00a0\u00a0<b><a href=\"mailto:gonzalez.fgts.wgs@web.de\">gonzalez.fgts.wgs@web.de<\/a><\/b>\u00a0bis sp\u00e4testens 13.07.2023.<\/p><p>Viele Gr\u00fc\u00dfe<br \/>G. Gonz\u00e1lez<\/p><\/div>\t\t\t\t\t\t\t\t<\/div>\n\t\t\t\t<\/div>\n\t\t\t\t\t<\/div>\n\t\t<\/div>\n\t\t\t\t\t<\/div>\n\t\t<\/section>\n\t\t\t\t<section class=\"elementor-section elementor-top-section elementor-element elementor-element-1e4471e elementor-section-boxed elementor-section-height-default elementor-section-height-default\" data-id=\"1e4471e\" data-element_type=\"section\" data-e-type=\"section\" data-settings=\"{&quot;jet_parallax_layout_list&quot;:[]}\">\n\t\t\t\t\t\t<div class=\"elementor-container elementor-column-gap-default\">\n\t\t\t\t\t<div class=\"elementor-column elementor-col-100 elementor-top-column elementor-element elementor-element-81e88b9\" data-id=\"81e88b9\" data-element_type=\"column\" data-e-type=\"column\">\n\t\t\t<div class=\"elementor-widget-wrap elementor-element-populated\">\n\t\t\t\t\t\t<div class=\"elementor-element elementor-element-fe8c233 elementor-widget elementor-widget-image\" data-id=\"fe8c233\" data-element_type=\"widget\" data-e-type=\"widget\" data-widget_type=\"image.default\">\n\t\t\t\t<div class=\"elementor-widget-container\">\n\t\t\t\t\t\t\t\t\t\t\t\t\t\t\t\t<a href=\"https:\/\/www.willi-graf-schulen.de\/realschule\/wp-content\/uploads\/sites\/4\/2023\/07\/Sommerferien_23.pdf\">\n\t\t\t\t\t\t\t<img decoding=\"async\" src=\"https:\/\/www.willi-graf-schulen.de\/realschule\/wp-content\/uploads\/sites\/4\/2023\/07\/Gelb-Blau-Sommer-Ferien-Strand-Instagram-Story.jpg\" title=\"\" alt=\"\" loading=\"lazy\" \/>\t\t\t\t\t\t\t\t<\/a>\n\t\t\t\t\t\t\t\t\t\t\t\t\t\t\t<\/div>\n\t\t\t\t<\/div>\n\t\t\t\t\t<\/div>\n\t\t<\/div>\n\t\t\t\t\t<\/div>\n\t\t<\/section>\n\t\t\t\t<\/div>\n\t\t","protected":false},"excerpt":{"rendered":"<p>Liebe Eltern, hier ist das Sommerferienprogramm&#8230; (einfach hier klicken). Da wir noch keinen Nachfolger f\u00fcr Frau Wolter gefunden haben, k\u00f6nnen wir eine Betreuung bis maximal 15.15 Uhr anbieten. Das hei\u00dft,\u00a0die Ferienbetreuung l\u00e4uft t\u00e4glich von 8.00-15.15 Uhr Bitte f\u00fcllen Sie die Anmeldung aus und geben Sie sie Ihrem Kind unterschrieben mit. Oder schicken Sie es uns [&hellip;]<\/p>\n","protected":false},"author":7,"featured_media":0,"comment_status":"open","ping_status":"open","sticky":false,"template":"","format":"standard","meta":{"footnotes":""},"categories":[6],"tags":[],"class_list":["post-5682","post","type-post","status-publish","format-standard","hentry","category-aktuelles"],"_links":{"self":[{"href":"https:\/\/www.willi-graf-schulen.de\/realschule\/wp-json\/wp\/v2\/posts\/5682","targetHints":{"allow":["GET"]}}],"collection":[{"href":"https:\/\/www.willi-graf-schulen.de\/realschule\/wp-json\/wp\/v2\/posts"}],"about":[{"href":"https:\/\/www.willi-graf-schulen.de\/realschule\/wp-json\/wp\/v2\/types\/post"}],"author":[{"embeddable":true,"href":"https:\/\/www.willi-graf-schulen.de\/realschule\/wp-json\/wp\/v2\/users\/7"}],"replies":[{"embeddable":true,"href":"https:\/\/www.willi-graf-schulen.de\/realschule\/wp-json\/wp\/v2\/comments?post=5682"}],"version-history":[{"count":19,"href":"https:\/\/www.willi-graf-schulen.de\/realschule\/wp-json\/wp\/v2\/posts\/5682\/revisions"}],"predecessor-version":[{"id":5706,"href":"https:\/\/www.willi-graf-schulen.de\/realschule\/wp-json\/wp\/v2\/posts\/5682\/revisions\/5706"}],"wp:attachment":[{"href":"https:\/\/www.willi-graf-schulen.de\/realschule\/wp-json\/wp\/v2\/media?parent=5682"}],"wp:term":[{"taxonomy":"category","embeddable":true,"href":"https:\/\/www.willi-graf-schulen.de\/realschule\/wp-json\/wp\/v2\/categories?post=5682"},{"taxonomy":"post_tag","embeddable":true,"href":"https:\/\/www.willi-graf-schulen.de\/realschule\/wp-json\/wp\/v2\/tags?post=5682"}],"curies":[{"name":"wp","href":"https:\/\/api.w.org\/{rel}","templated":true}]}}